{"id":53817,"date":"2014-12-03T09:06:48","date_gmt":"2014-12-03T12:06:48","guid":{"rendered":"http:\/\/www.eltrabajo.cl\/portal\/?p=53817"},"modified":"2014-12-03T09:06:48","modified_gmt":"2014-12-03T12:06:48","slug":"vecinas-piden-cuidar-y-no-destruir-jardin-y-mural-que-da-la-bienvenida-a-la-comuna","status":"publish","type":"post","link":"https:\/\/eltrabajo.cl\/portal\/vecinas-piden-cuidar-y-no-destruir-jardin-y-mural-que-da-la-bienvenida-a-la-comuna\/","title":{"rendered":"Vecinas piden cuidar y no destruir jard\u00edn y mural que da la bienvenida a la comuna"},"content":{"rendered":"<figure id=\"attachment_53818\" aria-describedby=\"caption-attachment-53818\" style=\"width: 529px\" class=\"wp-caption alignnone\"><a href=\"https:\/\/i0.wp.com\/www.eltrabajo.cl\/portal\/wp-content\/uploads\/2014\/12\/Jardin1.jpg\"><img data-recalc-dims=\"1\" loading=\"lazy\" decoding=\"async\" class=\"size-full wp-image-53818\" src=\"https:\/\/i0.wp.com\/www.eltrabajo.cl\/portal\/wp-content\/uploads\/2014\/12\/Jardin1.jpg?resize=529%2C310\" alt=\"Un grupo de vecinas que viven en calles Comercio, Eduardo Weggener y Ej\u00e9rcito Libertador, hicieron un llamado a la comunidad para que cuiden y no ocasionen da\u00f1os a un jard\u00edn y un mural que se encuentran a la entrada de Putaendo.\" width=\"529\" height=\"310\" srcset=\"https:\/\/i0.wp.com\/eltrabajo.cl\/portal\/wp-content\/uploads\/2014\/12\/Jardin1.jpg?w=529&amp;ssl=1 529w, https:\/\/i0.wp.com\/eltrabajo.cl\/portal\/wp-content\/uploads\/2014\/12\/Jardin1.jpg?resize=200%2C117&amp;ssl=1 200w, https:\/\/i0.wp.com\/eltrabajo.cl\/portal\/wp-content\/uploads\/2014\/12\/Jardin1.jpg?resize=300%2C175&amp;ssl=1 300w, https:\/\/i0.wp.com\/eltrabajo.cl\/portal\/wp-content\/uploads\/2014\/12\/Jardin1.jpg?resize=150%2C87&amp;ssl=1 150w, https:\/\/i0.wp.com\/eltrabajo.cl\/portal\/wp-content\/uploads\/2014\/12\/Jardin1.jpg?resize=400%2C234&amp;ssl=1 400w\" sizes=\"auto, (max-width: 529px) 100vw, 529px\" \/><\/a><figcaption id=\"caption-attachment-53818\" class=\"wp-caption-text\">Un grupo de vecinas que viven en calles Comercio, Eduardo Weggener y Ej\u00e9rcito Libertador, hicieron un llamado a la comunidad para que cuiden y no ocasionen da\u00f1os a un jard\u00edn y un mural que se encuentran a la entrada de Putaendo.<\/figcaption><\/figure>\n<p><strong>PUTAENDO<\/strong>.- Un grupo de vecinas que viven en calles Comercio, Eduardo Weggener y Ej\u00e9rcito Libertador, hicieron un llamado a la comunidad para que cuiden y no ocasionen da\u00f1os a un jard\u00edn y un mural que se encuentran a la entrada de Putaendo y que simb\u00f3licamente recibe a nuestros visitantes.<br \/>\nA nombre de estas vecinas, Marcela Castillo, indic\u00f3 que d\u00edas atr\u00e1s y ya en forma reiterada, las plantas que ah\u00ed fueron ubicadas fueron arrancadas y destruidas, no por un animal, sino claramente por algunas personas que quisieron ocasionar da\u00f1os.<br \/>\nCastillo record\u00f3 que eso era un basural donde personas de distintos sectores arrojaban sus desperdicios, hasta que un grupo de j\u00f3venes del Colectivo Galer\u00eda al Aire Libre, encabezados por Susana Gallardo, limpiaron y pintaron un hermoso mural para dar la bienvenida a quienes visitan Putaendo, y luego ella y un grupo de vecinas decidieron crear ah\u00ed un hermoso jard\u00edn, el cual han mantenido con mucho esfuerzo.<br \/>\nPosteriormente, las vecinas consiguieron con el municipio algunas rejas de jardines en desuso, las que repararon y luego construyeron un peque\u00f1o muro para dar forma a un hermoso jard\u00edn, que hoy es cuidado con cari\u00f1o por todos quienes viven en el sector. Marcela Castillo pidi\u00f3 cuidar ese lugar, pues no da\u00f1a a nadie, y muy por el contrario, de una manera humilde pero muy significativa, recibe a quienes a diario visitan la comuna de Putaendo.<br \/>\nPatricio Gallardo M.<\/p>\n","protected":false},"excerpt":{"rendered":"<p>PUTAENDO.- Un grupo de vecinas que viven en calles Comercio, Eduardo Weggener y Ej\u00e9rcito Libertador, hicieron un llamado a la comunidad para que cuiden y no ocasionen da\u00f1os a un jard\u00edn y&#8230;<\/p>\n","protected":false},"author":482,"featured_media":53818,"comment_status":"open","ping_status":"closed","sticky":false,"template":"","format":"standard","meta":{"advanced_seo_description":"","jetpack_seo_html_title":"","jetpack_seo_noindex":false,"_jetpack_memberships_contains_paid_content":false,"footnotes":""},"categories":[15],"tags":[],"class_list":["post-53817","post","type-post","status-publish","format-standard","has-post-thumbnail","hentry","category-comunidad"],"jetpack_featured_media_url":"https:\/\/i0.wp.com\/eltrabajo.cl\/portal\/wp-content\/uploads\/2014\/12\/Jardin1.jpg?fit=529%2C310&ssl=1","jetpack_sharing_enabled":true,"jetpack_likes_enabled":true,"jetpack-related-posts":[],"_links":{"self":[{"href":"https:\/\/eltrabajo.cl\/portal\/wp-json\/wp\/v2\/posts\/53817","targetHints":{"allow":["GET"]}}],"collection":[{"href":"https:\/\/eltrabajo.cl\/portal\/wp-json\/wp\/v2\/posts"}],"about":[{"href":"https:\/\/eltrabajo.cl\/portal\/wp-json\/wp\/v2\/types\/post"}],"author":[{"embeddable":true,"href":"https:\/\/eltrabajo.cl\/portal\/wp-json\/wp\/v2\/users\/482"}],"replies":[{"embeddable":true,"href":"https:\/\/eltrabajo.cl\/portal\/wp-json\/wp\/v2\/comments?post=53817"}],"version-history":[{"count":0,"href":"https:\/\/eltrabajo.cl\/portal\/wp-json\/wp\/v2\/posts\/53817\/revisions"}],"wp:featuredmedia":[{"embeddable":true,"href":"https:\/\/eltrabajo.cl\/portal\/wp-json\/wp\/v2\/media\/53818"}],"wp:attachment":[{"href":"https:\/\/eltrabajo.cl\/portal\/wp-json\/wp\/v2\/media?parent=53817"}],"wp:term":[{"taxonomy":"category","embeddable":true,"href":"https:\/\/eltrabajo.cl\/portal\/wp-json\/wp\/v2\/categories?post=53817"},{"taxonomy":"post_tag","embeddable":true,"href":"https:\/\/eltrabajo.cl\/portal\/wp-json\/wp\/v2\/tags?post=53817"}],"curies":[{"name":"wp","href":"https:\/\/api.w.org\/{rel}","templated":true}]}}