{"id":53820,"date":"2014-12-03T09:07:43","date_gmt":"2014-12-03T12:07:43","guid":{"rendered":"http:\/\/www.eltrabajo.cl\/portal\/?p=53820"},"modified":"2014-12-03T09:07:43","modified_gmt":"2014-12-03T12:07:43","slug":"ocho-organizaciones-reciben-recursos-del-fondeve","status":"publish","type":"post","link":"https:\/\/eltrabajo.cl\/portal\/ocho-organizaciones-reciben-recursos-del-fondeve\/","title":{"rendered":"Ocho organizaciones reciben recursos del Fondeve"},"content":{"rendered":"<figure id=\"attachment_53821\" aria-describedby=\"caption-attachment-53821\" style=\"width: 528px\" class=\"wp-caption alignnone\"><a href=\"https:\/\/i0.wp.com\/www.eltrabajo.cl\/portal\/wp-content\/uploads\/2014\/12\/Fondeve1.jpg\"><img data-recalc-dims=\"1\" loading=\"lazy\" decoding=\"async\" class=\"size-full wp-image-53821\" src=\"https:\/\/i0.wp.com\/www.eltrabajo.cl\/portal\/wp-content\/uploads\/2014\/12\/Fondeve1.jpg?resize=528%2C267\" alt=\"Se trata de juntas de vecinos que postularon a recursos para ejecutar obras de mejoramiento en sus respectivos sectores.\" width=\"528\" height=\"267\" srcset=\"https:\/\/i0.wp.com\/eltrabajo.cl\/portal\/wp-content\/uploads\/2014\/12\/Fondeve1.jpg?w=528&amp;ssl=1 528w, https:\/\/i0.wp.com\/eltrabajo.cl\/portal\/wp-content\/uploads\/2014\/12\/Fondeve1.jpg?resize=200%2C101&amp;ssl=1 200w, https:\/\/i0.wp.com\/eltrabajo.cl\/portal\/wp-content\/uploads\/2014\/12\/Fondeve1.jpg?resize=300%2C151&amp;ssl=1 300w, https:\/\/i0.wp.com\/eltrabajo.cl\/portal\/wp-content\/uploads\/2014\/12\/Fondeve1.jpg?resize=150%2C75&amp;ssl=1 150w, https:\/\/i0.wp.com\/eltrabajo.cl\/portal\/wp-content\/uploads\/2014\/12\/Fondeve1.jpg?resize=400%2C202&amp;ssl=1 400w\" sizes=\"auto, (max-width: 528px) 100vw, 528px\" \/><\/a><figcaption id=\"caption-attachment-53821\" class=\"wp-caption-text\">Se trata de juntas de vecinos que postularon a recursos para ejecutar obras de mejoramiento en sus respectivos sectores.<\/figcaption><\/figure>\n<p><strong>PANQUEHUE<\/strong>.- Un total de ocho organizaciones de la comuna se adjudicaron recursos a trav\u00e9s del Fondo de Desarrollo Vecinal (Fondeve). El fondo es un programa de la Municipalidad de Panquehue que busca apoyar iniciativas creadas por las juntas de vecinos, para que en un esfuerzo conjunto generen ideas que los lleven a solucionar problemas o satisfacer necesidades espec\u00edficas que afectan su organizaci\u00f3n, integrantes y comunidad en general.<br \/>\nEste programa &#8211; explic\u00f3 el Alcalde Luis Pradenas &#8211; tiene como objetivo fortalecer las capacidades y la gesti\u00f3n de las organizaciones comunitarias; estimular el dise\u00f1o y ejecuci\u00f3n de proyectos que permitan dar soluci\u00f3n a problemas detectados por las juntas vecinales; estimular la participaci\u00f3n y la asociatividad de la comunidad y fomentar la participaci\u00f3n a partir de las necesidades propias presentadas por cada organizaci\u00f3n.<br \/>\nEn esta oportunidad fueron once las juntas de vecinos que postularon al Fondo, siendo evaluados por parte de una comisi\u00f3n municipal, quedando finalmente ocho seleccionadas.<br \/>\nLas organizaciones beneficiadas son Unco Panquehue, con el proyecto mejoramiento para la comunidad de Villa El Bosque con una asignaci\u00f3n de $500.000; Junta de vecinos N\u00ba 6 Escorial, con el proyecto mejorando para la comunidad con $ 499.470; Junta de vecinos Villa Lo Campo con el proyecto mejoramiento ba\u00f1os sede social con $ 500.000; la Junta de vecinos Vi\u00f1a Err\u00e1zurriz con el proyecto implementaci\u00f3n y reparaci\u00f3n de la sede junta de vecinos con $ 500.000; la Junta de Vecinos Sue\u00f1o Dorado II con el proyecto protegiendo y asegurando la sede con $ 480.000; la Junta de Vecinos Villa Panquehue con el proyecto Hermoseando nuestra sede con 500.0000; la Junta de vecinos Sue\u00f1o Dorado I con el proyecto remodelando nuestra sede con $ 500.000; y la Junta de vecinos Los Aramos con el proyecto construcci\u00f3n de la sede avance de ejecuci\u00f3n de muros con $ 500.000.<br \/>\nEs importante destacar que el presupuesto destinado a estos proyectos corresponde a $3.979.470.000, siendo un monto importante, y vi\u00e9ndose este aumentado en relaci\u00f3n al pasado a\u00f1o 2013. Con estos recursos por tanto se podr\u00e1n desarrollar y ejecutar todos los proyectos seleccionados, esperando que se pueda generar una asociatividad para que no solo sean las organizaciones las beneficiadas sino que la comunidad en su totalidad.<br \/>\nLa entrega de estos recursos se realizo a trav\u00e9s de una ceremonia que tuvo lugar en la sala cultural de la municipalidad de Panquehue.<\/p>\n","protected":false},"excerpt":{"rendered":"<p>PANQUEHUE.- Un total de ocho organizaciones de la comuna se adjudicaron recursos a trav\u00e9s del Fondo de Desarrollo Vecinal (Fondeve). El fondo es un programa de la Municipalidad de Panquehue que busca&#8230;<\/p>\n","protected":false},"author":482,"featured_media":53821,"comment_status":"open","ping_status":"closed","sticky":false,"template":"","format":"standard","meta":{"advanced_seo_description":"","jetpack_seo_html_title":"","jetpack_seo_noindex":false,"_jetpack_memberships_contains_paid_content":false,"footnotes":""},"categories":[15],"tags":[],"class_list":["post-53820","post","type-post","status-publish","format-standard","has-post-thumbnail","hentry","category-comunidad"],"jetpack_featured_media_url":"https:\/\/i0.wp.com\/eltrabajo.cl\/portal\/wp-content\/uploads\/2014\/12\/Fondeve1.jpg?fit=528%2C267&ssl=1","jetpack_sharing_enabled":true,"jetpack_likes_enabled":true,"jetpack-related-posts":[],"_links":{"self":[{"href":"https:\/\/eltrabajo.cl\/portal\/wp-json\/wp\/v2\/posts\/53820","targetHints":{"allow":["GET"]}}],"collection":[{"href":"https:\/\/eltrabajo.cl\/portal\/wp-json\/wp\/v2\/posts"}],"about":[{"href":"https:\/\/eltrabajo.cl\/portal\/wp-json\/wp\/v2\/types\/post"}],"author":[{"embeddable":true,"href":"https:\/\/eltrabajo.cl\/portal\/wp-json\/wp\/v2\/users\/482"}],"replies":[{"embeddable":true,"href":"https:\/\/eltrabajo.cl\/portal\/wp-json\/wp\/v2\/comments?post=53820"}],"version-history":[{"count":0,"href":"https:\/\/eltrabajo.cl\/portal\/wp-json\/wp\/v2\/posts\/53820\/revisions"}],"wp:featuredmedia":[{"embeddable":true,"href":"https:\/\/eltrabajo.cl\/portal\/wp-json\/wp\/v2\/media\/53821"}],"wp:attachment":[{"href":"https:\/\/eltrabajo.cl\/portal\/wp-json\/wp\/v2\/media?parent=53820"}],"wp:term":[{"taxonomy":"category","embeddable":true,"href":"https:\/\/eltrabajo.cl\/portal\/wp-json\/wp\/v2\/categories?post=53820"},{"taxonomy":"post_tag","embeddable":true,"href":"https:\/\/eltrabajo.cl\/portal\/wp-json\/wp\/v2\/tags?post=53820"}],"curies":[{"name":"wp","href":"https:\/\/api.w.org\/{rel}","templated":true}]}}