{"id":53823,"date":"2014-12-03T09:08:35","date_gmt":"2014-12-03T12:08:35","guid":{"rendered":"http:\/\/www.eltrabajo.cl\/portal\/?p=53823"},"modified":"2014-12-03T09:08:35","modified_gmt":"2014-12-03T12:08:35","slug":"vacunan-mascotas-en-operativo-veterinario-en-poblacion-jose-joaquin-aguirre","status":"publish","type":"post","link":"https:\/\/eltrabajo.cl\/portal\/vacunan-mascotas-en-operativo-veterinario-en-poblacion-jose-joaquin-aguirre\/","title":{"rendered":"Vacunan mascotas en operativo veterinario en Poblaci\u00f3n Jos\u00e9 Joaqu\u00edn Aguirre"},"content":{"rendered":"<figure id=\"attachment_53824\" aria-describedby=\"caption-attachment-53824\" style=\"width: 529px\" class=\"wp-caption alignnone\"><a href=\"https:\/\/i0.wp.com\/www.eltrabajo.cl\/portal\/wp-content\/uploads\/2014\/12\/Perritos1.jpg\"><img data-recalc-dims=\"1\" loading=\"lazy\" decoding=\"async\" class=\"size-full wp-image-53824\" src=\"https:\/\/i0.wp.com\/www.eltrabajo.cl\/portal\/wp-content\/uploads\/2014\/12\/Perritos1.jpg?resize=529%2C359\" alt=\"El prop\u00f3sito del operativo fue prevenir los brotes de rabia a ra\u00edz del caso de un murci\u00e9lago con esta enfermedad en el sector sur de la comuna de Los Andes hace unas semanas.\" width=\"529\" height=\"359\" srcset=\"https:\/\/i0.wp.com\/eltrabajo.cl\/portal\/wp-content\/uploads\/2014\/12\/Perritos1.jpg?w=529&amp;ssl=1 529w, https:\/\/i0.wp.com\/eltrabajo.cl\/portal\/wp-content\/uploads\/2014\/12\/Perritos1.jpg?resize=200%2C135&amp;ssl=1 200w, https:\/\/i0.wp.com\/eltrabajo.cl\/portal\/wp-content\/uploads\/2014\/12\/Perritos1.jpg?resize=300%2C203&amp;ssl=1 300w, https:\/\/i0.wp.com\/eltrabajo.cl\/portal\/wp-content\/uploads\/2014\/12\/Perritos1.jpg?resize=150%2C101&amp;ssl=1 150w, https:\/\/i0.wp.com\/eltrabajo.cl\/portal\/wp-content\/uploads\/2014\/12\/Perritos1.jpg?resize=400%2C271&amp;ssl=1 400w\" sizes=\"auto, (max-width: 529px) 100vw, 529px\" \/><\/a><figcaption id=\"caption-attachment-53824\" class=\"wp-caption-text\">El prop\u00f3sito del operativo fue prevenir los brotes de rabia a ra\u00edz del caso de un murci\u00e9lago con esta enfermedad en el sector sur de la comuna de Los Andes hace unas semanas.<\/figcaption><\/figure>\n<p><strong>LOS ANDES<\/strong>.- M\u00e1s de 300 mascotas fueron vacunadas y desparasitadas durante dos operativos veterinarios de este tipo, siendo el \u00faltimo realizado el pasado fin de semana en la plaza de Poblaci\u00f3n Jos\u00e9 Joaqu\u00edn Aguirre de la comuna de Los Andes, organizados por la Seremi de Salud Aconcagua, la Gobernaci\u00f3n Provincial de Los Andes y el municipio andino.<br \/>\nEl prop\u00f3sito del operativo fue prevenir los brotes de rabia a ra\u00edz del caso de un murci\u00e9lago con esta enfermedad en el sector sur de la comuna de Los Andes hace unas semanas. Debido a esto, y de manera gratuita, se procedi\u00f3 a realizar vacunaciones antirr\u00e1bicas y desparasitaciones a perros y gatos de dicha poblaci\u00f3n con el fin de evitar crear un foco infeccioso y potenciar la tenencia responsable de mascotas.<br \/>\nEl Jefe de la Oficina de Aconcagua de Seremi Salud, Mario M\u00e9ndez, manifest\u00f3 que \u201c\u00e9sta es la segunda actividad realizada en el marco de un brote de rabia detectado hace una semanas atr\u00e1s en el sector c\u00e9ntrico de la ciudad de Los Andes y ha sido una actividad muy exitosa. Estamos en total de las 300 mascotas entre las dos actividades, lo que demuestra que, de manera coordinada con la gobernaci\u00f3n, Seremi de Salud y el municipio, podemos hacer bien nuestra misi\u00f3n de proteger la salud p\u00fablica de los vecinos y tambi\u00e9n de sus mascotas\u201d.<\/p>\n","protected":false},"excerpt":{"rendered":"<p>LOS ANDES.- M\u00e1s de 300 mascotas fueron vacunadas y desparasitadas durante dos operativos veterinarios de este tipo, siendo el \u00faltimo realizado el pasado fin de semana en la plaza de Poblaci\u00f3n Jos\u00e9&#8230;<\/p>\n","protected":false},"author":482,"featured_media":53824,"comment_status":"open","ping_status":"closed","sticky":false,"template":"","format":"standard","meta":{"advanced_seo_description":"","jetpack_seo_html_title":"","jetpack_seo_noindex":false,"_jetpack_memberships_contains_paid_content":false,"footnotes":""},"categories":[15],"tags":[],"class_list":["post-53823","post","type-post","status-publish","format-standard","has-post-thumbnail","hentry","category-comunidad"],"jetpack_featured_media_url":"https:\/\/i0.wp.com\/eltrabajo.cl\/portal\/wp-content\/uploads\/2014\/12\/Perritos1.jpg?fit=529%2C359&ssl=1","jetpack_sharing_enabled":true,"jetpack_likes_enabled":true,"jetpack-related-posts":[],"_links":{"self":[{"href":"https:\/\/eltrabajo.cl\/portal\/wp-json\/wp\/v2\/posts\/53823","targetHints":{"allow":["GET"]}}],"collection":[{"href":"https:\/\/eltrabajo.cl\/portal\/wp-json\/wp\/v2\/posts"}],"about":[{"href":"https:\/\/eltrabajo.cl\/portal\/wp-json\/wp\/v2\/types\/post"}],"author":[{"embeddable":true,"href":"https:\/\/eltrabajo.cl\/portal\/wp-json\/wp\/v2\/users\/482"}],"replies":[{"embeddable":true,"href":"https:\/\/eltrabajo.cl\/portal\/wp-json\/wp\/v2\/comments?post=53823"}],"version-history":[{"count":0,"href":"https:\/\/eltrabajo.cl\/portal\/wp-json\/wp\/v2\/posts\/53823\/revisions"}],"wp:featuredmedia":[{"embeddable":true,"href":"https:\/\/eltrabajo.cl\/portal\/wp-json\/wp\/v2\/media\/53824"}],"wp:attachment":[{"href":"https:\/\/eltrabajo.cl\/portal\/wp-json\/wp\/v2\/media?parent=53823"}],"wp:term":[{"taxonomy":"category","embeddable":true,"href":"https:\/\/eltrabajo.cl\/portal\/wp-json\/wp\/v2\/categories?post=53823"},{"taxonomy":"post_tag","embeddable":true,"href":"https:\/\/eltrabajo.cl\/portal\/wp-json\/wp\/v2\/tags?post=53823"}],"curies":[{"name":"wp","href":"https:\/\/api.w.org\/{rel}","templated":true}]}}