{"id":53832,"date":"2014-12-03T09:21:35","date_gmt":"2014-12-03T12:21:35","guid":{"rendered":"http:\/\/www.eltrabajo.cl\/portal\/?p=53832"},"modified":"2014-12-03T09:21:35","modified_gmt":"2014-12-03T12:21:35","slug":"alegres-cheerleaders-conquistan-segundo-lugar-en-competencia-nacional","status":"publish","type":"post","link":"https:\/\/eltrabajo.cl\/portal\/alegres-cheerleaders-conquistan-segundo-lugar-en-competencia-nacional\/","title":{"rendered":"Alegres cheerleaders conquistan segundo lugar en competencia nacional"},"content":{"rendered":"<figure id=\"attachment_53833\" aria-describedby=\"caption-attachment-53833\" style=\"width: 528px\" class=\"wp-caption alignnone\"><a href=\"https:\/\/i0.wp.com\/www.eltrabajo.cl\/portal\/wp-content\/uploads\/2014\/12\/Cheer1.jpg\"><img data-recalc-dims=\"1\" loading=\"lazy\" decoding=\"async\" class=\"size-full wp-image-53833\" src=\"https:\/\/i0.wp.com\/www.eltrabajo.cl\/portal\/wp-content\/uploads\/2014\/12\/Cheer1.jpg?resize=528%2C400\" alt=\"El equipo de Cheerleaders del Colegio Metodista Ed\u00e9n del ni\u00f1o, integrado por 17 deportistas, quienes trabajaron arduamente durante todo el a\u00f1o, lograron construir una rutina de categor\u00eda Junior nivel 1.\" width=\"528\" height=\"400\" srcset=\"https:\/\/i0.wp.com\/eltrabajo.cl\/portal\/wp-content\/uploads\/2014\/12\/Cheer1.jpg?w=528&amp;ssl=1 528w, https:\/\/i0.wp.com\/eltrabajo.cl\/portal\/wp-content\/uploads\/2014\/12\/Cheer1.jpg?resize=198%2C150&amp;ssl=1 198w, https:\/\/i0.wp.com\/eltrabajo.cl\/portal\/wp-content\/uploads\/2014\/12\/Cheer1.jpg?resize=300%2C227&amp;ssl=1 300w, https:\/\/i0.wp.com\/eltrabajo.cl\/portal\/wp-content\/uploads\/2014\/12\/Cheer1.jpg?resize=150%2C113&amp;ssl=1 150w, https:\/\/i0.wp.com\/eltrabajo.cl\/portal\/wp-content\/uploads\/2014\/12\/Cheer1.jpg?resize=400%2C303&amp;ssl=1 400w\" sizes=\"auto, (max-width: 528px) 100vw, 528px\" \/><\/a><figcaption id=\"caption-attachment-53833\" class=\"wp-caption-text\">El equipo de Cheerleaders del Colegio Metodista Ed\u00e9n del ni\u00f1o, integrado por 17 deportistas, quienes trabajaron arduamente durante todo el a\u00f1o, lograron construir una rutina de categor\u00eda Junior nivel 1.<\/figcaption><\/figure>\n<p><strong>LOS ANDES<\/strong>.- El equipo de Cheerleaders del Colegio Metodista Ed\u00e9n del ni\u00f1o, integrado por 17 deportistas, quienes trabajaron arduamente durante todo el a\u00f1o, lograron construir una rutina de categor\u00eda Junior nivel 1, que contempla elevaciones, gimnasia, saltos, pir\u00e1mides y el grito que representa al colegio.<br \/>\nEn el pasado este equipo de Cheerleaders particip\u00f3 en la Gran Final Nacional de Cheer Classic, (agrupaci\u00f3n la cual es la encargada de llevar representantes de nuestro pa\u00eds a los diversos campeonatos que se realizan en el extranjero), donde obtuvieron el 2\u00b0 lugar a nivel nacional en la categor\u00eda Youth nivel 1 School, el nivel de competencia fue alto y cont\u00f3 con la participaci\u00f3n de equipos que representaban a colegios de distintos lugares de nuestro pa\u00eds.<br \/>\n\u201cEs por esto que nos motiva a seguir trabajando para los estudiantes de nuestro establecimiento y as\u00ed lograr mejorar nuestro nivel y el de la regi\u00f3n\u201d, destac\u00f3 la directora del establecimiento, Elisa Barraza.<\/p>\n<div class=\"tiled-gallery type-rectangular tiled-gallery-unresized\" data-original-width=\"640\" data-carousel-extra='null' itemscope itemtype=\"http:\/\/schema.org\/ImageGallery\" > <div class=\"gallery-row\" style=\"width: 640px; height: 276px;\" data-original-width=\"640\" data-original-height=\"276\" > <div class=\"gallery-group images-1\" style=\"width: 431px; height: 276px;\" data-original-width=\"431\" data-original-height=\"276\" > <div class=\"tiled-gallery-item tiled-gallery-item-large\" itemprop=\"associatedMedia\" itemscope itemtype=\"http:\/\/schema.org\/ImageObject\"> <a href=\"https:\/\/eltrabajo.cl\/portal\/alegres-cheerleaders-conquistan-segundo-lugar-en-competencia-nacional\/cheer3\/\" border=\"0\" itemprop=\"url\"> <meta itemprop=\"width\" content=\"427\"> <meta itemprop=\"height\" content=\"272\"> <img decoding=\"async\" class=\"\" data-attachment-id=\"53835\" data-orig-file=\"https:\/\/eltrabajo.cl\/portal\/wp-content\/uploads\/2014\/12\/Cheer3.jpg\" data-orig-size=\"528,337\" data-comments-opened=\"1\" data-image-meta=\"{&quot;aperture&quot;:&quot;0&quot;,&quot;credit&quot;:&quot;&quot;,&quot;camera&quot;:&quot;&quot;,&quot;caption&quot;:&quot;&quot;,&quot;created_timestamp&quot;:&quot;0&quot;,&quot;copyright&quot;:&quot;&quot;,&quot;focal_length&quot;:&quot;0&quot;,&quot;iso&quot;:&quot;0&quot;,&quot;shutter_speed&quot;:&quot;0&quot;,&quot;title&quot;:&quot;&quot;,&quot;orientation&quot;:&quot;0&quot;}\" data-image-title=\"Cheer3\" data-image-description=\"&lt;p&gt;Junior nivel 1 contempla elevaciones, gimnasia, saltos, pir\u00e1mides y el grito que representa al colegio.&lt;\/p&gt; \" data-medium-file=\"https:\/\/i0.wp.com\/eltrabajo.cl\/portal\/wp-content\/uploads\/2014\/12\/Cheer3.jpg?fit=300%2C191&#038;ssl=1\" data-large-file=\"https:\/\/i0.wp.com\/eltrabajo.cl\/portal\/wp-content\/uploads\/2014\/12\/Cheer3.jpg?fit=528%2C337&#038;ssl=1\" src=\"https:\/\/i0.wp.com\/eltrabajo.cl\/portal\/wp-content\/uploads\/2014\/12\/Cheer3.jpg?w=427&#038;h=272&#038;ssl=1\" srcset=\"https:\/\/i0.wp.com\/eltrabajo.cl\/portal\/wp-content\/uploads\/2014\/12\/Cheer3.jpg?w=528&amp;ssl=1 528w, https:\/\/i0.wp.com\/eltrabajo.cl\/portal\/wp-content\/uploads\/2014\/12\/Cheer3.jpg?resize=200%2C127&amp;ssl=1 200w, https:\/\/i0.wp.com\/eltrabajo.cl\/portal\/wp-content\/uploads\/2014\/12\/Cheer3.jpg?resize=300%2C191&amp;ssl=1 300w, https:\/\/i0.wp.com\/eltrabajo.cl\/portal\/wp-content\/uploads\/2014\/12\/Cheer3.jpg?resize=150%2C95&amp;ssl=1 150w, https:\/\/i0.wp.com\/eltrabajo.cl\/portal\/wp-content\/uploads\/2014\/12\/Cheer3.jpg?resize=400%2C255&amp;ssl=1 400w\" width=\"427\" height=\"272\" loading=\"lazy\" data-original-width=\"427\" data-original-height=\"272\" itemprop=\"http:\/\/schema.org\/image\" title=\"Cheer3\" alt=\"Junior nivel 1 contempla elevaciones, gimnasia, saltos, pir\u00e1mides y el grito que representa al colegio.\" style=\"width: 427px; height: 272px;\" \/> <\/a> <div class=\"tiled-gallery-caption\" itemprop=\"caption description\"> Junior nivel 1 contempla elevaciones, gimnasia, saltos, pir\u00e1mides y el grito que representa al colegio. <\/div> <\/div> <\/div> <!-- close group --> <div class=\"gallery-group images-1\" style=\"width: 209px; height: 276px;\" data-original-width=\"209\" data-original-height=\"276\" > <div class=\"tiled-gallery-item tiled-gallery-item-small\" itemprop=\"associatedMedia\" itemscope itemtype=\"http:\/\/schema.org\/ImageObject\"> <a href=\"https:\/\/eltrabajo.cl\/portal\/alegres-cheerleaders-conquistan-segundo-lugar-en-competencia-nacional\/cheer2\/\" border=\"0\" itemprop=\"url\"> <meta itemprop=\"width\" content=\"205\"> <meta itemprop=\"height\" content=\"272\"> <img decoding=\"async\" class=\"\" data-attachment-id=\"53834\" data-orig-file=\"https:\/\/eltrabajo.cl\/portal\/wp-content\/uploads\/2014\/12\/Cheer2.jpg\" data-orig-size=\"529,701\" data-comments-opened=\"1\" data-image-meta=\"{&quot;aperture&quot;:&quot;0&quot;,&quot;credit&quot;:&quot;&quot;,&quot;camera&quot;:&quot;&quot;,&quot;caption&quot;:&quot;&quot;,&quot;created_timestamp&quot;:&quot;0&quot;,&quot;copyright&quot;:&quot;&quot;,&quot;focal_length&quot;:&quot;0&quot;,&quot;iso&quot;:&quot;0&quot;,&quot;shutter_speed&quot;:&quot;0&quot;,&quot;title&quot;:&quot;&quot;,&quot;orientation&quot;:&quot;0&quot;}\" data-image-title=\"Cheer2\" data-image-description=\"&lt;p&gt;Peques y grandes lo dieron todos por su colegio en esta nueva jornada deportiva.&lt;\/p&gt; \" data-medium-file=\"https:\/\/i0.wp.com\/eltrabajo.cl\/portal\/wp-content\/uploads\/2014\/12\/Cheer2.jpg?fit=226%2C300&#038;ssl=1\" data-large-file=\"https:\/\/i0.wp.com\/eltrabajo.cl\/portal\/wp-content\/uploads\/2014\/12\/Cheer2.jpg?fit=529%2C701&#038;ssl=1\" src=\"https:\/\/i0.wp.com\/eltrabajo.cl\/portal\/wp-content\/uploads\/2014\/12\/Cheer2.jpg?w=205&#038;h=272&#038;ssl=1\" srcset=\"https:\/\/i0.wp.com\/eltrabajo.cl\/portal\/wp-content\/uploads\/2014\/12\/Cheer2.jpg?w=529&amp;ssl=1 529w, https:\/\/i0.wp.com\/eltrabajo.cl\/portal\/wp-content\/uploads\/2014\/12\/Cheer2.jpg?resize=113%2C150&amp;ssl=1 113w, https:\/\/i0.wp.com\/eltrabajo.cl\/portal\/wp-content\/uploads\/2014\/12\/Cheer2.jpg?resize=226%2C300&amp;ssl=1 226w, https:\/\/i0.wp.com\/eltrabajo.cl\/portal\/wp-content\/uploads\/2014\/12\/Cheer2.jpg?resize=400%2C530&amp;ssl=1 400w\" width=\"205\" height=\"272\" loading=\"lazy\" data-original-width=\"205\" data-original-height=\"272\" itemprop=\"http:\/\/schema.org\/image\" title=\"Cheer2\" alt=\"Peques y grandes lo dieron todos por su colegio en esta nueva jornada deportiva.\" style=\"width: 205px; height: 272px;\" \/> <\/a> <div class=\"tiled-gallery-caption\" itemprop=\"caption description\"> Peques y grandes lo dieron todos por su colegio en esta nueva jornada deportiva. <\/div> <\/div> <\/div> <!-- close group --> <\/div> <!-- close row --> <\/div>\n","protected":false},"excerpt":{"rendered":"<p>LOS ANDES.- El equipo de Cheerleaders del Colegio Metodista Ed\u00e9n del ni\u00f1o, integrado por 17 deportistas, quienes trabajaron arduamente durante todo el a\u00f1o, lograron construir una rutina de categor\u00eda Junior nivel 1,&#8230;<\/p>\n","protected":false},"author":482,"featured_media":53833,"comment_status":"open","ping_status":"closed","sticky":false,"template":"","format":"standard","meta":{"advanced_seo_description":"","jetpack_seo_html_title":"","jetpack_seo_noindex":false,"_jetpack_memberships_contains_paid_content":false,"footnotes":""},"categories":[15],"tags":[],"class_list":["post-53832","post","type-post","status-publish","format-standard","has-post-thumbnail","hentry","category-comunidad"],"jetpack_featured_media_url":"https:\/\/i0.wp.com\/eltrabajo.cl\/portal\/wp-content\/uploads\/2014\/12\/Cheer1.jpg?fit=528%2C400&ssl=1","jetpack_sharing_enabled":true,"jetpack_likes_enabled":true,"jetpack-related-posts":[],"_links":{"self":[{"href":"https:\/\/eltrabajo.cl\/portal\/wp-json\/wp\/v2\/posts\/53832","targetHints":{"allow":["GET"]}}],"collection":[{"href":"https:\/\/eltrabajo.cl\/portal\/wp-json\/wp\/v2\/posts"}],"about":[{"href":"https:\/\/eltrabajo.cl\/portal\/wp-json\/wp\/v2\/types\/post"}],"author":[{"embeddable":true,"href":"https:\/\/eltrabajo.cl\/portal\/wp-json\/wp\/v2\/users\/482"}],"replies":[{"embeddable":true,"href":"https:\/\/eltrabajo.cl\/portal\/wp-json\/wp\/v2\/comments?post=53832"}],"version-history":[{"count":0,"href":"https:\/\/eltrabajo.cl\/portal\/wp-json\/wp\/v2\/posts\/53832\/revisions"}],"wp:featuredmedia":[{"embeddable":true,"href":"https:\/\/eltrabajo.cl\/portal\/wp-json\/wp\/v2\/media\/53833"}],"wp:attachment":[{"href":"https:\/\/eltrabajo.cl\/portal\/wp-json\/wp\/v2\/media?parent=53832"}],"wp:term":[{"taxonomy":"category","embeddable":true,"href":"https:\/\/eltrabajo.cl\/portal\/wp-json\/wp\/v2\/categories?post=53832"},{"taxonomy":"post_tag","embeddable":true,"href":"https:\/\/eltrabajo.cl\/portal\/wp-json\/wp\/v2\/tags?post=53832"}],"curies":[{"name":"wp","href":"https:\/\/api.w.org\/{rel}","templated":true}]}}