{"id":53846,"date":"2014-12-03T09:27:28","date_gmt":"2014-12-03T12:27:28","guid":{"rendered":"http:\/\/www.eltrabajo.cl\/portal\/?p=53846"},"modified":"2014-12-03T09:27:28","modified_gmt":"2014-12-03T12:27:28","slug":"fue-detenido-tras-causar-danos-y-amenazar-de-muerte-a-familia","status":"publish","type":"post","link":"https:\/\/eltrabajo.cl\/portal\/fue-detenido-tras-causar-danos-y-amenazar-de-muerte-a-familia\/","title":{"rendered":"Fue detenido tras causar da\u00f1os y amenazar de muerte a familia"},"content":{"rendered":"<figure id=\"attachment_53847\" aria-describedby=\"caption-attachment-53847\" style=\"width: 286px\" class=\"wp-caption alignleft\"><a href=\"https:\/\/i0.wp.com\/www.eltrabajo.cl\/portal\/wp-content\/uploads\/2014\/12\/Acevedo1.jpg\"><img data-recalc-dims=\"1\" loading=\"lazy\" decoding=\"async\" class=\"wp-image-53847 size-medium\" src=\"https:\/\/i0.wp.com\/www.eltrabajo.cl\/portal\/wp-content\/uploads\/2014\/12\/Acevedo1-286x300.jpg?resize=286%2C300\" alt=\"Teniente de Carabineros \u00c1ngelo Acevedo.\" width=\"286\" height=\"300\" srcset=\"https:\/\/i0.wp.com\/eltrabajo.cl\/portal\/wp-content\/uploads\/2014\/12\/Acevedo1.jpg?resize=286%2C300&amp;ssl=1 286w, https:\/\/i0.wp.com\/eltrabajo.cl\/portal\/wp-content\/uploads\/2014\/12\/Acevedo1.jpg?resize=143%2C150&amp;ssl=1 143w, https:\/\/i0.wp.com\/eltrabajo.cl\/portal\/wp-content\/uploads\/2014\/12\/Acevedo1.jpg?resize=400%2C418&amp;ssl=1 400w, https:\/\/i0.wp.com\/eltrabajo.cl\/portal\/wp-content\/uploads\/2014\/12\/Acevedo1.jpg?w=529&amp;ssl=1 529w\" sizes=\"auto, (max-width: 286px) 100vw, 286px\" \/><\/a><figcaption id=\"caption-attachment-53847\" class=\"wp-caption-text\">Teniente de Carabineros \u00c1ngelo Acevedo.<\/figcaption><\/figure>\n<p><strong>PUTAENDO<\/strong>.- Un sujeto, quien posee antecedentes policiales, fue detenido por Carabineros luego de protagonizar graves incidentes en uno de los pasajes de Poblaci\u00f3n Santa Rita, en donde ocasion\u00f3 da\u00f1os, amenaz\u00f3 de muerte y agredi\u00f3 a una familia del sector.<br \/>\nLa informaci\u00f3n oficial sobre este hecho fue entregada a nuestro medio por el Teniente de Carabineros \u00c1ngelo Acevedo, quien sostuvo que a eso de las 02:00 horas de la madrugada de este lunes, fueron alertados que en uno de los pasajes de Poblaci\u00f3n Santa Rita, un individuo en una actitud violenta comenz\u00f3 a quebrar los vidrios de un domicilio y golpear una puerta, adem\u00e1s trat\u00f3 de agredir a una joven mujer que sali\u00f3 desde la vivienda.<br \/>\nEl oficial policial asegur\u00f3 que Carabineros se traslad\u00f3 al lugar y corrobor\u00f3 que el sujeto amenazaba de muerte a la familia y hab\u00eda ocasionado da\u00f1os, por lo que el personal policial procedi\u00f3 a su detenci\u00f3n a la cual el individuo opuso resistencia, ante lo cual fue necesario el apoyo de m\u00e1s Carabineros para lograr su detenci\u00f3n.<br \/>\nEl individuo fue identificado con las iniciales J.E.C.P., de 29 a\u00f1os de edad, domiciliado en Poblaci\u00f3n Santa Rita y posee antecedentes policiales por varios delitos como Robo, Hurto y Receptaci\u00f3n de especies y fue puesto a disposici\u00f3n de los tribunales de justicia pasado el mediod\u00eda de este lunes, quedando en libertad con medidas cautelares, bajo los cargos de da\u00f1os a la propiedad privada y amenazas de muerte. Testigos corroboraron a nuestro medio que el sujeto no tan s\u00f3lo ocasion\u00f3 da\u00f1os y amenaz\u00f3 de muerte a la familia, sino que adem\u00e1s agredi\u00f3 a una mujer, lo que no fue confirmado por Carabineros de Putaendo.<br \/>\nPatricio Gallardo M.<\/p>\n","protected":false},"excerpt":{"rendered":"<p>PUTAENDO.- Un sujeto, quien posee antecedentes policiales, fue detenido por Carabineros luego de protagonizar graves incidentes en uno de los pasajes de Poblaci\u00f3n Santa Rita, en donde ocasion\u00f3 da\u00f1os, amenaz\u00f3 de muerte&#8230;<\/p>\n","protected":false},"author":482,"featured_media":53847,"comment_status":"open","ping_status":"closed","sticky":false,"template":"","format":"standard","meta":{"advanced_seo_description":"","jetpack_seo_html_title":"","jetpack_seo_noindex":false,"_jetpack_memberships_contains_paid_content":false,"footnotes":""},"categories":[21],"tags":[],"class_list":["post-53846","post","type-post","status-publish","format-standard","has-post-thumbnail","hentry","category-policial"],"jetpack_featured_media_url":"https:\/\/i0.wp.com\/eltrabajo.cl\/portal\/wp-content\/uploads\/2014\/12\/Acevedo1.jpg?fit=529%2C554&ssl=1","jetpack_sharing_enabled":true,"jetpack_likes_enabled":true,"jetpack-related-posts":[],"_links":{"self":[{"href":"https:\/\/eltrabajo.cl\/portal\/wp-json\/wp\/v2\/posts\/53846","targetHints":{"allow":["GET"]}}],"collection":[{"href":"https:\/\/eltrabajo.cl\/portal\/wp-json\/wp\/v2\/posts"}],"about":[{"href":"https:\/\/eltrabajo.cl\/portal\/wp-json\/wp\/v2\/types\/post"}],"author":[{"embeddable":true,"href":"https:\/\/eltrabajo.cl\/portal\/wp-json\/wp\/v2\/users\/482"}],"replies":[{"embeddable":true,"href":"https:\/\/eltrabajo.cl\/portal\/wp-json\/wp\/v2\/comments?post=53846"}],"version-history":[{"count":0,"href":"https:\/\/eltrabajo.cl\/portal\/wp-json\/wp\/v2\/posts\/53846\/revisions"}],"wp:featuredmedia":[{"embeddable":true,"href":"https:\/\/eltrabajo.cl\/portal\/wp-json\/wp\/v2\/media\/53847"}],"wp:attachment":[{"href":"https:\/\/eltrabajo.cl\/portal\/wp-json\/wp\/v2\/media?parent=53846"}],"wp:term":[{"taxonomy":"category","embeddable":true,"href":"https:\/\/eltrabajo.cl\/portal\/wp-json\/wp\/v2\/categories?post=53846"},{"taxonomy":"post_tag","embeddable":true,"href":"https:\/\/eltrabajo.cl\/portal\/wp-json\/wp\/v2\/tags?post=53846"}],"curies":[{"name":"wp","href":"https:\/\/api.w.org\/{rel}","templated":true}]}}