{"id":53849,"date":"2014-12-03T09:28:31","date_gmt":"2014-12-03T12:28:31","guid":{"rendered":"http:\/\/www.eltrabajo.cl\/portal\/?p=53849"},"modified":"2014-12-03T09:28:31","modified_gmt":"2014-12-03T12:28:31","slug":"suplantan-identidad-de-periodista-de-diario-el-trabajo-para-intentar-cometer-estafa","status":"publish","type":"post","link":"https:\/\/eltrabajo.cl\/portal\/suplantan-identidad-de-periodista-de-diario-el-trabajo-para-intentar-cometer-estafa\/","title":{"rendered":"Suplantan identidad de periodista de Diario El Trabajo para intentar cometer estafa"},"content":{"rendered":"<figure id=\"attachment_53850\" aria-describedby=\"caption-attachment-53850\" style=\"width: 300px\" class=\"wp-caption alignleft\"><a href=\"https:\/\/i0.wp.com\/www.eltrabajo.cl\/portal\/wp-content\/uploads\/2014\/12\/Pablo1.jpg\"><img data-recalc-dims=\"1\" loading=\"lazy\" decoding=\"async\" class=\"wp-image-53850 size-medium\" src=\"https:\/\/i0.wp.com\/www.eltrabajo.cl\/portal\/wp-content\/uploads\/2014\/12\/Pablo1-300x252.jpg?resize=300%2C252\" alt=\"Pablo Salinas Sald\u00edas, periodista de Diario El Trabajo.\" width=\"300\" height=\"252\" srcset=\"https:\/\/i0.wp.com\/eltrabajo.cl\/portal\/wp-content\/uploads\/2014\/12\/Pablo1.jpg?resize=300%2C252&amp;ssl=1 300w, https:\/\/i0.wp.com\/eltrabajo.cl\/portal\/wp-content\/uploads\/2014\/12\/Pablo1.jpg?resize=177%2C150&amp;ssl=1 177w, https:\/\/i0.wp.com\/eltrabajo.cl\/portal\/wp-content\/uploads\/2014\/12\/Pablo1.jpg?resize=150%2C126&amp;ssl=1 150w, https:\/\/i0.wp.com\/eltrabajo.cl\/portal\/wp-content\/uploads\/2014\/12\/Pablo1.jpg?resize=400%2C337&amp;ssl=1 400w, https:\/\/i0.wp.com\/eltrabajo.cl\/portal\/wp-content\/uploads\/2014\/12\/Pablo1.jpg?w=529&amp;ssl=1 529w\" sizes=\"auto, (max-width: 300px) 100vw, 300px\" \/><\/a><figcaption id=\"caption-attachment-53850\" class=\"wp-caption-text\">Pablo Salinas Sald\u00edas, periodista de Diario El Trabajo.<\/figcaption><\/figure>\n<p><strong>PUTAENDO<\/strong>.- Un h\u00e1bil delincuente suplant\u00f3 la identidad del conocido periodista de Diario El Trabajo, Pablo Salinas Sald\u00edas, asegurando que \u00e9l mismo habr\u00eda sufrido un accidente en la comuna de Calle Larga.<br \/>\nPasadas las 10:30 horas de este martes, el personal de Radio FM Vida de Putaendo recibi\u00f3 el llamado telef\u00f3nico de un sujeto, quien se identific\u00f3 como Pablo Salinas, periodista de Diario El Trabajo, el cual visiblemente afectado contaba que hab\u00eda protagonizado un accidente en Calle Larga y necesitaba pagar los gastos de una gr\u00faa para evitar ser detenido.<br \/>\nEl sujeto manejaba bastante informaci\u00f3n relacionada con el trabajo del periodista, e incluso en un principio el personal de la radio pens\u00f3 que se trataba de una emergencia real.<br \/>\nA los pocos minutos se recibi\u00f3 un segundo, llamado que esta vez fue atendido por el Director de prensa de Radio FM Vida y corresponsal de Diario El Trabajo, Patricio Gallardo, quien advirti\u00f3 que algo raro hab\u00eda, por lo que todo el di\u00e1logo con este sujeto comenz\u00f3 a ser grabado, e incluso un segundo individuo tambi\u00e9n llam\u00f3 a la emisora, se identific\u00f3 como el propietario de la gr\u00faa y exig\u00eda un dep\u00f3sito de $185.000 en la Cuenta Rut Banco Estado N\u00ba 15.460.049-3, a nombre de Gricel Contreras.<br \/>\nLos sujetos incluso de alguna forma se las ingeniaron para hacer sonar sirenas de veh\u00edculos de emergencia que daban m\u00e1s realismo al supuesto accidente.<br \/>\nAnte esta situaci\u00f3n, personal de la emisora se contact\u00f3 con el periodista Pablo Salinas, quien corrobor\u00f3 que se trataba de un intento de estafa y al escuchar los audios qued\u00f3 sorprendido por la informaci\u00f3n que los delincuentes manejaban y por el realismo del relato de uno de los hampones.<br \/>\nEl Teniente \u00c1ngelo Acevedo reiter\u00f3 a la comunidad que de modo alguno deben depositar dinero en cajas vecinas o en el banco para evitar que alg\u00fan familiar o amigo pueda ser detenido en un caso de accidente de tr\u00e1nsito, pues finalmente es el Fiscal de Turno el que toma esas decisiones y reiter\u00f3 que Carabineros nunca solicita dinero para agilizar procedimientos policiales y mucho menos el propietario de una gr\u00faa puede exigir una transferencia o deposito para por su intermedio evitar la detenci\u00f3n de un conductor que se haya visto envuelto en un accidente de tr\u00e1nsito.<br \/>\nLos tel\u00e9fonos celulares desde los cuales estos sujetos trataron de estafar al personal de la Radio FM Vida fueron los n\u00fameros: 79270652 y 68639256.<\/p>\n","protected":false},"excerpt":{"rendered":"<p>PUTAENDO.- Un h\u00e1bil delincuente suplant\u00f3 la identidad del conocido periodista de Diario El Trabajo, Pablo Salinas Sald\u00edas, asegurando que \u00e9l mismo habr\u00eda sufrido un accidente en la comuna de Calle Larga. Pasadas&#8230;<\/p>\n","protected":false},"author":482,"featured_media":53850,"comment_status":"open","ping_status":"closed","sticky":false,"template":"","format":"standard","meta":{"advanced_seo_description":"","jetpack_seo_html_title":"","jetpack_seo_noindex":false,"_jetpack_memberships_contains_paid_content":false,"footnotes":""},"categories":[21],"tags":[],"class_list":["post-53849","post","type-post","status-publish","format-standard","has-post-thumbnail","hentry","category-policial"],"jetpack_featured_media_url":"https:\/\/i0.wp.com\/eltrabajo.cl\/portal\/wp-content\/uploads\/2014\/12\/Pablo1.jpg?fit=529%2C446&ssl=1","jetpack_sharing_enabled":true,"jetpack_likes_enabled":true,"jetpack-related-posts":[],"_links":{"self":[{"href":"https:\/\/eltrabajo.cl\/portal\/wp-json\/wp\/v2\/posts\/53849","targetHints":{"allow":["GET"]}}],"collection":[{"href":"https:\/\/eltrabajo.cl\/portal\/wp-json\/wp\/v2\/posts"}],"about":[{"href":"https:\/\/eltrabajo.cl\/portal\/wp-json\/wp\/v2\/types\/post"}],"author":[{"embeddable":true,"href":"https:\/\/eltrabajo.cl\/portal\/wp-json\/wp\/v2\/users\/482"}],"replies":[{"embeddable":true,"href":"https:\/\/eltrabajo.cl\/portal\/wp-json\/wp\/v2\/comments?post=53849"}],"version-history":[{"count":0,"href":"https:\/\/eltrabajo.cl\/portal\/wp-json\/wp\/v2\/posts\/53849\/revisions"}],"wp:featuredmedia":[{"embeddable":true,"href":"https:\/\/eltrabajo.cl\/portal\/wp-json\/wp\/v2\/media\/53850"}],"wp:attachment":[{"href":"https:\/\/eltrabajo.cl\/portal\/wp-json\/wp\/v2\/media?parent=53849"}],"wp:term":[{"taxonomy":"category","embeddable":true,"href":"https:\/\/eltrabajo.cl\/portal\/wp-json\/wp\/v2\/categories?post=53849"},{"taxonomy":"post_tag","embeddable":true,"href":"https:\/\/eltrabajo.cl\/portal\/wp-json\/wp\/v2\/tags?post=53849"}],"curies":[{"name":"wp","href":"https:\/\/api.w.org\/{rel}","templated":true}]}}