{"id":53852,"date":"2014-12-03T09:32:27","date_gmt":"2014-12-03T12:32:27","guid":{"rendered":"http:\/\/www.eltrabajo.cl\/portal\/?p=53852"},"modified":"2014-12-03T09:39:41","modified_gmt":"2014-12-03T12:39:41","slug":"trabajador-muere-al-caer-de-techo-a-10-metros-de-altura","status":"publish","type":"post","link":"https:\/\/eltrabajo.cl\/portal\/trabajador-muere-al-caer-de-techo-a-10-metros-de-altura\/","title":{"rendered":"Trabajador muere al caer de techo a 10 metros de altura"},"content":{"rendered":"<figure id=\"attachment_53853\" aria-describedby=\"caption-attachment-53853\" style=\"width: 529px\" class=\"wp-caption alignnone\"><a href=\"https:\/\/i0.wp.com\/www.eltrabajo.cl\/portal\/wp-content\/uploads\/2014\/12\/PORTA-3.jpg\"><img data-recalc-dims=\"1\" loading=\"lazy\" decoding=\"async\" class=\"size-full wp-image-53853\" src=\"https:\/\/i0.wp.com\/www.eltrabajo.cl\/portal\/wp-content\/uploads\/2014\/12\/PORTA-3.jpg?resize=529%2C401\" alt=\"Los trabajadores ascendieron hasta la techumbre del galp\u00f3n por medio de esta gr\u00faa horquilla aparentemente sn medidas de seguridad para realizaci\u00f3n de labores de limpieza.\" width=\"529\" height=\"401\" srcset=\"https:\/\/i0.wp.com\/eltrabajo.cl\/portal\/wp-content\/uploads\/2014\/12\/PORTA-3.jpg?w=529&amp;ssl=1 529w, https:\/\/i0.wp.com\/eltrabajo.cl\/portal\/wp-content\/uploads\/2014\/12\/PORTA-3.jpg?resize=197%2C150&amp;ssl=1 197w, https:\/\/i0.wp.com\/eltrabajo.cl\/portal\/wp-content\/uploads\/2014\/12\/PORTA-3.jpg?resize=300%2C227&amp;ssl=1 300w, https:\/\/i0.wp.com\/eltrabajo.cl\/portal\/wp-content\/uploads\/2014\/12\/PORTA-3.jpg?resize=150%2C113&amp;ssl=1 150w, https:\/\/i0.wp.com\/eltrabajo.cl\/portal\/wp-content\/uploads\/2014\/12\/PORTA-3.jpg?resize=400%2C303&amp;ssl=1 400w\" sizes=\"auto, (max-width: 529px) 100vw, 529px\" \/><\/a><figcaption id=\"caption-attachment-53853\" class=\"wp-caption-text\">Los trabajadores ascendieron hasta la techumbre del galp\u00f3n por medio de esta gr\u00faa horquilla aparentemente sn medidas de seguridad para realizaci\u00f3n de labores de limpieza.<\/figcaption><\/figure>\n<p>La vida de un trabajador sanfelipe\u00f1o se apag\u00f3 instant\u00e1neamente cuando hac\u00eda labores de limpieza sobre el techo de un enorme galp\u00f3n, pero sin las medidas necesarias de seguridad. Un segundo empleado permanece con riesgo vital y debi\u00f3 ser trasladado internado en el Hospital San Camilo de San Felipe.<br \/>\nUn trabajador de 51 a\u00f1os de edad falleci\u00f3 y un segundo empleado de 29 a\u00f1os result\u00f3 herido de gravedad y con riesgo vital luego que ambos cayeran desde la techumbre de un galp\u00f3n cuando realizaban labores de limpieza de canaletas, aparentemente sin las medidas de seguridad adecuadas al interior del Frigor\u00edfico Frutexport ubicado en calle Irarr\u00e1zabal de la comuna de Santa Mar\u00eda.<br \/>\nLos primeros antecedentes de este lamentable suceso dan cuenta que pasadas las 10:00 horas, los trabajadores habr\u00edan sido elevados con una gr\u00faa horquilla hasta la techumbre de uno de los galpones con el fin de realizar limpieza, al parecer sin medidas de seguridad adecuadas, seg\u00fan est\u00e1 investigando la polic\u00eda, toda vez que los afectados cayeron desde el techo producto de la rotura de las planchas de los pizarre\u00f1os que no resistieron el peso de ambos funcionarios.<br \/>\nA ra\u00edz de lo anterior, Luis Espinoza Barrera de 51 a\u00f1os de edad y Jonathan Herrera Rivas de 29 a\u00f1os, se precipitaron a tierra sobre el duro concreto desde una altura aproximada de diez metros, mientras sus compa\u00f1eros de labores quedaban perplejos por lo acontecido, observando a los dos hombres tendidos inconscientes.<\/p>\n<p><strong>SIGUE MUY GRAVE<\/strong><br \/>\nLos Primeros Auxilios fueron entregados por personal del Samu que se traslad\u00f3 hasta el lugar de los hechos, comprobando el deceso de manera instant\u00e1nea de Luis Espinoza Barrera, domiciliado en Villa El Totoral de San Felipe, mientras que Jonathan Herrera Rivas a\u00fan manten\u00eda signos vitales, siendo trasladado de inmediato hasta el Servicio de Urgencias del Hospital San Camilo de San Felipe, en estado de gravedad.<br \/>\nDesde ese centro asistencial, el Director N\u00e9stor Iribarra inform\u00f3 que al paciente se le practic\u00f3 un scanner para analizar las poli-contusiones y fracturas a nivel cr\u00e1neo facial que presentaba en primera instancia Jonathan Herrera, cuyo diagn\u00f3stico se mantiene en car\u00e1cter reservado.<br \/>\n\u201cIngres\u00f3 un paciente muy grave tra\u00eddo por el Samu, entubado, con serio compromiso de conciencia, con el antecedente de una ca\u00edda aproximadamente de diez metros de altura sobre la superficie donde estaban parados, cayendo al vac\u00edo. Son dos personas, la otra lamentablemente falleci\u00f3. Esta persona tiene un compromiso cr\u00e1neo facial importante, una fractura cl\u00ednicamente de cr\u00e1neo, en estos momentos se le est\u00e1 realizando un scanner, de tal manera de evaluar con los neurocirujanos si este paciente va a ser intervenido ac\u00e1 o tiene que ser trasladado debido a la gravedad de sus lesiones. El paciente tiene otras lesiones internas que se est\u00e1n observando y tiene un pron\u00f3stico reservado\u201d, indic\u00f3 en Director del Hospital San Camilo, N\u00e9stor Iribarra.<br \/>\nEn tanto, hasta la empresa Frutexport de Santa Mar\u00eda concurri\u00f3 personal de Carabineros y la Brigada de Homicidios de Los Andes para el despliegue de las primeras diligencias sobre el caso. Asimismo la Fiscal de Turno, Daniela Quevedo Henr\u00edquez, dispuso de las pericias del Laboratorio de Criminal\u00edstica de la Polic\u00eda de Investigaciones de Valpara\u00edso para el proceso de investigaci\u00f3n de este lamentable accidente.<br \/>\n\u201cLos antecedentes que se manejan son que a partir de las 10:00 horas, dos funcionarios de la empresa, operadores de limpieza, subieron con la intenci\u00f3n de limpiar las canaletas y por circunstancias que se investigan, los pizarre\u00f1os cedieron y cayeron ambos desde una altura de ocho a diez metros aproximadamente. Las medidas de seguridad son parte de la investigaci\u00f3n que tenemos que ver, estamos esperando al Laboratorio de Criminal\u00edstica de la Polic\u00eda de Investigaciones de Valpara\u00edso, en estos momentos est\u00e1n trabajando los funcionarios de la Brigada de Homicidios. Se est\u00e1 haciendo el empadronamiento de los testigos, quienes encuentran a estos dos funcionarios una vez que ya hab\u00edan ca\u00eddo\u201d, indic\u00f3 la representante del Ministerio P\u00fablico de San Felipe, Fiscal Daniela Quevedo Henr\u00edquez.<br \/>\nHasta horas de la tarde de ayer martes, la empresa exportadora ces\u00f3 completamente sus funciones despachando al resto de sus trabajadores hacia sus domicilios para el pleno desempe\u00f1o de las pericias que se desarrollan en el sitio del suceso por parte de la Polic\u00eda de Investigaciones, mientras el cuerpo de Luis Espinoza Barrera fue derivado hasta el Servicio M\u00e9dico Legal de San Felipe para la autopsia de rigor y posterior entrega a sus familiares.<br \/>\nA eso de las 16:30 horas de ayer, en el Hospital San Camilo, los familiares de Jonathan Herrera Rivas, residente de Villa Industrial de San Felipe, se encontraban consternados a la espera de su evoluci\u00f3n tras la gravedad de sus lesiones. Sin embargo por tratarse de un accidente laboral, el paciente fue trasladado en ambulancia por intermedio de la Asociaci\u00f3n Chilena de Seguridad (ACHS) hasta la Cl\u00ednica D\u00e1vila en la regi\u00f3n metropolitana en situaci\u00f3n riesgosa.<br \/>\nPablo Salinas Sald\u00edas<\/p>\n<div class=\"tiled-gallery type-rectangular tiled-gallery-unresized\" data-original-width=\"640\" data-carousel-extra='null' itemscope itemtype=\"http:\/\/schema.org\/ImageGallery\" > <div class=\"gallery-row\" style=\"width: 640px; height: 453px;\" data-original-width=\"640\" data-original-height=\"453\" > <div class=\"gallery-group images-2\" style=\"width: 297px; height: 453px;\" data-original-width=\"297\" data-original-height=\"453\" > <div class=\"tiled-gallery-item tiled-gallery-item-large\" itemprop=\"associatedMedia\" itemscope itemtype=\"http:\/\/schema.org\/ImageObject\"> <a href=\"https:\/\/eltrabajo.cl\/portal\/trabajador-muere-al-caer-de-techo-a-10-metros-de-altura\/gedsc-digital-camera-32\/\" border=\"0\" itemprop=\"url\"> <meta itemprop=\"width\" content=\"293\"> <meta itemprop=\"height\" content=\"223\"> <img decoding=\"async\" class=\"\" data-attachment-id=\"53855\" data-orig-file=\"https:\/\/eltrabajo.cl\/portal\/wp-content\/uploads\/2014\/12\/PORTA-1.jpg\" data-orig-size=\"529,401\" data-comments-opened=\"1\" data-image-meta=\"{&quot;aperture&quot;:&quot;0&quot;,&quot;credit&quot;:&quot;&quot;,&quot;camera&quot;:&quot;&quot;,&quot;caption&quot;:&quot;&quot;,&quot;created_timestamp&quot;:&quot;0&quot;,&quot;copyright&quot;:&quot;&quot;,&quot;focal_length&quot;:&quot;0&quot;,&quot;iso&quot;:&quot;0&quot;,&quot;shutter_speed&quot;:&quot;0&quot;,&quot;title&quot;:&quot;GEDSC DIGITAL CAMERA&quot;,&quot;orientation&quot;:&quot;0&quot;}\" data-image-title=\"GEDSC DIGITAL CAMERA\" data-image-description=\"&lt;p&gt;Personal de Carabineros y Polic\u00eda de Investigaciones realizaron las primeras pericias sobre este lamentable accidente.&lt;\/p&gt; \" data-medium-file=\"https:\/\/i0.wp.com\/eltrabajo.cl\/portal\/wp-content\/uploads\/2014\/12\/PORTA-1.jpg?fit=300%2C227&#038;ssl=1\" data-large-file=\"https:\/\/i0.wp.com\/eltrabajo.cl\/portal\/wp-content\/uploads\/2014\/12\/PORTA-1.jpg?fit=529%2C401&#038;ssl=1\" src=\"https:\/\/i0.wp.com\/eltrabajo.cl\/portal\/wp-content\/uploads\/2014\/12\/PORTA-1.jpg?w=293&#038;h=223&#038;ssl=1\" srcset=\"https:\/\/i0.wp.com\/eltrabajo.cl\/portal\/wp-content\/uploads\/2014\/12\/PORTA-1.jpg?w=529&amp;ssl=1 529w, https:\/\/i0.wp.com\/eltrabajo.cl\/portal\/wp-content\/uploads\/2014\/12\/PORTA-1.jpg?resize=197%2C150&amp;ssl=1 197w, https:\/\/i0.wp.com\/eltrabajo.cl\/portal\/wp-content\/uploads\/2014\/12\/PORTA-1.jpg?resize=300%2C227&amp;ssl=1 300w, https:\/\/i0.wp.com\/eltrabajo.cl\/portal\/wp-content\/uploads\/2014\/12\/PORTA-1.jpg?resize=150%2C113&amp;ssl=1 150w, https:\/\/i0.wp.com\/eltrabajo.cl\/portal\/wp-content\/uploads\/2014\/12\/PORTA-1.jpg?resize=400%2C303&amp;ssl=1 400w\" width=\"293\" height=\"223\" loading=\"lazy\" data-original-width=\"293\" data-original-height=\"223\" itemprop=\"http:\/\/schema.org\/image\" title=\"GEDSC DIGITAL CAMERA\" alt=\"Personal de Carabineros y Polic\u00eda de Investigaciones realizaron las primeras pericias sobre este lamentable accidente.\" style=\"width: 293px; height: 223px;\" \/> <\/a> <div class=\"tiled-gallery-caption\" itemprop=\"caption description\"> Personal de Carabineros y Polic\u00eda de Investigaciones realizaron las primeras pericias sobre este lamentable accidente. <\/div> <\/div> <div class=\"tiled-gallery-item tiled-gallery-item-large\" itemprop=\"associatedMedia\" itemscope itemtype=\"http:\/\/schema.org\/ImageObject\"> <a href=\"https:\/\/eltrabajo.cl\/portal\/trabajador-muere-al-caer-de-techo-a-10-metros-de-altura\/porta-2-2\/\" border=\"0\" itemprop=\"url\"> <meta itemprop=\"width\" content=\"293\"> <meta itemprop=\"height\" content=\"222\"> <img decoding=\"async\" class=\"\" data-attachment-id=\"53856\" data-orig-file=\"https:\/\/eltrabajo.cl\/portal\/wp-content\/uploads\/2014\/12\/PORTA-2.jpg\" data-orig-size=\"529,401\" data-comments-opened=\"1\" data-image-meta=\"{&quot;aperture&quot;:&quot;0&quot;,&quot;credit&quot;:&quot;Picasa&quot;,&quot;camera&quot;:&quot;&quot;,&quot;caption&quot;:&quot;&quot;,&quot;created_timestamp&quot;:&quot;0&quot;,&quot;copyright&quot;:&quot;&quot;,&quot;focal_length&quot;:&quot;0&quot;,&quot;iso&quot;:&quot;0&quot;,&quot;shutter_speed&quot;:&quot;0&quot;,&quot;title&quot;:&quot;&quot;,&quot;orientation&quot;:&quot;0&quot;}\" data-image-title=\"PORTA 2\" data-image-description=\"&lt;p&gt;Hasta el lugar de los hechos concurri\u00f3 el Servicio M\u00e9dico Legal para retirar el cuerpo de Luis Espinoza Barrera de 51 a\u00f1os, quien falleci\u00f3 producto de violenta ca\u00edda desde una altura de 10 metros.&lt;\/p&gt; \" data-medium-file=\"https:\/\/i0.wp.com\/eltrabajo.cl\/portal\/wp-content\/uploads\/2014\/12\/PORTA-2.jpg?fit=300%2C227&#038;ssl=1\" data-large-file=\"https:\/\/i0.wp.com\/eltrabajo.cl\/portal\/wp-content\/uploads\/2014\/12\/PORTA-2.jpg?fit=529%2C401&#038;ssl=1\" src=\"https:\/\/i0.wp.com\/eltrabajo.cl\/portal\/wp-content\/uploads\/2014\/12\/PORTA-2.jpg?w=293&#038;h=222&#038;ssl=1\" srcset=\"https:\/\/i0.wp.com\/eltrabajo.cl\/portal\/wp-content\/uploads\/2014\/12\/PORTA-2.jpg?w=529&amp;ssl=1 529w, https:\/\/i0.wp.com\/eltrabajo.cl\/portal\/wp-content\/uploads\/2014\/12\/PORTA-2.jpg?resize=197%2C150&amp;ssl=1 197w, https:\/\/i0.wp.com\/eltrabajo.cl\/portal\/wp-content\/uploads\/2014\/12\/PORTA-2.jpg?resize=300%2C227&amp;ssl=1 300w, https:\/\/i0.wp.com\/eltrabajo.cl\/portal\/wp-content\/uploads\/2014\/12\/PORTA-2.jpg?resize=150%2C113&amp;ssl=1 150w, https:\/\/i0.wp.com\/eltrabajo.cl\/portal\/wp-content\/uploads\/2014\/12\/PORTA-2.jpg?resize=400%2C303&amp;ssl=1 400w\" width=\"293\" height=\"222\" loading=\"lazy\" data-original-width=\"293\" data-original-height=\"222\" itemprop=\"http:\/\/schema.org\/image\" title=\"PORTA 2\" alt=\"Hasta el lugar de los hechos concurri\u00f3 el Servicio M\u00e9dico Legal para retirar el cuerpo de Luis Espinoza Barrera de 51 a\u00f1os, quien falleci\u00f3 producto de violenta ca\u00edda desde una altura de 10 metros.\" style=\"width: 293px; height: 222px;\" \/> <\/a> <div class=\"tiled-gallery-caption\" itemprop=\"caption description\"> Hasta el lugar de los hechos concurri\u00f3 el Servicio M\u00e9dico Legal para retirar el cuerpo de Luis Espinoza Barrera de 51 a\u00f1os, quien falleci\u00f3 producto de violenta ca\u00edda desde una altura de 10 metros. <\/div> <\/div> <\/div> <!-- close group --> <div class=\"gallery-group images-1\" style=\"width: 343px; height: 453px;\" data-original-width=\"343\" data-original-height=\"453\" > <div class=\"tiled-gallery-item tiled-gallery-item-large\" itemprop=\"associatedMedia\" itemscope itemtype=\"http:\/\/schema.org\/ImageObject\"> <a href=\"https:\/\/eltrabajo.cl\/portal\/trabajador-muere-al-caer-de-techo-a-10-metros-de-altura\/fiscal-daniela-quevedo-15\/\" border=\"0\" itemprop=\"url\"> <meta itemprop=\"width\" content=\"339\"> <meta itemprop=\"height\" content=\"449\"> <img decoding=\"async\" class=\"\" data-attachment-id=\"53854\" data-orig-file=\"https:\/\/eltrabajo.cl\/portal\/wp-content\/uploads\/2014\/12\/Fiscal-Daniela-Quevedo.jpg\" data-orig-size=\"529,701\" data-comments-opened=\"1\" data-image-meta=\"{&quot;aperture&quot;:&quot;0&quot;,&quot;credit&quot;:&quot;Picasa&quot;,&quot;camera&quot;:&quot;&quot;,&quot;caption&quot;:&quot;&quot;,&quot;created_timestamp&quot;:&quot;0&quot;,&quot;copyright&quot;:&quot;&quot;,&quot;focal_length&quot;:&quot;0&quot;,&quot;iso&quot;:&quot;0&quot;,&quot;shutter_speed&quot;:&quot;0&quot;,&quot;title&quot;:&quot;&quot;,&quot;orientation&quot;:&quot;0&quot;}\" data-image-title=\"Fiscal Daniela Quevedo\" data-image-description=\"&lt;p&gt;La Fiscal Daniela Quevedo orden\u00f3 las diligencias del Laboratorio de Criminal\u00edstica de la Polic\u00eda de Investigaciones de Valpara\u00edso, para el an\u00e1lisis exhaustivo para la investigaci\u00f3n del caso.&lt;\/p&gt; \" data-medium-file=\"https:\/\/i0.wp.com\/eltrabajo.cl\/portal\/wp-content\/uploads\/2014\/12\/Fiscal-Daniela-Quevedo.jpg?fit=226%2C300&#038;ssl=1\" data-large-file=\"https:\/\/i0.wp.com\/eltrabajo.cl\/portal\/wp-content\/uploads\/2014\/12\/Fiscal-Daniela-Quevedo.jpg?fit=529%2C701&#038;ssl=1\" src=\"https:\/\/i0.wp.com\/eltrabajo.cl\/portal\/wp-content\/uploads\/2014\/12\/Fiscal-Daniela-Quevedo.jpg?w=339&#038;h=449&#038;ssl=1\" srcset=\"https:\/\/i0.wp.com\/eltrabajo.cl\/portal\/wp-content\/uploads\/2014\/12\/Fiscal-Daniela-Quevedo.jpg?w=529&amp;ssl=1 529w, https:\/\/i0.wp.com\/eltrabajo.cl\/portal\/wp-content\/uploads\/2014\/12\/Fiscal-Daniela-Quevedo.jpg?resize=113%2C150&amp;ssl=1 113w, https:\/\/i0.wp.com\/eltrabajo.cl\/portal\/wp-content\/uploads\/2014\/12\/Fiscal-Daniela-Quevedo.jpg?resize=226%2C300&amp;ssl=1 226w, https:\/\/i0.wp.com\/eltrabajo.cl\/portal\/wp-content\/uploads\/2014\/12\/Fiscal-Daniela-Quevedo.jpg?resize=400%2C530&amp;ssl=1 400w\" width=\"339\" height=\"449\" loading=\"lazy\" data-original-width=\"339\" data-original-height=\"449\" itemprop=\"http:\/\/schema.org\/image\" title=\"Fiscal Daniela Quevedo\" alt=\"La Fiscal Daniela Quevedo orden\u00f3 las diligencias del Laboratorio de Criminal\u00edstica de la Polic\u00eda de Investigaciones de Valpara\u00edso, para el an\u00e1lisis exhaustivo para la investigaci\u00f3n del caso.\" style=\"width: 339px; height: 449px;\" \/> <\/a> <div class=\"tiled-gallery-caption\" itemprop=\"caption description\"> La Fiscal Daniela Quevedo orden\u00f3 las diligencias del Laboratorio de Criminal\u00edstica de la Polic\u00eda de Investigaciones de Valpara\u00edso, para el an\u00e1lisis exhaustivo para la investigaci\u00f3n del caso. <\/div> <\/div> <\/div> <!-- close group --> <\/div> <!-- close row --> <\/div>\n","protected":false},"excerpt":{"rendered":"<p>La vida de un trabajador sanfelipe\u00f1o se apag\u00f3 instant\u00e1neamente cuando hac\u00eda labores de limpieza sobre el techo de un enorme galp\u00f3n, pero sin las medidas necesarias de seguridad. Un segundo empleado permanece&#8230;<\/p>\n","protected":false},"author":482,"featured_media":53853,"comment_status":"open","ping_status":"closed","sticky":false,"template":"","format":"standard","meta":{"advanced_seo_description":"","jetpack_seo_html_title":"","jetpack_seo_noindex":false,"_jetpack_memberships_contains_paid_content":false,"footnotes":""},"categories":[21],"tags":[],"class_list":["post-53852","post","type-post","status-publish","format-standard","has-post-thumbnail","hentry","category-policial"],"jetpack_featured_media_url":"https:\/\/i0.wp.com\/eltrabajo.cl\/portal\/wp-content\/uploads\/2014\/12\/PORTA-3.jpg?fit=529%2C401&ssl=1","jetpack_sharing_enabled":true,"jetpack_likes_enabled":true,"jetpack-related-posts":[],"_links":{"self":[{"href":"https:\/\/eltrabajo.cl\/portal\/wp-json\/wp\/v2\/posts\/53852","targetHints":{"allow":["GET"]}}],"collection":[{"href":"https:\/\/eltrabajo.cl\/portal\/wp-json\/wp\/v2\/posts"}],"about":[{"href":"https:\/\/eltrabajo.cl\/portal\/wp-json\/wp\/v2\/types\/post"}],"author":[{"embeddable":true,"href":"https:\/\/eltrabajo.cl\/portal\/wp-json\/wp\/v2\/users\/482"}],"replies":[{"embeddable":true,"href":"https:\/\/eltrabajo.cl\/portal\/wp-json\/wp\/v2\/comments?post=53852"}],"version-history":[{"count":0,"href":"https:\/\/eltrabajo.cl\/portal\/wp-json\/wp\/v2\/posts\/53852\/revisions"}],"wp:featuredmedia":[{"embeddable":true,"href":"https:\/\/eltrabajo.cl\/portal\/wp-json\/wp\/v2\/media\/53853"}],"wp:attachment":[{"href":"https:\/\/eltrabajo.cl\/portal\/wp-json\/wp\/v2\/media?parent=53852"}],"wp:term":[{"taxonomy":"category","embeddable":true,"href":"https:\/\/eltrabajo.cl\/portal\/wp-json\/wp\/v2\/categories?post=53852"},{"taxonomy":"post_tag","embeddable":true,"href":"https:\/\/eltrabajo.cl\/portal\/wp-json\/wp\/v2\/tags?post=53852"}],"curies":[{"name":"wp","href":"https:\/\/api.w.org\/{rel}","templated":true}]}}