{"id":5386,"date":"2011-10-25T09:12:30","date_gmt":"2011-10-25T13:12:30","guid":{"rendered":"http:\/\/www.eltrabajo.cl\/portal\/?p=5386"},"modified":"2011-10-25T09:12:30","modified_gmt":"2011-10-25T13:12:30","slug":"madre-busca-desesperadamente-a-joven-presuntamente-asesinado-en-la-departamental","status":"publish","type":"post","link":"https:\/\/eltrabajo.cl\/portal\/madre-busca-desesperadamente-a-joven-presuntamente-asesinado-en-la-departamental\/","title":{"rendered":"Madre busca desesperadamente a joven presuntamente asesinado en la Departamental"},"content":{"rendered":"<figure id=\"attachment_5387\" aria-describedby=\"caption-attachment-5387\" style=\"width: 600px\" class=\"wp-caption alignnone\"><a href=\"http:\/\/www.eltrabajo.cl\/portal\/archives\/5386\/joven-perdido\" rel=\"attachment wp-att-5387\"><img data-recalc-dims=\"1\" loading=\"lazy\" decoding=\"async\" class=\"size-full wp-image-5387\" title=\"joven perdido\" src=\"https:\/\/i0.wp.com\/www.eltrabajo.cl\/portal\/wp-content\/uploads\/2011\/10\/joven-perdido.jpg?resize=600%2C408\" alt=\"\" width=\"600\" height=\"408\" srcset=\"https:\/\/i0.wp.com\/eltrabajo.cl\/portal\/wp-content\/uploads\/2011\/10\/joven-perdido.jpg?w=600&amp;ssl=1 600w, https:\/\/i0.wp.com\/eltrabajo.cl\/portal\/wp-content\/uploads\/2011\/10\/joven-perdido.jpg?resize=200%2C136&amp;ssl=1 200w, https:\/\/i0.wp.com\/eltrabajo.cl\/portal\/wp-content\/uploads\/2011\/10\/joven-perdido.jpg?resize=300%2C204&amp;ssl=1 300w, https:\/\/i0.wp.com\/eltrabajo.cl\/portal\/wp-content\/uploads\/2011\/10\/joven-perdido.jpg?resize=150%2C102&amp;ssl=1 150w, https:\/\/i0.wp.com\/eltrabajo.cl\/portal\/wp-content\/uploads\/2011\/10\/joven-perdido.jpg?resize=400%2C272&amp;ssl=1 400w\" sizes=\"auto, (max-width: 600px) 100vw, 600px\" \/><\/a><figcaption id=\"caption-attachment-5387\" class=\"wp-caption-text\">Este es Guillermo C\u00f3rdova. Est\u00e1 desaparecido desde el 17 de octubre y aunque su madre ha tratado de comunicarse con \u00e9l, su celular permanece apagado.<\/figcaption><\/figure>\n<p><strong>Una semana lleva desaparecido joven que luego de visitar a sus hijos fue asaltado y se perdi\u00f3 su rastro en el sector de Departamental<\/strong><\/p>\n<p>Desde el 17 de octubre permanece desaparecido Guillermo C\u00f3rdova Klein, un joven de 24 a\u00f1os que sali\u00f3 de su domicilio en el sector de La Higuera, hacia la casa donde viven sus hijos en San Felipe, para luego dirigirse al sector de la Departamental, lugar donde se perdi\u00f3 su rastro.<\/p>\n<p>La situaci\u00f3n mantiene profundamente preocupada a su familia, especialmente a su madre, Yorka Klein, quien ese mismo d\u00eda comenz\u00f3 a buscarlo, y el mi\u00e9rcoles 19 estamp\u00f3 una denuncia por presunta desgracia.<\/p>\n<p>\u00abLe dej\u00f3 la plata (a sus hijos) y \u00e9l se fue y despu\u00e9s llam\u00f3 por tel\u00e9fono que lo hab\u00edan asaltado y que el tal \u2018Rulo\u2019 lo hab\u00eda asaltado, llam\u00f3 a su se\u00f1ora, y lo hab\u00edan asaltado en la Departamental, se fue hacia la plaza de armas, pero a las 4 de la tarde habr\u00eda vuelto a buscar lo que le robaron. Luego un cuarto para las 5 de la tarde, mi hijo desapareci\u00f3 y no volvi\u00f3 m\u00e1s\u00bb, dijo la preocupada madre.<\/p>\n<p>Esa misma tarde Yorka lo comenz\u00f3 a ubicar, ya que necesitaba que la acompa\u00f1ara a realizar un tr\u00e1mite, pero el tel\u00e9fono celular del joven aparec\u00eda apagado. Ignorando lo que le hab\u00eda ocurrido, a la ma\u00f1ana siguiente fue a buscarlo a su casa, pero tampoco estaba y ah\u00ed supo que no hab\u00eda aparecido, por lo que comenz\u00f3 una intensa b\u00fasqueda que se mantiene hasta hoy.<\/p>\n<p>\u00abEl mi\u00e9rcoles hice la denuncia por presunta desgracia y me dijeron que lo iban a salir a buscar, yo lo he ido a buscar a todas partes, pero no lo he podido encontrar\u00bb.<\/p>\n<p>La preocupaci\u00f3n de Yorka se hizo m\u00e1s grande cuando la ma\u00f1ana del domingo la llamaron al tel\u00e9fono de su casa, para decirle, en forma an\u00f3nima, que buscara a su hijo en el sector de las pozas, ya que estaba muerto.<\/p>\n<p>\u00abMe dijeron que lo buscara en las pozas, porque lo hab\u00edan matado y ah\u00ed lo hab\u00edan tirado. A mi otra nuera que es casada con mi hijo mayor la llamaron dos personas distintas, y tambi\u00e9n le dijeron que lo hab\u00edan matado y estaba en las 3 canchas, estaba tirado\u00bb.<\/p>\n<p>En su preocupaci\u00f3n por encontrarlo, Yorka ha recorrido por todos los lugares que le han dicho: \u00abHe recorrido las pozas, nos hemos metido por los matorrales, al \u00fanico lugar donde no me he metido es al r\u00edo, porque no s\u00e9 nadar y no quiero arriesgar mi vida, aunque la idea es encontrarlo a \u00e9l\u00bb.<\/p>\n<p>En su desesperaci\u00f3n esta madre recurri\u00f3 a una mentalista de la comuna de San Felipe, quien le dijo que efectivamente estaba muerto y en el lugar donde le avisaron por tel\u00e9fono, aunque a pesar de la b\u00fasqueda no tiene resultados positivos.<\/p>\n<p>\u00abYo espero que me ayuden las autoridades, no solamente Carabineros, porque es mi hijo y necesito como sea encontrarlo, vivo o muerto. Estoy mal, porque me cost\u00f3 mucho criar a mis hijos, vengo de un matrimonio que me cas\u00e9 a los 13 a\u00f1os y de los 14 he sido mam\u00e1 para adelante, y mis hijos y yo fuimos muy maltratados y me duele, me duele no encontrarlo, porque lo he tratado de proteger por todas partes\u00bb.<\/p>\n<p>Guillermo tiene 24 a\u00f1os y seg\u00fan Yorka, ten\u00edan una relaci\u00f3n bastante especial entre madre e hijo, \u00e9l siempre recurr\u00eda a ella ante cualquier dificultad, por eso le extra\u00f1a que en estos momentos no sepa nada de \u00e9l, sobre todo si est\u00e1 pasando por alguna dificultad.<\/p>\n<p>Yorka en su interior siente que su hijo no est\u00e1 bien, que alguien lo lastim\u00f3, pero a pesar del dolor, espera que la justicia act\u00fae, sobre todo la de Dios.<\/p>\n<p>\u00abEst\u00e1 la ley y est\u00e1 Dios, y as\u00ed lo tenga muerto al lado m\u00edo, no voy a pensar de otra manera, toda la vida he sido antiviolencia y para eso est\u00e1 la ley, pero que los responsables sean castigados, porque nadie tiene derecho de quitarle la vida a una persona\u00bb, concluy\u00f3.<\/p>\n","protected":false},"excerpt":{"rendered":"<p>Una semana lleva desaparecido joven que luego de visitar a sus hijos fue asaltado y se perdi\u00f3 su rastro en el sector de Departamental Desde el 17 de octubre permanece desaparecido Guillermo&#8230;<\/p>\n","protected":false},"author":482,"featured_media":5387,"comment_status":"open","ping_status":"open","sticky":false,"template":"","format":"standard","meta":{"advanced_seo_description":"","jetpack_seo_html_title":"","jetpack_seo_noindex":false,"_jetpack_memberships_contains_paid_content":false,"footnotes":""},"categories":[15],"tags":[],"class_list":["post-5386","post","type-post","status-publish","format-standard","has-post-thumbnail","hentry","category-comunidad"],"jetpack_featured_media_url":"https:\/\/i0.wp.com\/eltrabajo.cl\/portal\/wp-content\/uploads\/2011\/10\/joven-perdido.jpg?fit=600%2C408&ssl=1","jetpack_sharing_enabled":true,"jetpack_likes_enabled":true,"jetpack-related-posts":[],"_links":{"self":[{"href":"https:\/\/eltrabajo.cl\/portal\/wp-json\/wp\/v2\/posts\/5386","targetHints":{"allow":["GET"]}}],"collection":[{"href":"https:\/\/eltrabajo.cl\/portal\/wp-json\/wp\/v2\/posts"}],"about":[{"href":"https:\/\/eltrabajo.cl\/portal\/wp-json\/wp\/v2\/types\/post"}],"author":[{"embeddable":true,"href":"https:\/\/eltrabajo.cl\/portal\/wp-json\/wp\/v2\/users\/482"}],"replies":[{"embeddable":true,"href":"https:\/\/eltrabajo.cl\/portal\/wp-json\/wp\/v2\/comments?post=5386"}],"version-history":[{"count":0,"href":"https:\/\/eltrabajo.cl\/portal\/wp-json\/wp\/v2\/posts\/5386\/revisions"}],"wp:featuredmedia":[{"embeddable":true,"href":"https:\/\/eltrabajo.cl\/portal\/wp-json\/wp\/v2\/media\/5387"}],"wp:attachment":[{"href":"https:\/\/eltrabajo.cl\/portal\/wp-json\/wp\/v2\/media?parent=5386"}],"wp:term":[{"taxonomy":"category","embeddable":true,"href":"https:\/\/eltrabajo.cl\/portal\/wp-json\/wp\/v2\/categories?post=5386"},{"taxonomy":"post_tag","embeddable":true,"href":"https:\/\/eltrabajo.cl\/portal\/wp-json\/wp\/v2\/tags?post=5386"}],"curies":[{"name":"wp","href":"https:\/\/api.w.org\/{rel}","templated":true}]}}