{"id":53866,"date":"2014-12-04T09:14:28","date_gmt":"2014-12-04T12:14:28","guid":{"rendered":"http:\/\/www.eltrabajo.cl\/portal\/?p=53866"},"modified":"2014-12-04T09:14:28","modified_gmt":"2014-12-04T12:14:28","slug":"muere-vicesuperintendente-de-bomberos-tomas-urra","status":"publish","type":"post","link":"https:\/\/eltrabajo.cl\/portal\/muere-vicesuperintendente-de-bomberos-tomas-urra\/","title":{"rendered":"Muere Vicesuperintendente de Bomberos Tom\u00e1s Urra"},"content":{"rendered":"<figure id=\"attachment_53867\" aria-describedby=\"caption-attachment-53867\" style=\"width: 300px\" class=\"wp-caption alignleft\"><a href=\"https:\/\/i0.wp.com\/www.eltrabajo.cl\/portal\/wp-content\/uploads\/2014\/12\/Tomas1.jpg\"><img data-recalc-dims=\"1\" loading=\"lazy\" decoding=\"async\" class=\"wp-image-53867 size-medium\" src=\"https:\/\/i0.wp.com\/www.eltrabajo.cl\/portal\/wp-content\/uploads\/2014\/12\/Tomas1-300x222.jpg?resize=300%2C222\" alt=\"Antonio Urra naci\u00f3 el martes 22 de septiembre de 1942 en la comuna de Lautaro y era casado hace 52 a\u00f1os con su se\u00f1ora Petronila Montenegro.\" width=\"300\" height=\"222\" srcset=\"https:\/\/i0.wp.com\/eltrabajo.cl\/portal\/wp-content\/uploads\/2014\/12\/Tomas1.jpg?resize=300%2C222&amp;ssl=1 300w, https:\/\/i0.wp.com\/eltrabajo.cl\/portal\/wp-content\/uploads\/2014\/12\/Tomas1.jpg?resize=200%2C148&amp;ssl=1 200w, https:\/\/i0.wp.com\/eltrabajo.cl\/portal\/wp-content\/uploads\/2014\/12\/Tomas1.jpg?resize=150%2C111&amp;ssl=1 150w, https:\/\/i0.wp.com\/eltrabajo.cl\/portal\/wp-content\/uploads\/2014\/12\/Tomas1.jpg?resize=400%2C296&amp;ssl=1 400w, https:\/\/i0.wp.com\/eltrabajo.cl\/portal\/wp-content\/uploads\/2014\/12\/Tomas1.jpg?w=529&amp;ssl=1 529w\" sizes=\"auto, (max-width: 300px) 100vw, 300px\" \/><\/a><figcaption id=\"caption-attachment-53867\" class=\"wp-caption-text\">Antonio Urra naci\u00f3 el martes 22 de septiembre de 1942 en la comuna de Lautaro y era casado hace 52 a\u00f1os con su se\u00f1ora Petronila Montenegro.<\/figcaption><\/figure>\n<p><strong>RINCONADA<\/strong>.- En el cementerio parroquial de la comuna de Rinconada fueron sepultados los restos del Vicesuperintendente del Cuerpo de Bomberos de Rinconada, Tom\u00e1s Antonio Urra Saavedra (72), quien falleci\u00f3 la madrugada del pasado viernes en el Hospital Carlos Van Buren de Valpara\u00edso, aquejado de un c\u00e1ncer terminal.<\/p>\n<p><strong>SU TRAYECTORIA<\/strong><br \/>\nAntonio Urra naci\u00f3 el martes 22 de septiembre de 1942 en la comuna de Lautaro y era casado hace 52 a\u00f1os con su se\u00f1ora Petronila Montenegro y dej\u00f3 cinco hijos y ocho nietos. De profesi\u00f3n mec\u00e1nico soldador, se desempe\u00f1\u00f3 en taller de soldadura de Codelco Divisi\u00f3n Andina, trabaj\u00f3 en la construcci\u00f3n del Santuario de Santa Teresa en Auco y en labores de la torre para la sirena del cuerpo.<\/p>\n<figure id=\"attachment_53868\" aria-describedby=\"caption-attachment-53868\" style=\"width: 400px\" class=\"wp-caption alignright\"><a href=\"https:\/\/i0.wp.com\/www.eltrabajo.cl\/portal\/wp-content\/uploads\/2014\/12\/Tomas2.jpg\"><img data-recalc-dims=\"1\" loading=\"lazy\" decoding=\"async\" class=\"wp-image-53868\" src=\"https:\/\/i0.wp.com\/www.eltrabajo.cl\/portal\/wp-content\/uploads\/2014\/12\/Tomas2.jpg?resize=400%2C258\" alt=\"As\u00f3 se realiz\u00f3 el ceremonial y ritual de despedida en el patio, honores de reglamento por bomberos de Rinconada y delegaciones de otras comunas de las provincias de Los Andes y San Felipe\" width=\"400\" height=\"258\" srcset=\"https:\/\/i0.wp.com\/eltrabajo.cl\/portal\/wp-content\/uploads\/2014\/12\/Tomas2.jpg?w=529&amp;ssl=1 529w, https:\/\/i0.wp.com\/eltrabajo.cl\/portal\/wp-content\/uploads\/2014\/12\/Tomas2.jpg?resize=200%2C128&amp;ssl=1 200w, https:\/\/i0.wp.com\/eltrabajo.cl\/portal\/wp-content\/uploads\/2014\/12\/Tomas2.jpg?resize=300%2C193&amp;ssl=1 300w, https:\/\/i0.wp.com\/eltrabajo.cl\/portal\/wp-content\/uploads\/2014\/12\/Tomas2.jpg?resize=150%2C96&amp;ssl=1 150w, https:\/\/i0.wp.com\/eltrabajo.cl\/portal\/wp-content\/uploads\/2014\/12\/Tomas2.jpg?resize=400%2C257&amp;ssl=1 400w\" sizes=\"auto, (max-width: 400px) 100vw, 400px\" \/><\/a><figcaption id=\"caption-attachment-53868\" class=\"wp-caption-text\">As\u00f3 se realiz\u00f3 el ceremonial y ritual de despedida en el patio, honores de reglamento por bomberos de Rinconada y delegaciones de otras comunas de las provincias de Los Andes y San Felipe<\/figcaption><\/figure>\n<p>Se incorpor\u00f3 el 1 de junio de 1987 a la Primera Compa\u00f1\u00eda del Cuerpo de Bomberos de Rinconada, ocupando los cargos de sargento ranchero; teniente tercero y director de compa\u00f1\u00eda, siendo reconocido por la compa\u00f1\u00eda y por el Cuerpo de Bomberos como miembro honorario por 20 a\u00f1os y luego por 25 a\u00f1os de servicio.<br \/>\nEn 2013 fue nombrado superintendente de la instituci\u00f3n, destac\u00e1ndose su abnegada pasi\u00f3n y amor por la instituci\u00f3n. En el pasado aniversario, el directorio general lo premi\u00f3 por su trayectoria y labor con un galvano y diploma de honor. En 2014 fue designado vicesuperintendente, cargo que no dej\u00f3 pese a las adversidades, destac\u00e1ndose siempre como un bombero participativo, responsable, respetando a cada bombero y demostrando el amor a la noble vocaci\u00f3n.<br \/>\nLa tarde del s\u00e1bado se realiz\u00f3 la Misa a cargo del p\u00e1rroco de la Parroquia San Jos\u00e9 Obrero, sacerdote Miguel Trivi\u00f1o. A continuaci\u00f3n ceremonial y ritual de despedida en el patio, honores de reglamento por bomberos de Rinconada y delegaciones de otras comunas de las provincias de Los Andes y San Felipe.<br \/>\nEl ata\u00fad se traslad\u00f3 sobre el carro bomba m\u00e1s antiguo, el mismo donde fueron llevados los restos de Santa Teresa desde ex Monasterio en Los Andes al Santuario de Auco. Posteriormente los restos de este destacado bombero fueron depositados en el mausoleo institucional.<\/p>\n","protected":false},"excerpt":{"rendered":"<p>RINCONADA.- En el cementerio parroquial de la comuna de Rinconada fueron sepultados los restos del Vicesuperintendente del Cuerpo de Bomberos de Rinconada, Tom\u00e1s Antonio Urra Saavedra (72), quien falleci\u00f3 la madrugada del&#8230;<\/p>\n","protected":false},"author":482,"featured_media":53867,"comment_status":"open","ping_status":"closed","sticky":false,"template":"","format":"standard","meta":{"advanced_seo_description":"","jetpack_seo_html_title":"","jetpack_seo_noindex":false,"_jetpack_memberships_contains_paid_content":false,"footnotes":""},"categories":[15],"tags":[],"class_list":["post-53866","post","type-post","status-publish","format-standard","has-post-thumbnail","hentry","category-comunidad"],"jetpack_featured_media_url":"https:\/\/i0.wp.com\/eltrabajo.cl\/portal\/wp-content\/uploads\/2014\/12\/Tomas1.jpg?fit=529%2C392&ssl=1","jetpack_sharing_enabled":true,"jetpack_likes_enabled":true,"jetpack-related-posts":[],"_links":{"self":[{"href":"https:\/\/eltrabajo.cl\/portal\/wp-json\/wp\/v2\/posts\/53866","targetHints":{"allow":["GET"]}}],"collection":[{"href":"https:\/\/eltrabajo.cl\/portal\/wp-json\/wp\/v2\/posts"}],"about":[{"href":"https:\/\/eltrabajo.cl\/portal\/wp-json\/wp\/v2\/types\/post"}],"author":[{"embeddable":true,"href":"https:\/\/eltrabajo.cl\/portal\/wp-json\/wp\/v2\/users\/482"}],"replies":[{"embeddable":true,"href":"https:\/\/eltrabajo.cl\/portal\/wp-json\/wp\/v2\/comments?post=53866"}],"version-history":[{"count":0,"href":"https:\/\/eltrabajo.cl\/portal\/wp-json\/wp\/v2\/posts\/53866\/revisions"}],"wp:featuredmedia":[{"embeddable":true,"href":"https:\/\/eltrabajo.cl\/portal\/wp-json\/wp\/v2\/media\/53867"}],"wp:attachment":[{"href":"https:\/\/eltrabajo.cl\/portal\/wp-json\/wp\/v2\/media?parent=53866"}],"wp:term":[{"taxonomy":"category","embeddable":true,"href":"https:\/\/eltrabajo.cl\/portal\/wp-json\/wp\/v2\/categories?post=53866"},{"taxonomy":"post_tag","embeddable":true,"href":"https:\/\/eltrabajo.cl\/portal\/wp-json\/wp\/v2\/tags?post=53866"}],"curies":[{"name":"wp","href":"https:\/\/api.w.org\/{rel}","templated":true}]}}