{"id":53870,"date":"2014-12-04T09:15:27","date_gmt":"2014-12-04T12:15:27","guid":{"rendered":"http:\/\/www.eltrabajo.cl\/portal\/?p=53870"},"modified":"2014-12-04T09:15:27","modified_gmt":"2014-12-04T12:15:27","slug":"ruta-religiosa-recorrera-varios-lugares-patrimoniales-de-san-felipe","status":"publish","type":"post","link":"https:\/\/eltrabajo.cl\/portal\/ruta-religiosa-recorrera-varios-lugares-patrimoniales-de-san-felipe\/","title":{"rendered":"Ruta religiosa recorrer\u00e1 varios lugares patrimoniales de San Felipe"},"content":{"rendered":"<figure id=\"attachment_53871\" aria-describedby=\"caption-attachment-53871\" style=\"width: 528px\" class=\"wp-caption alignnone\"><a href=\"https:\/\/i0.wp.com\/www.eltrabajo.cl\/portal\/wp-content\/uploads\/2014\/12\/catedral1.jpg\"><img data-recalc-dims=\"1\" loading=\"lazy\" decoding=\"async\" class=\"size-full wp-image-53871\" src=\"https:\/\/i0.wp.com\/www.eltrabajo.cl\/portal\/wp-content\/uploads\/2014\/12\/catedral1.jpg?resize=528%2C360\" alt=\"Este viernes 5 de diciembre se realizar\u00e1 una primera actividad en la comuna y contempla un recorrido por distintos sectores de San Felipe.\" width=\"528\" height=\"360\" srcset=\"https:\/\/i0.wp.com\/eltrabajo.cl\/portal\/wp-content\/uploads\/2014\/12\/catedral1.jpg?w=528&amp;ssl=1 528w, https:\/\/i0.wp.com\/eltrabajo.cl\/portal\/wp-content\/uploads\/2014\/12\/catedral1.jpg?resize=200%2C136&amp;ssl=1 200w, https:\/\/i0.wp.com\/eltrabajo.cl\/portal\/wp-content\/uploads\/2014\/12\/catedral1.jpg?resize=300%2C204&amp;ssl=1 300w, https:\/\/i0.wp.com\/eltrabajo.cl\/portal\/wp-content\/uploads\/2014\/12\/catedral1.jpg?resize=150%2C102&amp;ssl=1 150w, https:\/\/i0.wp.com\/eltrabajo.cl\/portal\/wp-content\/uploads\/2014\/12\/catedral1.jpg?resize=400%2C272&amp;ssl=1 400w\" sizes=\"auto, (max-width: 528px) 100vw, 528px\" \/><\/a><figcaption id=\"caption-attachment-53871\" class=\"wp-caption-text\">Este viernes 5 de diciembre se realizar\u00e1 una primera actividad en la comuna y contempla un recorrido por distintos sectores de San Felipe.<\/figcaption><\/figure>\n<p>Este viernes 5 de diciembre la reci\u00e9n creada Mesa por las rutas religiosas de San Felipe, realizar\u00e1 una primera actividad en la comuna y contempla un recorrido por distintos sectores de San Felipe. La mesa est\u00e1 conformada por la Municipalidad de San Felipe; el Museo Buen Pastor; Voluntarios por el patrimonio; la Comisi\u00f3n patrimonial de la catedral de San Felipe, el Centro de investigaci\u00f3n en turismo y patrimonio; la Asociaci\u00f3n de Turismo de Aconcagua y la actividad del pr\u00f3ximo viernes es la primera que realizar\u00e1n.<br \/>\nEse d\u00eda el recorrido partir\u00e1 a las 19:30 horas desde el Museo Buen Pastor, que actualmente se encuentra sometido a un completo proceso de restauraci\u00f3n. En el lugar los vecinos que se congreguen podr\u00e1n visitar el taller de restauraci\u00f3n, donde las invaluables piezas religiosas est\u00e1n siendo restauradas.<br \/>\nLuego el recorrido contin\u00faa en el Campanario de Toro Mazote, donde investigadores comentar\u00e1n la historia del lugar y de la presencia mercedaria en Aconcagua. A eso de las 21:30 horas, el grupo se trasladar\u00e1 hasta la catedral, donde los asistentes podr\u00e1n conocer la historia de este lugar patrimonial y sus piezas hist\u00f3ricas, adem\u00e1s de participar de una Misa en lat\u00edn.<br \/>\nEl encargado de Cultura y Patrimonio del municipio, Manuel Z\u00fa\u00f1iga, invit\u00f3 a toda la comunidad a participar en esta entretenida actividad, que busca que los vecinos conozcan parte de la historia de la comuna.<\/p>\n","protected":false},"excerpt":{"rendered":"<p>Este viernes 5 de diciembre la reci\u00e9n creada Mesa por las rutas religiosas de San Felipe, realizar\u00e1 una primera actividad en la comuna y contempla un recorrido por distintos sectores de San&#8230;<\/p>\n","protected":false},"author":482,"featured_media":53871,"comment_status":"open","ping_status":"closed","sticky":false,"template":"","format":"standard","meta":{"advanced_seo_description":"","jetpack_seo_html_title":"","jetpack_seo_noindex":false,"_jetpack_memberships_contains_paid_content":false,"footnotes":""},"categories":[15],"tags":[],"class_list":["post-53870","post","type-post","status-publish","format-standard","has-post-thumbnail","hentry","category-comunidad"],"jetpack_featured_media_url":"https:\/\/i0.wp.com\/eltrabajo.cl\/portal\/wp-content\/uploads\/2014\/12\/catedral1.jpg?fit=528%2C360&ssl=1","jetpack_sharing_enabled":true,"jetpack_likes_enabled":true,"jetpack-related-posts":[],"_links":{"self":[{"href":"https:\/\/eltrabajo.cl\/portal\/wp-json\/wp\/v2\/posts\/53870","targetHints":{"allow":["GET"]}}],"collection":[{"href":"https:\/\/eltrabajo.cl\/portal\/wp-json\/wp\/v2\/posts"}],"about":[{"href":"https:\/\/eltrabajo.cl\/portal\/wp-json\/wp\/v2\/types\/post"}],"author":[{"embeddable":true,"href":"https:\/\/eltrabajo.cl\/portal\/wp-json\/wp\/v2\/users\/482"}],"replies":[{"embeddable":true,"href":"https:\/\/eltrabajo.cl\/portal\/wp-json\/wp\/v2\/comments?post=53870"}],"version-history":[{"count":0,"href":"https:\/\/eltrabajo.cl\/portal\/wp-json\/wp\/v2\/posts\/53870\/revisions"}],"wp:featuredmedia":[{"embeddable":true,"href":"https:\/\/eltrabajo.cl\/portal\/wp-json\/wp\/v2\/media\/53871"}],"wp:attachment":[{"href":"https:\/\/eltrabajo.cl\/portal\/wp-json\/wp\/v2\/media?parent=53870"}],"wp:term":[{"taxonomy":"category","embeddable":true,"href":"https:\/\/eltrabajo.cl\/portal\/wp-json\/wp\/v2\/categories?post=53870"},{"taxonomy":"post_tag","embeddable":true,"href":"https:\/\/eltrabajo.cl\/portal\/wp-json\/wp\/v2\/tags?post=53870"}],"curies":[{"name":"wp","href":"https:\/\/api.w.org\/{rel}","templated":true}]}}