{"id":53891,"date":"2014-12-04T09:43:09","date_gmt":"2014-12-04T12:43:09","guid":{"rendered":"http:\/\/www.eltrabajo.cl\/portal\/?p=53891"},"modified":"2014-12-04T09:43:09","modified_gmt":"2014-12-04T12:43:09","slug":"auto-derribo-cierre-perimetral-y-volco-en-ante-jardin-de-vivienda","status":"publish","type":"post","link":"https:\/\/eltrabajo.cl\/portal\/auto-derribo-cierre-perimetral-y-volco-en-ante-jardin-de-vivienda\/","title":{"rendered":"Auto derrib\u00f3 cierre perimetral y volc\u00f3 en ante jard\u00edn de vivienda"},"content":{"rendered":"<figure id=\"attachment_53892\" aria-describedby=\"caption-attachment-53892\" style=\"width: 528px\" class=\"wp-caption alignnone\"><a href=\"https:\/\/i0.wp.com\/www.eltrabajo.cl\/portal\/wp-content\/uploads\/2014\/12\/Cerca2.jpg\"><img data-recalc-dims=\"1\" loading=\"lazy\" decoding=\"async\" class=\"size-full wp-image-53892\" src=\"https:\/\/i0.wp.com\/www.eltrabajo.cl\/portal\/wp-content\/uploads\/2014\/12\/Cerca2.jpg?resize=528%2C304\" alt=\"Carabineros de Putaendo adopt\u00f3 el procedimiento de rigor, mientras que con posterioridad una gr\u00faa retiraba el veh\u00edculo desde el lugar, en un accidente de tr\u00e1nsito que moviliz\u00f3 a los estamentos de emergencia de la comuna de Putaendo.\" width=\"528\" height=\"304\" srcset=\"https:\/\/i0.wp.com\/eltrabajo.cl\/portal\/wp-content\/uploads\/2014\/12\/Cerca2.jpg?w=528&amp;ssl=1 528w, https:\/\/i0.wp.com\/eltrabajo.cl\/portal\/wp-content\/uploads\/2014\/12\/Cerca2.jpg?resize=200%2C115&amp;ssl=1 200w, https:\/\/i0.wp.com\/eltrabajo.cl\/portal\/wp-content\/uploads\/2014\/12\/Cerca2.jpg?resize=300%2C172&amp;ssl=1 300w, https:\/\/i0.wp.com\/eltrabajo.cl\/portal\/wp-content\/uploads\/2014\/12\/Cerca2.jpg?resize=150%2C86&amp;ssl=1 150w, https:\/\/i0.wp.com\/eltrabajo.cl\/portal\/wp-content\/uploads\/2014\/12\/Cerca2.jpg?resize=400%2C230&amp;ssl=1 400w\" sizes=\"auto, (max-width: 528px) 100vw, 528px\" \/><\/a><figcaption id=\"caption-attachment-53892\" class=\"wp-caption-text\">Carabineros de Putaendo adopt\u00f3 el procedimiento de rigor, mientras que con posterioridad una gr\u00faa retiraba el veh\u00edculo desde el lugar, en un accidente de tr\u00e1nsito que moviliz\u00f3 a los estamentos de emergencia de la comuna de Putaendo.<\/figcaption><\/figure>\n<p><strong>PUTAENDO<\/strong>.- Un joven conductor, quien guiaba el veh\u00edculo Subaru, patente KZ-34-36, protagoniz\u00f3 un accidente de tr\u00e1nsito que termin\u00f3 con el veh\u00edculo volcado en el antejard\u00edn de una vivienda luego de derribar el cierre perimetral.<br \/>\nEl hecho ocurri\u00f3 a eso de las 14:00 horas, cuando el veh\u00edculo conducido por Francisco Ismael Leiva Gajardo, de 26 a\u00f1os, domiciliado en Poblaci\u00f3n Manso de Velasco de San Felipe, se trasladaba por Calle 18 de Septiembre desde Tabolango hacia la plaza de Rinconada de Silva y luego de enfrentar una curva, aparentemente producto del exceso de velocidad el veh\u00edculo impact\u00f3 con el cierre perimetral de una vivienda, destruyendo la malla y la madera, y termin\u00f3 volcado en una peque\u00f1a acequia que impidi\u00f3 que el veh\u00edculo continuara su loca carrera hacia el frontis del domicilio.<\/p>\n<figure id=\"attachment_53893\" aria-describedby=\"caption-attachment-53893\" style=\"width: 400px\" class=\"wp-caption alignright\"><a href=\"https:\/\/i0.wp.com\/www.eltrabajo.cl\/portal\/wp-content\/uploads\/2014\/12\/Cerca1.jpg\"><img data-recalc-dims=\"1\" loading=\"lazy\" decoding=\"async\" class=\"wp-image-53893\" src=\"https:\/\/i0.wp.com\/www.eltrabajo.cl\/portal\/wp-content\/uploads\/2014\/12\/Cerca1.jpg?resize=400%2C230\" alt=\"Francisco Ismael Leiva Gajardo, de 26 a\u00f1os, domiciliado en Poblaci\u00f3n Manso de Velasco de San Felipe, se trasladaba por Calle 18 de Septiembre desde Tabolango hacia la plaza de Rinconada de Silva.\" width=\"400\" height=\"230\" srcset=\"https:\/\/i0.wp.com\/eltrabajo.cl\/portal\/wp-content\/uploads\/2014\/12\/Cerca1.jpg?w=528&amp;ssl=1 528w, https:\/\/i0.wp.com\/eltrabajo.cl\/portal\/wp-content\/uploads\/2014\/12\/Cerca1.jpg?resize=200%2C115&amp;ssl=1 200w, https:\/\/i0.wp.com\/eltrabajo.cl\/portal\/wp-content\/uploads\/2014\/12\/Cerca1.jpg?resize=300%2C172&amp;ssl=1 300w, https:\/\/i0.wp.com\/eltrabajo.cl\/portal\/wp-content\/uploads\/2014\/12\/Cerca1.jpg?resize=150%2C86&amp;ssl=1 150w, https:\/\/i0.wp.com\/eltrabajo.cl\/portal\/wp-content\/uploads\/2014\/12\/Cerca1.jpg?resize=400%2C230&amp;ssl=1 400w\" sizes=\"auto, (max-width: 400px) 100vw, 400px\" \/><\/a><figcaption id=\"caption-attachment-53893\" class=\"wp-caption-text\">Francisco Ismael Leiva Gajardo, de 26 a\u00f1os, domiciliado en Poblaci\u00f3n Manso de Velasco de San Felipe, se trasladaba por Calle 18 de Septiembre desde Tabolango hacia la plaza de Rinconada de Silva.<\/figcaption><\/figure>\n<p>Tras el fuerte impacto Francisco Leiva logr\u00f3 salir por sus propios medios y fue atendido primeramente por Bomberos y luego trasladado por personal del Samu hasta el Hospital San Antonio de Putaendo, en donde fue atendido sin lesiones de consideraci\u00f3n.<br \/>\nLa se\u00f1ora Jessenia Silva, propietaria de la vivienda afectada, sostuvo que sinti\u00f3 una brusca frenada y luego el impacto con el cierre perimetral de su vivienda y confirm\u00f3 que el veh\u00edculo venia a mucha velocidad, lo que es habitual en esa calle, pues en ambos sentidos, sobre todo los conductores m\u00e1s j\u00f3venes desarrollan altas velocidades en un camino que es muy estrecho, donde no existe conciencia por los peatones y precauci\u00f3n por los animales que a veces salen a ese camino.<br \/>\nCarabineros de Putaendo adopt\u00f3 el procedimiento de rigor, mientras que con posterioridad una gr\u00faa retiraba el veh\u00edculo desde el lugar, en un accidente de tr\u00e1nsito que moviliz\u00f3 a los estamentos de emergencia de la comuna de Putaendo.<br \/>\nPatricio Gallardo M.<\/p>\n","protected":false},"excerpt":{"rendered":"<p>PUTAENDO.- Un joven conductor, quien guiaba el veh\u00edculo Subaru, patente KZ-34-36, protagoniz\u00f3 un accidente de tr\u00e1nsito que termin\u00f3 con el veh\u00edculo volcado en el antejard\u00edn de una vivienda luego de derribar el&#8230;<\/p>\n","protected":false},"author":482,"featured_media":53892,"comment_status":"open","ping_status":"closed","sticky":false,"template":"","format":"standard","meta":{"advanced_seo_description":"","jetpack_seo_html_title":"","jetpack_seo_noindex":false,"_jetpack_memberships_contains_paid_content":false,"footnotes":""},"categories":[21],"tags":[],"class_list":["post-53891","post","type-post","status-publish","format-standard","has-post-thumbnail","hentry","category-policial"],"jetpack_featured_media_url":"https:\/\/i0.wp.com\/eltrabajo.cl\/portal\/wp-content\/uploads\/2014\/12\/Cerca2.jpg?fit=528%2C304&ssl=1","jetpack_sharing_enabled":true,"jetpack_likes_enabled":true,"jetpack-related-posts":[],"_links":{"self":[{"href":"https:\/\/eltrabajo.cl\/portal\/wp-json\/wp\/v2\/posts\/53891","targetHints":{"allow":["GET"]}}],"collection":[{"href":"https:\/\/eltrabajo.cl\/portal\/wp-json\/wp\/v2\/posts"}],"about":[{"href":"https:\/\/eltrabajo.cl\/portal\/wp-json\/wp\/v2\/types\/post"}],"author":[{"embeddable":true,"href":"https:\/\/eltrabajo.cl\/portal\/wp-json\/wp\/v2\/users\/482"}],"replies":[{"embeddable":true,"href":"https:\/\/eltrabajo.cl\/portal\/wp-json\/wp\/v2\/comments?post=53891"}],"version-history":[{"count":0,"href":"https:\/\/eltrabajo.cl\/portal\/wp-json\/wp\/v2\/posts\/53891\/revisions"}],"wp:featuredmedia":[{"embeddable":true,"href":"https:\/\/eltrabajo.cl\/portal\/wp-json\/wp\/v2\/media\/53892"}],"wp:attachment":[{"href":"https:\/\/eltrabajo.cl\/portal\/wp-json\/wp\/v2\/media?parent=53891"}],"wp:term":[{"taxonomy":"category","embeddable":true,"href":"https:\/\/eltrabajo.cl\/portal\/wp-json\/wp\/v2\/categories?post=53891"},{"taxonomy":"post_tag","embeddable":true,"href":"https:\/\/eltrabajo.cl\/portal\/wp-json\/wp\/v2\/tags?post=53891"}],"curies":[{"name":"wp","href":"https:\/\/api.w.org\/{rel}","templated":true}]}}