{"id":53895,"date":"2014-12-04T09:46:22","date_gmt":"2014-12-04T12:46:22","guid":{"rendered":"http:\/\/www.eltrabajo.cl\/portal\/?p=53895"},"modified":"2014-12-04T09:46:22","modified_gmt":"2014-12-04T12:46:22","slug":"pese-a-duras-tragedias-artesano-se-pone-de-pie-para-reconstruir-su-taller","status":"publish","type":"post","link":"https:\/\/eltrabajo.cl\/portal\/pese-a-duras-tragedias-artesano-se-pone-de-pie-para-reconstruir-su-taller\/","title":{"rendered":"Pese a duras tragedias artesano se pone de pie para reconstruir su taller"},"content":{"rendered":"<figure id=\"attachment_53896\" aria-describedby=\"caption-attachment-53896\" style=\"width: 528px\" class=\"wp-caption alignnone\"><a href=\"https:\/\/i0.wp.com\/www.eltrabajo.cl\/portal\/wp-content\/uploads\/2014\/12\/terreno-1.jpg\"><img data-recalc-dims=\"1\" loading=\"lazy\" decoding=\"async\" class=\"size-full wp-image-53896\" src=\"https:\/\/i0.wp.com\/www.eltrabajo.cl\/portal\/wp-content\/uploads\/2014\/12\/terreno-1.jpg?resize=528%2C401\" alt=\"El terreno est\u00e1 siendo nivelado para comenzar a reconstruir el taller de Marcel con el prop\u00f3sito que vuelva a recuperar su trabajo que desarrolla hace m\u00e1s de nueve a\u00f1os.\" width=\"528\" height=\"401\" srcset=\"https:\/\/i0.wp.com\/eltrabajo.cl\/portal\/wp-content\/uploads\/2014\/12\/terreno-1.jpg?w=528&amp;ssl=1 528w, https:\/\/i0.wp.com\/eltrabajo.cl\/portal\/wp-content\/uploads\/2014\/12\/terreno-1.jpg?resize=197%2C150&amp;ssl=1 197w, https:\/\/i0.wp.com\/eltrabajo.cl\/portal\/wp-content\/uploads\/2014\/12\/terreno-1.jpg?resize=300%2C227&amp;ssl=1 300w, https:\/\/i0.wp.com\/eltrabajo.cl\/portal\/wp-content\/uploads\/2014\/12\/terreno-1.jpg?resize=150%2C113&amp;ssl=1 150w, https:\/\/i0.wp.com\/eltrabajo.cl\/portal\/wp-content\/uploads\/2014\/12\/terreno-1.jpg?resize=400%2C303&amp;ssl=1 400w\" sizes=\"auto, (max-width: 528px) 100vw, 528px\" \/><\/a><figcaption id=\"caption-attachment-53896\" class=\"wp-caption-text\">El terreno est\u00e1 siendo nivelado para comenzar a reconstruir el taller de Marcel con el prop\u00f3sito que vuelva a recuperar su trabajo que desarrolla hace m\u00e1s de nueve a\u00f1os.<\/figcaption><\/figure>\n<p>El pasado 12 de noviembre ser\u00e1 una de varias fechas que ha marcado negativamente la vida de Marcel Francisco Arancibia Aracena, un modesto artesano de 46 a\u00f1os de edad, dedicado a la confecci\u00f3n y restauraci\u00f3n de muebles, quien tr\u00e1gicamente perdi\u00f3 todos sus materiales de trabajo y la vivienda de sus abuelos tras ser calcinada por un gigantesco incendio que lo dej\u00f3 de brazos cruzados, pero con la esperanza de volver a reconstruir su fuente laboral que la ha venido desarrollando por m\u00e1s de nueve a\u00f1os en Calle Artem\u00f3n Cifuentes casi esquina Toro Mazote en San Felipe.<br \/>\nSin embargo este lamentable cap\u00edtulo en el destino de Marcel no es un hecho aislado, una seguidilla de tristes episodios lo han comenzado a derrumbar internamente, comenzando con la p\u00e9rdida de su padre quien falleci\u00f3 v\u00edctima de un c\u00e1ncer de pr\u00f3stata hace un par de a\u00f1os. Las adversidades no acabaron para este artesano, cuando el pasado mes de agosto dej\u00f3 de existir uno de sus cuatro hermanos de la misma enfermedad que su padre.<\/p>\n<p><strong>GOLPE TRAS GOLPE<\/strong><br \/>\nAl parecer en la bit\u00e1cora de Marcel y su familia, el destino se empecin\u00f3 en poner dificultosas pruebas en su vida cotidiana, esto debido a que su madre accidentalmente fue atropellada por un automovilista en estado de ebriedad, en los momentos que se encontraba en el patio de casa cuando el conductor traspas\u00f3 el muro de cierre perimetral de la vivienda, lo que provoc\u00f3 que hoy en d\u00eda su progenitora actualmente se encuentre inv\u00e1lida.<br \/>\n\u201cNo hemos salido de un ciclo que nos ha tocado mal\u00edsimo en la familia, hay muchos amigos que nos dicen que veamos algo, aunque tal vez no crea en estas cosas sobrenaturales, pero hoy d\u00eda las estoy viendo. A parte de lo que me pas\u00f3 con el incendio, nos toc\u00f3 la nube negra, falleci\u00f3 mi pap\u00e1, chocaron a mi mam\u00e1, muri\u00f3 mi hermano en agosto, este incendio y mi mam\u00e1 cay\u00f3 de nuevo al hospital\u201d, relata a Diario El Trabajo Marcel Arancibia.<br \/>\nEn sus \u00faltimas desdichas, el fuego arras\u00f3 con el taller de Marcel y la vivienda de sus abuelos cerca de las 17:00 horas del pasado 12 de noviembre, aparentemente por una colilla mal apagada de cigarrillo arrojada desde el exterior, lo que provoc\u00f3 iniciar las llamas en los precisos momentos que ning\u00fan morador se encontraba en las dependencias que pudiesen revertir el siniestro, cuyas p\u00e9rdidas materiales alcanzan millonarias sumas.<br \/>\n\u201cPerd\u00ed mis herramientas adquirida a trav\u00e9s de los a\u00f1os, la casa, todo. Yo me dedico a restaurar y confeccionar muebles, pero de manera artesanal, no soy mueblista de profesi\u00f3n, soy artesano en madera, hago tallados, cosas que no es com\u00fan dentro de la carpinter\u00eda, ideas a pedido, perd\u00ed trabajos de clientes de muebles costosos. A pesar de todas las desgracias he tenido la cooperaci\u00f3n de amigos y espero salir adelante para pararme\u201d, recalca Marcel quien es padre de una peque\u00f1a de nueve a\u00f1os y otros cinco hijos ya adultos.<br \/>\nEn nuestra visita pudimos constatar en terreno que el afectado junto a su t\u00edo y unos amigos han comenzado con el proceso de reconstrucci\u00f3n del taller luego de haber retirado por intermedio de la Municipalidad de San Felipe, todos los escombros que fueron retirados tras el incendio. La idea de Marcel es volver a trabajar en su taller del que espera reconstruir con la cooperaci\u00f3n de sus vecinos y amigos.<br \/>\n\u201cAqu\u00ed mismo quiero reconstruir mi taller, este es mi espacio, es familiar la casa y tengo el terreno. Hoy d\u00eda he recibido el apoyo de la Junta de Vecinos de la poblaci\u00f3n Santa Elisa, me han dado cooperaci\u00f3n en dinero y la recolecci\u00f3n para la compra de cemento, porque ahora no tengo los medios para reconstruirme, espero de aqu\u00ed a fin de a\u00f1o tener parado mi taller, con la ayuda de vecinos y amigos. El ingreso que tengo ahora es muy poco, hago \u2018pololos\u2019 en la construcci\u00f3n que es mi fuerte\u201d, argument\u00f3 Marcel Arancibia.<br \/>\nEste artesano recalca haberse sorprendido del regalo de los \u00e1ridos que les ofreci\u00f3 la familia C\u00f3rdova, quienes son sus clientes que se conmovieron con su actual situaci\u00f3n concedi\u00e9ndole este material para los primeros cimientos para la reconstrucci\u00f3n del taller de artesan\u00eda.<br \/>\nAdem\u00e1s los vecinos de Poblaci\u00f3n Santa Elisa est\u00e1n trabajando para la realizaci\u00f3n de un bingo que se llevar\u00e1 a cabo este 19 de diciembre en la sede vecinal, cuyos ingresos ir\u00e1n directamente en ayuda de Marcel para la compra de cemento y fierros. Quienes deseen contactar directamente a Marcel Arancibia lo pueden hacer a trav\u00e9s de su m\u00f3vil 9813 8406.<br \/>\nPablo Salinas Sald\u00edas<\/p>\n<div class=\"tiled-gallery type-rectangular tiled-gallery-unresized\" data-original-width=\"640\" data-carousel-extra='null' itemscope itemtype=\"http:\/\/schema.org\/ImageGallery\" > <div class=\"gallery-row\" style=\"width: 640px; height: 309px;\" data-original-width=\"640\" data-original-height=\"309\" > <div class=\"gallery-group images-1\" style=\"width: 406px; height: 309px;\" data-original-width=\"406\" data-original-height=\"309\" > <div class=\"tiled-gallery-item tiled-gallery-item-large\" itemprop=\"associatedMedia\" itemscope itemtype=\"http:\/\/schema.org\/ImageObject\"> <a href=\"https:\/\/eltrabajo.cl\/portal\/pese-a-duras-tragedias-artesano-se-pone-de-pie-para-reconstruir-su-taller\/incendio-9\/\" border=\"0\" itemprop=\"url\"> <meta itemprop=\"width\" content=\"402\"> <meta itemprop=\"height\" content=\"305\"> <img decoding=\"async\" class=\"\" data-attachment-id=\"53897\" data-orig-file=\"https:\/\/eltrabajo.cl\/portal\/wp-content\/uploads\/2014\/12\/Incendio.jpg\" data-orig-size=\"528,400\" data-comments-opened=\"1\" data-image-meta=\"{&quot;aperture&quot;:&quot;0&quot;,&quot;credit&quot;:&quot;&quot;,&quot;camera&quot;:&quot;&quot;,&quot;caption&quot;:&quot;&quot;,&quot;created_timestamp&quot;:&quot;0&quot;,&quot;copyright&quot;:&quot;&quot;,&quot;focal_length&quot;:&quot;0&quot;,&quot;iso&quot;:&quot;0&quot;,&quot;shutter_speed&quot;:&quot;0&quot;,&quot;title&quot;:&quot;&quot;,&quot;orientation&quot;:&quot;0&quot;}\" data-image-title=\"Incendio\" data-image-description=\"&lt;p&gt;El 12 de noviembre pasado personal de Bomberos de San Felipe debi\u00f3 controlar las llamas que calcinaron en un 100% el taller de Marcel y una vivienda en Calle Artem\u00f3n Cifuentes esquina Toro Mazote en San Felipe.&lt;\/p&gt; \" data-medium-file=\"https:\/\/i0.wp.com\/eltrabajo.cl\/portal\/wp-content\/uploads\/2014\/12\/Incendio.jpg?fit=300%2C227&#038;ssl=1\" data-large-file=\"https:\/\/i0.wp.com\/eltrabajo.cl\/portal\/wp-content\/uploads\/2014\/12\/Incendio.jpg?fit=528%2C400&#038;ssl=1\" src=\"https:\/\/i0.wp.com\/eltrabajo.cl\/portal\/wp-content\/uploads\/2014\/12\/Incendio.jpg?w=402&#038;h=305&#038;ssl=1\" srcset=\"https:\/\/i0.wp.com\/eltrabajo.cl\/portal\/wp-content\/uploads\/2014\/12\/Incendio.jpg?w=528&amp;ssl=1 528w, https:\/\/i0.wp.com\/eltrabajo.cl\/portal\/wp-content\/uploads\/2014\/12\/Incendio.jpg?resize=198%2C150&amp;ssl=1 198w, https:\/\/i0.wp.com\/eltrabajo.cl\/portal\/wp-content\/uploads\/2014\/12\/Incendio.jpg?resize=300%2C227&amp;ssl=1 300w, https:\/\/i0.wp.com\/eltrabajo.cl\/portal\/wp-content\/uploads\/2014\/12\/Incendio.jpg?resize=150%2C113&amp;ssl=1 150w, https:\/\/i0.wp.com\/eltrabajo.cl\/portal\/wp-content\/uploads\/2014\/12\/Incendio.jpg?resize=400%2C303&amp;ssl=1 400w\" width=\"402\" height=\"305\" loading=\"lazy\" data-original-width=\"402\" data-original-height=\"305\" itemprop=\"http:\/\/schema.org\/image\" title=\"Incendio\" alt=\"El 12 de noviembre pasado personal de Bomberos de San Felipe debi\u00f3 controlar las llamas que calcinaron en un 100% el taller de Marcel y una vivienda en Calle Artem\u00f3n Cifuentes esquina Toro Mazote en San Felipe.\" style=\"width: 402px; height: 305px;\" \/> <\/a> <div class=\"tiled-gallery-caption\" itemprop=\"caption description\"> El 12 de noviembre pasado personal de Bomberos de San Felipe debi\u00f3 controlar las llamas que calcinaron en un 100% el taller de Marcel y una vivienda en Calle Artem\u00f3n Cifuentes esquina Toro Mazote en San Felipe. <\/div> <\/div> <\/div> <!-- close group --> <div class=\"gallery-group images-1\" style=\"width: 234px; height: 309px;\" data-original-width=\"234\" data-original-height=\"309\" > <div class=\"tiled-gallery-item tiled-gallery-item-small\" itemprop=\"associatedMedia\" itemscope itemtype=\"http:\/\/schema.org\/ImageObject\"> <a href=\"https:\/\/eltrabajo.cl\/portal\/pese-a-duras-tragedias-artesano-se-pone-de-pie-para-reconstruir-su-taller\/marcel-arancibia\/\" border=\"0\" itemprop=\"url\"> <meta itemprop=\"width\" content=\"230\"> <meta itemprop=\"height\" content=\"305\"> <img decoding=\"async\" class=\"\" data-attachment-id=\"53898\" data-orig-file=\"https:\/\/eltrabajo.cl\/portal\/wp-content\/uploads\/2014\/12\/Marcel-Arancibia.jpg\" data-orig-size=\"529,701\" data-comments-opened=\"1\" data-image-meta=\"{&quot;aperture&quot;:&quot;0&quot;,&quot;credit&quot;:&quot;&quot;,&quot;camera&quot;:&quot;&quot;,&quot;caption&quot;:&quot;&quot;,&quot;created_timestamp&quot;:&quot;0&quot;,&quot;copyright&quot;:&quot;&quot;,&quot;focal_length&quot;:&quot;0&quot;,&quot;iso&quot;:&quot;0&quot;,&quot;shutter_speed&quot;:&quot;0&quot;,&quot;title&quot;:&quot;&quot;,&quot;orientation&quot;:&quot;0&quot;}\" data-image-title=\"Marcel Arancibia\" data-image-description=\"&lt;p&gt;Marcel Arancibia Aracena, artesano que perdi\u00f3 su fuente laboral tras un gigantesco incendio que consumi\u00f3 su taller de muebles y la casa de sus abuelos.&lt;\/p&gt; \" data-medium-file=\"https:\/\/i0.wp.com\/eltrabajo.cl\/portal\/wp-content\/uploads\/2014\/12\/Marcel-Arancibia.jpg?fit=226%2C300&#038;ssl=1\" data-large-file=\"https:\/\/i0.wp.com\/eltrabajo.cl\/portal\/wp-content\/uploads\/2014\/12\/Marcel-Arancibia.jpg?fit=529%2C701&#038;ssl=1\" src=\"https:\/\/i0.wp.com\/eltrabajo.cl\/portal\/wp-content\/uploads\/2014\/12\/Marcel-Arancibia.jpg?w=230&#038;h=305&#038;ssl=1\" srcset=\"https:\/\/i0.wp.com\/eltrabajo.cl\/portal\/wp-content\/uploads\/2014\/12\/Marcel-Arancibia.jpg?w=529&amp;ssl=1 529w, https:\/\/i0.wp.com\/eltrabajo.cl\/portal\/wp-content\/uploads\/2014\/12\/Marcel-Arancibia.jpg?resize=113%2C150&amp;ssl=1 113w, https:\/\/i0.wp.com\/eltrabajo.cl\/portal\/wp-content\/uploads\/2014\/12\/Marcel-Arancibia.jpg?resize=226%2C300&amp;ssl=1 226w, https:\/\/i0.wp.com\/eltrabajo.cl\/portal\/wp-content\/uploads\/2014\/12\/Marcel-Arancibia.jpg?resize=400%2C530&amp;ssl=1 400w\" width=\"230\" height=\"305\" loading=\"lazy\" data-original-width=\"230\" data-original-height=\"305\" itemprop=\"http:\/\/schema.org\/image\" title=\"Marcel Arancibia\" alt=\"Marcel Arancibia Aracena, artesano que perdi\u00f3 su fuente laboral tras un gigantesco incendio que consumi\u00f3 su taller de muebles y la casa de sus abuelos.\" style=\"width: 230px; height: 305px;\" \/> <\/a> <div class=\"tiled-gallery-caption\" itemprop=\"caption description\"> Marcel Arancibia Aracena, artesano que perdi\u00f3 su fuente laboral tras un gigantesco incendio que consumi\u00f3 su taller de muebles y la casa de sus abuelos. <\/div> <\/div> <\/div> <!-- close group --> <\/div> <!-- close row --> <\/div>\n","protected":false},"excerpt":{"rendered":"<p>El pasado 12 de noviembre ser\u00e1 una de varias fechas que ha marcado negativamente la vida de Marcel Francisco Arancibia Aracena, un modesto artesano de 46 a\u00f1os de edad, dedicado a la&#8230;<\/p>\n","protected":false},"author":482,"featured_media":53896,"comment_status":"open","ping_status":"closed","sticky":false,"template":"","format":"standard","meta":{"advanced_seo_description":"","jetpack_seo_html_title":"","jetpack_seo_noindex":false,"_jetpack_memberships_contains_paid_content":false,"footnotes":""},"categories":[15],"tags":[],"class_list":["post-53895","post","type-post","status-publish","format-standard","has-post-thumbnail","hentry","category-comunidad"],"jetpack_featured_media_url":"https:\/\/i0.wp.com\/eltrabajo.cl\/portal\/wp-content\/uploads\/2014\/12\/terreno-1.jpg?fit=528%2C401&ssl=1","jetpack_sharing_enabled":true,"jetpack_likes_enabled":true,"jetpack-related-posts":[],"_links":{"self":[{"href":"https:\/\/eltrabajo.cl\/portal\/wp-json\/wp\/v2\/posts\/53895","targetHints":{"allow":["GET"]}}],"collection":[{"href":"https:\/\/eltrabajo.cl\/portal\/wp-json\/wp\/v2\/posts"}],"about":[{"href":"https:\/\/eltrabajo.cl\/portal\/wp-json\/wp\/v2\/types\/post"}],"author":[{"embeddable":true,"href":"https:\/\/eltrabajo.cl\/portal\/wp-json\/wp\/v2\/users\/482"}],"replies":[{"embeddable":true,"href":"https:\/\/eltrabajo.cl\/portal\/wp-json\/wp\/v2\/comments?post=53895"}],"version-history":[{"count":0,"href":"https:\/\/eltrabajo.cl\/portal\/wp-json\/wp\/v2\/posts\/53895\/revisions"}],"wp:featuredmedia":[{"embeddable":true,"href":"https:\/\/eltrabajo.cl\/portal\/wp-json\/wp\/v2\/media\/53896"}],"wp:attachment":[{"href":"https:\/\/eltrabajo.cl\/portal\/wp-json\/wp\/v2\/media?parent=53895"}],"wp:term":[{"taxonomy":"category","embeddable":true,"href":"https:\/\/eltrabajo.cl\/portal\/wp-json\/wp\/v2\/categories?post=53895"},{"taxonomy":"post_tag","embeddable":true,"href":"https:\/\/eltrabajo.cl\/portal\/wp-json\/wp\/v2\/tags?post=53895"}],"curies":[{"name":"wp","href":"https:\/\/api.w.org\/{rel}","templated":true}]}}