{"id":53900,"date":"2014-12-04T09:47:58","date_gmt":"2014-12-04T12:47:58","guid":{"rendered":"http:\/\/www.eltrabajo.cl\/portal\/?p=53900"},"modified":"2014-12-04T09:47:58","modified_gmt":"2014-12-04T12:47:58","slug":"taxista-secuestrado-por-colombianos-vuelve-a-ser-victima-de-un-delito-similar","status":"publish","type":"post","link":"https:\/\/eltrabajo.cl\/portal\/taxista-secuestrado-por-colombianos-vuelve-a-ser-victima-de-un-delito-similar\/","title":{"rendered":"Taxista secuestrado por colombianos vuelve a ser v\u00edctima de un delito similar"},"content":{"rendered":"<figure id=\"attachment_53901\" aria-describedby=\"caption-attachment-53901\" style=\"width: 528px\" class=\"wp-caption alignnone\"><a href=\"https:\/\/i0.wp.com\/www.eltrabajo.cl\/portal\/wp-content\/uploads\/2014\/12\/Auto1.jpg\"><img data-recalc-dims=\"1\" loading=\"lazy\" decoding=\"async\" class=\"size-full wp-image-53901\" src=\"https:\/\/i0.wp.com\/www.eltrabajo.cl\/portal\/wp-content\/uploads\/2014\/12\/Auto1.jpg?resize=528%2C387\" alt=\"Fue abordado por tres sujetos que lo maniataron y obligaron a entrar portamaletas del auto, dej\u00e1ndolo abandonado en Auco con su cabeza embarrilada para que muriera asfixiado.\" width=\"528\" height=\"387\" srcset=\"https:\/\/i0.wp.com\/eltrabajo.cl\/portal\/wp-content\/uploads\/2014\/12\/Auto1.jpg?w=528&amp;ssl=1 528w, https:\/\/i0.wp.com\/eltrabajo.cl\/portal\/wp-content\/uploads\/2014\/12\/Auto1.jpg?resize=200%2C146&amp;ssl=1 200w, https:\/\/i0.wp.com\/eltrabajo.cl\/portal\/wp-content\/uploads\/2014\/12\/Auto1.jpg?resize=300%2C219&amp;ssl=1 300w, https:\/\/i0.wp.com\/eltrabajo.cl\/portal\/wp-content\/uploads\/2014\/12\/Auto1.jpg?resize=150%2C109&amp;ssl=1 150w, https:\/\/i0.wp.com\/eltrabajo.cl\/portal\/wp-content\/uploads\/2014\/12\/Auto1.jpg?resize=400%2C293&amp;ssl=1 400w\" sizes=\"auto, (max-width: 528px) 100vw, 528px\" \/><\/a><figcaption id=\"caption-attachment-53901\" class=\"wp-caption-text\">Fue abordado por tres sujetos que lo maniataron y obligaron a entrar portamaletas del auto, dej\u00e1ndolo abandonado en Auco con su cabeza embarrilada para que muriera asfixiado.<\/figcaption><\/figure>\n<p><strong>LOS ANDES.<\/strong>&#8211; En un hecho a lo menos extra\u00f1o se ha transformado para la PDI el asalto y secuestro del taxista de iniciales A.B.O.P., de 30 a\u00f1os, ocurrido la madrugada de este mi\u00e9rcoles, toda vez que se trata del mismo chofer que el pasado 12 de noviembre fue asaltado por cuatro colombianos que lo maniataron y abandonaron en su veh\u00edculo en la ribera de R\u00edo Aconcagua.<br \/>\nEl Jefe de la Brigada de Homicidios, Subcomisario Carlos Alegr\u00eda, manifest\u00f3 que en la ma\u00f1ana recibieron una denuncia por presunta desgracia hecha por el hermano del conductor del taxi, \u201cpor lo que iniciamos un despliegue operativo de diversas unidades de esta prefectura logrando en horas de la ma\u00f1ana ubicar a la v\u00edctima en el sector de Auco, estaba en un sitio eriazo, el veh\u00edculo estaba abandonado y afortunadamente encontramos a esta persona con vida en el portamaletas, maniatado de sus extremidades superiores e inferiores y tambi\u00e9n su cabeza estaba embarrilada con una cinta adhesiva\u201d.<\/p>\n<figure id=\"attachment_53902\" aria-describedby=\"caption-attachment-53902\" style=\"width: 300px\" class=\"wp-caption alignright\"><a href=\"https:\/\/i0.wp.com\/www.eltrabajo.cl\/portal\/wp-content\/uploads\/2014\/12\/Alegria1.jpg\"><img data-recalc-dims=\"1\" loading=\"lazy\" decoding=\"async\" class=\"wp-image-53902 size-medium\" src=\"https:\/\/i0.wp.com\/www.eltrabajo.cl\/portal\/wp-content\/uploads\/2014\/12\/Alegria1-300x282.jpg?resize=300%2C282\" alt=\"Jefe de la Brigada de Homicidios, Subcomisario Carlos Alegr\u00eda.\" width=\"300\" height=\"282\" srcset=\"https:\/\/i0.wp.com\/eltrabajo.cl\/portal\/wp-content\/uploads\/2014\/12\/Alegria1.jpg?resize=300%2C282&amp;ssl=1 300w, https:\/\/i0.wp.com\/eltrabajo.cl\/portal\/wp-content\/uploads\/2014\/12\/Alegria1.jpg?resize=159%2C150&amp;ssl=1 159w, https:\/\/i0.wp.com\/eltrabajo.cl\/portal\/wp-content\/uploads\/2014\/12\/Alegria1.jpg?resize=150%2C141&amp;ssl=1 150w, https:\/\/i0.wp.com\/eltrabajo.cl\/portal\/wp-content\/uploads\/2014\/12\/Alegria1.jpg?resize=400%2C377&amp;ssl=1 400w, https:\/\/i0.wp.com\/eltrabajo.cl\/portal\/wp-content\/uploads\/2014\/12\/Alegria1.jpg?w=529&amp;ssl=1 529w\" sizes=\"auto, (max-width: 300px) 100vw, 300px\" \/><\/a><figcaption id=\"caption-attachment-53902\" class=\"wp-caption-text\">Jefe de la Brigada de Homicidios, Subcomisario Carlos Alegr\u00eda.<\/figcaption><\/figure>\n<p>Agreg\u00f3 que una vez rescatado fue llevado hasta el Servicio de Urgencia donde se constat\u00f3 que no presentaba ning\u00fan tipo de lesi\u00f3n, \u201ccontinuando posteriormente con las diligencias para ubicar el paradero de \u00e9l o los autores de este hecho, para lo cual estamos recopilando los antecedentes\u201d.<br \/>\nPrecis\u00f3 tambi\u00e9n que el taxi fue periciado por personal del Laboratorio de Criminal\u00edstica de Valpara\u00edso en b\u00fasqueda de obtener algunas huellas, \u201cpues se trata de un hecho complejo que por segunda vez se da en nuestra zona en un muy corto per\u00edodo de tiempo\u201d.<br \/>\nAlegr\u00eda indic\u00f3 que el taxista fue abordado por estos tres sujetos en una calle del centro de la ciudad, precisando que primero recibi\u00f3 un llamado a su celular solicit\u00e1ndole una carrera y al llegar al punto convenido lo esperaban estos antisociales que lo amenazaron con un arma de fuego y lo secuestran.<br \/>\n\u201cEstamos hablando del mismo taxista que fue secuestrado a principios de noviembre, por lo que estamos trabajando para poder lograr la mayor cantidad de antecedentes e informaci\u00f3n en relaci\u00f3n a este segundo hecho\u201d, afirm\u00f3.<br \/>\nEl subcomisario record\u00f3 que dos de los sujetos de nacionalidad colombiana que participaron del primer secuestro se encuentran en prisi\u00f3n preventiva, no obstante que otros dos no pudieron ser arrestados en esa ocasi\u00f3n y por ello se investiga su vinculaci\u00f3n con este segundo hecho, no descartando que pueda tratarse de la misma banda delictual.<br \/>\nAgreg\u00f3 que como l\u00ednea investigativa se baraja que los asaltantes de este segundo hecho sean tambi\u00e9n de nacionalidad colombiana y el m\u00f3vil a\u00fan no est\u00e1 del todo establecido, pudiendo incluso tratarse de un ajuste de cuentas, \u201cpero por eso no descartamos ninguna l\u00ednea investigativa\u201d.<br \/>\nRemarc\u00f3 que la intenci\u00f3n de los secuestradores de embarrilarle la cabeza con cinta adhesiva era precisamente asesinarlo, \u201cy por tratarse de la misma v\u00edctima del secuestro anterior hay antecedentes que analizar y situaciones que requieren de estudio criminal\u00edstico\u201d.<\/p>\n","protected":false},"excerpt":{"rendered":"<p>LOS ANDES.&#8211; En un hecho a lo menos extra\u00f1o se ha transformado para la PDI el asalto y secuestro del taxista de iniciales A.B.O.P., de 30 a\u00f1os, ocurrido la madrugada de este&#8230;<\/p>\n","protected":false},"author":482,"featured_media":53901,"comment_status":"open","ping_status":"closed","sticky":false,"template":"","format":"standard","meta":{"advanced_seo_description":"","jetpack_seo_html_title":"","jetpack_seo_noindex":false,"_jetpack_memberships_contains_paid_content":false,"footnotes":""},"categories":[21],"tags":[],"class_list":["post-53900","post","type-post","status-publish","format-standard","has-post-thumbnail","hentry","category-policial"],"jetpack_featured_media_url":"https:\/\/i0.wp.com\/eltrabajo.cl\/portal\/wp-content\/uploads\/2014\/12\/Auto1.jpg?fit=528%2C387&ssl=1","jetpack_sharing_enabled":true,"jetpack_likes_enabled":true,"jetpack-related-posts":[],"_links":{"self":[{"href":"https:\/\/eltrabajo.cl\/portal\/wp-json\/wp\/v2\/posts\/53900","targetHints":{"allow":["GET"]}}],"collection":[{"href":"https:\/\/eltrabajo.cl\/portal\/wp-json\/wp\/v2\/posts"}],"about":[{"href":"https:\/\/eltrabajo.cl\/portal\/wp-json\/wp\/v2\/types\/post"}],"author":[{"embeddable":true,"href":"https:\/\/eltrabajo.cl\/portal\/wp-json\/wp\/v2\/users\/482"}],"replies":[{"embeddable":true,"href":"https:\/\/eltrabajo.cl\/portal\/wp-json\/wp\/v2\/comments?post=53900"}],"version-history":[{"count":0,"href":"https:\/\/eltrabajo.cl\/portal\/wp-json\/wp\/v2\/posts\/53900\/revisions"}],"wp:featuredmedia":[{"embeddable":true,"href":"https:\/\/eltrabajo.cl\/portal\/wp-json\/wp\/v2\/media\/53901"}],"wp:attachment":[{"href":"https:\/\/eltrabajo.cl\/portal\/wp-json\/wp\/v2\/media?parent=53900"}],"wp:term":[{"taxonomy":"category","embeddable":true,"href":"https:\/\/eltrabajo.cl\/portal\/wp-json\/wp\/v2\/categories?post=53900"},{"taxonomy":"post_tag","embeddable":true,"href":"https:\/\/eltrabajo.cl\/portal\/wp-json\/wp\/v2\/tags?post=53900"}],"curies":[{"name":"wp","href":"https:\/\/api.w.org\/{rel}","templated":true}]}}