{"id":53908,"date":"2014-12-05T08:59:46","date_gmt":"2014-12-05T11:59:46","guid":{"rendered":"http:\/\/www.eltrabajo.cl\/portal\/?p=53908"},"modified":"2014-12-05T08:59:46","modified_gmt":"2014-12-05T11:59:46","slug":"recarpeteo-en-tramo-putaendo-san-felipe-avanza-rapidamente","status":"publish","type":"post","link":"https:\/\/eltrabajo.cl\/portal\/recarpeteo-en-tramo-putaendo-san-felipe-avanza-rapidamente\/","title":{"rendered":"Recarpeteo en tramo Putaendo-San Felipe avanza r\u00e1pidamente"},"content":{"rendered":"<figure id=\"attachment_53909\" aria-describedby=\"caption-attachment-53909\" style=\"width: 529px\" class=\"wp-caption alignnone\"><a href=\"https:\/\/i0.wp.com\/www.eltrabajo.cl\/portal\/wp-content\/uploads\/2014\/12\/Calle1.jpg\"><img data-recalc-dims=\"1\" loading=\"lazy\" decoding=\"async\" class=\"size-full wp-image-53909\" src=\"https:\/\/i0.wp.com\/www.eltrabajo.cl\/portal\/wp-content\/uploads\/2014\/12\/Calle1.jpg?resize=529%2C358\" alt=\"Bastante adelantados se encuentran los trabajos de recarpeteo asf\u00e1ltico en la Carretera E-71 que une Putaendo con San Felipe.\" width=\"529\" height=\"358\" srcset=\"https:\/\/i0.wp.com\/eltrabajo.cl\/portal\/wp-content\/uploads\/2014\/12\/Calle1.jpg?w=529&amp;ssl=1 529w, https:\/\/i0.wp.com\/eltrabajo.cl\/portal\/wp-content\/uploads\/2014\/12\/Calle1.jpg?resize=200%2C135&amp;ssl=1 200w, https:\/\/i0.wp.com\/eltrabajo.cl\/portal\/wp-content\/uploads\/2014\/12\/Calle1.jpg?resize=300%2C203&amp;ssl=1 300w, https:\/\/i0.wp.com\/eltrabajo.cl\/portal\/wp-content\/uploads\/2014\/12\/Calle1.jpg?resize=150%2C101&amp;ssl=1 150w, https:\/\/i0.wp.com\/eltrabajo.cl\/portal\/wp-content\/uploads\/2014\/12\/Calle1.jpg?resize=400%2C270&amp;ssl=1 400w\" sizes=\"auto, (max-width: 529px) 100vw, 529px\" \/><\/a><figcaption id=\"caption-attachment-53909\" class=\"wp-caption-text\">Bastante adelantados se encuentran los trabajos de recarpeteo asf\u00e1ltico en la Carretera E-71 que une Putaendo con San Felipe.<\/figcaption><\/figure>\n<p><strong>PUTAENDO.<\/strong>&#8211; Bastante adelantados se encuentran los trabajos de recarpeteo asf\u00e1ltico en la Carretera E-71 que une Putaendo con San Felipe, en el tramo comprendido entre Eduardo Weggener y el sector de El Carmen, o conocido tambi\u00e9n como Las Tunas. Los trabajos deber\u00edan finalizar pasado el 20 de este mes, pero todo indica que los trabajos podr\u00edan terminar antes, ya que hoy el tramo presenta m\u00e1s de un 60% de avance.<\/p>\n<figure id=\"attachment_53910\" aria-describedby=\"caption-attachment-53910\" style=\"width: 400px\" class=\"wp-caption alignright\"><a href=\"https:\/\/i0.wp.com\/www.eltrabajo.cl\/portal\/wp-content\/uploads\/2014\/12\/Calle2.jpg\"><img data-recalc-dims=\"1\" loading=\"lazy\" decoding=\"async\" class=\"wp-image-53910\" src=\"https:\/\/i0.wp.com\/www.eltrabajo.cl\/portal\/wp-content\/uploads\/2014\/12\/Calle2.jpg?resize=400%2C271\" alt=\"Cuando este camino sea entregado quedar\u00e1n en el olvido los desniveles entre una pista de cemento y una de asfalto.\" width=\"400\" height=\"271\" srcset=\"https:\/\/i0.wp.com\/eltrabajo.cl\/portal\/wp-content\/uploads\/2014\/12\/Calle2.jpg?w=529&amp;ssl=1 529w, https:\/\/i0.wp.com\/eltrabajo.cl\/portal\/wp-content\/uploads\/2014\/12\/Calle2.jpg?resize=200%2C135&amp;ssl=1 200w, https:\/\/i0.wp.com\/eltrabajo.cl\/portal\/wp-content\/uploads\/2014\/12\/Calle2.jpg?resize=300%2C203&amp;ssl=1 300w, https:\/\/i0.wp.com\/eltrabajo.cl\/portal\/wp-content\/uploads\/2014\/12\/Calle2.jpg?resize=150%2C101&amp;ssl=1 150w, https:\/\/i0.wp.com\/eltrabajo.cl\/portal\/wp-content\/uploads\/2014\/12\/Calle2.jpg?resize=400%2C270&amp;ssl=1 400w\" sizes=\"auto, (max-width: 400px) 100vw, 400px\" \/><\/a><figcaption id=\"caption-attachment-53910\" class=\"wp-caption-text\">Cuando este camino sea entregado quedar\u00e1n en el olvido los desniveles entre una pista de cemento y una de asfalto.<\/figcaption><\/figure>\n<p>Ciertamente, los trabajos han originado algunos inconvenientes como demoras en los desplazamientos a prop\u00f3sito del tr\u00e1nsito diferido, pero hoy ya se puede advertir como este antiguo y p\u00e9simo camino est\u00e1 quedando convertido en una carretera de alto est\u00e1ndar. Este proyecto fue impulsado por el Alcalde Guillermo Reyes y el concejo municipal, cont\u00f3 con el importante apoyo del Gobernador Eduardo Le\u00f3n, quien gestion\u00f3 al m\u00e1s alto nivel los m\u00e1s de $900 millones que est\u00e1n demandando esta obra.<br \/>\nCiertamente cuando este camino sea entregado ya quedar\u00e1n en el olvido los desniveles entre una pista de cemento y una de asfalto, los hoyos y el peligro que este tramo representaba para los conductores, pero tambi\u00e9n representar\u00e1 para algunos conductores la oportunidad para correr sus veh\u00edculos por sobre los 70 kil\u00f3metros por hora que es permitido en ese tramo, ya que las condiciones del camino ser\u00e1n \u00f3ptimas para desarrollar altas velocidades, por lo que tambi\u00e9n resulta fundamental que a la brevedad Carabineros de Putaendo cuente con un radar toma velocidad para evitar y prevenir excesos de velocidad, as\u00ed como accidentes en ese sector.<br \/>\nPatricio Gallardo M.<\/p>\n","protected":false},"excerpt":{"rendered":"<p>PUTAENDO.&#8211; Bastante adelantados se encuentran los trabajos de recarpeteo asf\u00e1ltico en la Carretera E-71 que une Putaendo con San Felipe, en el tramo comprendido entre Eduardo Weggener y el sector de El&#8230;<\/p>\n","protected":false},"author":482,"featured_media":53909,"comment_status":"open","ping_status":"closed","sticky":false,"template":"","format":"standard","meta":{"advanced_seo_description":"","jetpack_seo_html_title":"","jetpack_seo_noindex":false,"_jetpack_memberships_contains_paid_content":false,"footnotes":""},"categories":[15],"tags":[],"class_list":["post-53908","post","type-post","status-publish","format-standard","has-post-thumbnail","hentry","category-comunidad"],"jetpack_featured_media_url":"https:\/\/i0.wp.com\/eltrabajo.cl\/portal\/wp-content\/uploads\/2014\/12\/Calle1.jpg?fit=529%2C358&ssl=1","jetpack_sharing_enabled":true,"jetpack_likes_enabled":true,"jetpack-related-posts":[],"_links":{"self":[{"href":"https:\/\/eltrabajo.cl\/portal\/wp-json\/wp\/v2\/posts\/53908","targetHints":{"allow":["GET"]}}],"collection":[{"href":"https:\/\/eltrabajo.cl\/portal\/wp-json\/wp\/v2\/posts"}],"about":[{"href":"https:\/\/eltrabajo.cl\/portal\/wp-json\/wp\/v2\/types\/post"}],"author":[{"embeddable":true,"href":"https:\/\/eltrabajo.cl\/portal\/wp-json\/wp\/v2\/users\/482"}],"replies":[{"embeddable":true,"href":"https:\/\/eltrabajo.cl\/portal\/wp-json\/wp\/v2\/comments?post=53908"}],"version-history":[{"count":0,"href":"https:\/\/eltrabajo.cl\/portal\/wp-json\/wp\/v2\/posts\/53908\/revisions"}],"wp:featuredmedia":[{"embeddable":true,"href":"https:\/\/eltrabajo.cl\/portal\/wp-json\/wp\/v2\/media\/53909"}],"wp:attachment":[{"href":"https:\/\/eltrabajo.cl\/portal\/wp-json\/wp\/v2\/media?parent=53908"}],"wp:term":[{"taxonomy":"category","embeddable":true,"href":"https:\/\/eltrabajo.cl\/portal\/wp-json\/wp\/v2\/categories?post=53908"},{"taxonomy":"post_tag","embeddable":true,"href":"https:\/\/eltrabajo.cl\/portal\/wp-json\/wp\/v2\/tags?post=53908"}],"curies":[{"name":"wp","href":"https:\/\/api.w.org\/{rel}","templated":true}]}}