{"id":53912,"date":"2014-12-05T09:01:14","date_gmt":"2014-12-05T12:01:14","guid":{"rendered":"http:\/\/www.eltrabajo.cl\/portal\/?p=53912"},"modified":"2014-12-05T09:01:14","modified_gmt":"2014-12-05T12:01:14","slug":"implementaran-en-san-felipe-plan-comunal-de-seguridad-publica","status":"publish","type":"post","link":"https:\/\/eltrabajo.cl\/portal\/implementaran-en-san-felipe-plan-comunal-de-seguridad-publica\/","title":{"rendered":"Implementar\u00e1n en San Felipe Plan Comunal de Seguridad P\u00fablica"},"content":{"rendered":"<figure id=\"attachment_53913\" aria-describedby=\"caption-attachment-53913\" style=\"width: 400px\" class=\"wp-caption alignleft\"><a href=\"https:\/\/i0.wp.com\/www.eltrabajo.cl\/portal\/wp-content\/uploads\/2014\/12\/Delito1.jpg\"><img data-recalc-dims=\"1\" loading=\"lazy\" decoding=\"async\" class=\"wp-image-53913\" src=\"https:\/\/i0.wp.com\/www.eltrabajo.cl\/portal\/wp-content\/uploads\/2014\/12\/Delito1.jpg?resize=400%2C442\" alt=\"El Alcalde (S) Jorge Jara manifest\u00f3 la importancia de contar con este plan, que permitir\u00e1 desarrollar pol\u00edticas de mediano y corto plazo, en conjunto con los vecinos. \" width=\"400\" height=\"442\" srcset=\"https:\/\/i0.wp.com\/eltrabajo.cl\/portal\/wp-content\/uploads\/2014\/12\/Delito1.jpg?w=529&amp;ssl=1 529w, https:\/\/i0.wp.com\/eltrabajo.cl\/portal\/wp-content\/uploads\/2014\/12\/Delito1.jpg?resize=135%2C150&amp;ssl=1 135w, https:\/\/i0.wp.com\/eltrabajo.cl\/portal\/wp-content\/uploads\/2014\/12\/Delito1.jpg?resize=271%2C300&amp;ssl=1 271w, https:\/\/i0.wp.com\/eltrabajo.cl\/portal\/wp-content\/uploads\/2014\/12\/Delito1.jpg?resize=400%2C441&amp;ssl=1 400w\" sizes=\"auto, (max-width: 400px) 100vw, 400px\" \/><\/a><figcaption id=\"caption-attachment-53913\" class=\"wp-caption-text\">El Alcalde (S) Jorge Jara manifest\u00f3 la importancia de contar con este plan, que permitir\u00e1 desarrollar pol\u00edticas de mediano y corto plazo, en conjunto con los vecinos.<\/figcaption><\/figure>\n<p>Este jueves la Municipalidad de San Felipe y la Subsecretar\u00eda de Prevenci\u00f3n del Delito firmaron un convenio que permitir\u00e1 implementar el Plan Comunal de Seguridad P\u00fablica en la comuna, con una inversi\u00f3n de m\u00e1s de $700 millones para los pr\u00f3ximos tres a\u00f1os. Este programa es uno de los pilares del Plan Nacional de Seguridad P\u00fablica y Prevenci\u00f3n de la violencia y el delito y se aplicar\u00e1 en 74 comunas a nivel de todo el pa\u00eds, que concentran el 82% de las denuncias por delitos y m\u00e1s del 72% de la poblaci\u00f3n del pa\u00eds.<br \/>\n\u201cEstamos firmando un convenio con la Municipalidad para poder tener recursos por tres a\u00f1os, asegurados para que haya un Plan Comunal de Seguridad P\u00fablica donde est\u00e1n los actores locales, para que podamos tener un plan adaptado a esta comuna. El Consejo Comunal de Seguridad P\u00fablica va a permitir que lo actores se comprometan a tener operativos y resultados conocidos por la comunidad\u201d, dijo el Subsecretario de Prevenci\u00f3n del Delito, Antonio Frey.<br \/>\n\u201cNosotros tenemos que esperar recibir los instrumentos oficiales para generar la contrataci\u00f3n del equipo de profesionales que va a trabajar en este tema y luego vamos a tener una jornada de preparaci\u00f3n de la direcci\u00f3n de Seguridad P\u00fablica para que nuestros profesionales y el quipo tenga las capacidades suficientes para desarrollar un trabajo de calidad\u201d, explic\u00f3 la autoridad comunal.<\/p>\n","protected":false},"excerpt":{"rendered":"<p>Este jueves la Municipalidad de San Felipe y la Subsecretar\u00eda de Prevenci\u00f3n del Delito firmaron un convenio que permitir\u00e1 implementar el Plan Comunal de Seguridad P\u00fablica en la comuna, con una inversi\u00f3n&#8230;<\/p>\n","protected":false},"author":482,"featured_media":53913,"comment_status":"open","ping_status":"closed","sticky":false,"template":"","format":"standard","meta":{"advanced_seo_description":"","jetpack_seo_html_title":"","jetpack_seo_noindex":false,"_jetpack_memberships_contains_paid_content":false,"footnotes":""},"categories":[15],"tags":[],"class_list":["post-53912","post","type-post","status-publish","format-standard","has-post-thumbnail","hentry","category-comunidad"],"jetpack_featured_media_url":"https:\/\/i0.wp.com\/eltrabajo.cl\/portal\/wp-content\/uploads\/2014\/12\/Delito1.jpg?fit=529%2C584&ssl=1","jetpack_sharing_enabled":true,"jetpack_likes_enabled":true,"jetpack-related-posts":[],"_links":{"self":[{"href":"https:\/\/eltrabajo.cl\/portal\/wp-json\/wp\/v2\/posts\/53912","targetHints":{"allow":["GET"]}}],"collection":[{"href":"https:\/\/eltrabajo.cl\/portal\/wp-json\/wp\/v2\/posts"}],"about":[{"href":"https:\/\/eltrabajo.cl\/portal\/wp-json\/wp\/v2\/types\/post"}],"author":[{"embeddable":true,"href":"https:\/\/eltrabajo.cl\/portal\/wp-json\/wp\/v2\/users\/482"}],"replies":[{"embeddable":true,"href":"https:\/\/eltrabajo.cl\/portal\/wp-json\/wp\/v2\/comments?post=53912"}],"version-history":[{"count":0,"href":"https:\/\/eltrabajo.cl\/portal\/wp-json\/wp\/v2\/posts\/53912\/revisions"}],"wp:featuredmedia":[{"embeddable":true,"href":"https:\/\/eltrabajo.cl\/portal\/wp-json\/wp\/v2\/media\/53913"}],"wp:attachment":[{"href":"https:\/\/eltrabajo.cl\/portal\/wp-json\/wp\/v2\/media?parent=53912"}],"wp:term":[{"taxonomy":"category","embeddable":true,"href":"https:\/\/eltrabajo.cl\/portal\/wp-json\/wp\/v2\/categories?post=53912"},{"taxonomy":"post_tag","embeddable":true,"href":"https:\/\/eltrabajo.cl\/portal\/wp-json\/wp\/v2\/tags?post=53912"}],"curies":[{"name":"wp","href":"https:\/\/api.w.org\/{rel}","templated":true}]}}