{"id":53920,"date":"2014-12-05T09:06:13","date_gmt":"2014-12-05T12:06:13","guid":{"rendered":"http:\/\/www.eltrabajo.cl\/portal\/?p=53920"},"modified":"2014-12-05T09:06:13","modified_gmt":"2014-12-05T12:06:13","slug":"doce-establecimientos-se-certifican-como-protectores-de-la-ninez-y-la-juventud","status":"publish","type":"post","link":"https:\/\/eltrabajo.cl\/portal\/doce-establecimientos-se-certifican-como-protectores-de-la-ninez-y-la-juventud\/","title":{"rendered":"Doce establecimientos se certifican como protectores de la ni\u00f1ez y la juventud"},"content":{"rendered":"<figure id=\"attachment_53921\" aria-describedby=\"caption-attachment-53921\" style=\"width: 529px\" class=\"wp-caption alignnone\"><a href=\"https:\/\/i0.wp.com\/www.eltrabajo.cl\/portal\/wp-content\/uploads\/2014\/12\/CERTIFICADO2.jpg\"><img data-recalc-dims=\"1\" loading=\"lazy\" decoding=\"async\" class=\"size-full wp-image-53921\" src=\"https:\/\/i0.wp.com\/www.eltrabajo.cl\/portal\/wp-content\/uploads\/2014\/12\/CERTIFICADO2.jpg?resize=529%2C358\" alt=\"El Director de la Escuela Rep\u00fablica de Argentina, Ricardo Y\u00e1\u00f1ez, fue el encargado de recibir la placa que podr\u00e1n lucir en su colegio, y que la acredita como protectora de la infancia y la juventud.\" width=\"529\" height=\"358\" srcset=\"https:\/\/i0.wp.com\/eltrabajo.cl\/portal\/wp-content\/uploads\/2014\/12\/CERTIFICADO2.jpg?w=529&amp;ssl=1 529w, https:\/\/i0.wp.com\/eltrabajo.cl\/portal\/wp-content\/uploads\/2014\/12\/CERTIFICADO2.jpg?resize=200%2C135&amp;ssl=1 200w, https:\/\/i0.wp.com\/eltrabajo.cl\/portal\/wp-content\/uploads\/2014\/12\/CERTIFICADO2.jpg?resize=300%2C203&amp;ssl=1 300w, https:\/\/i0.wp.com\/eltrabajo.cl\/portal\/wp-content\/uploads\/2014\/12\/CERTIFICADO2.jpg?resize=150%2C101&amp;ssl=1 150w, https:\/\/i0.wp.com\/eltrabajo.cl\/portal\/wp-content\/uploads\/2014\/12\/CERTIFICADO2.jpg?resize=400%2C270&amp;ssl=1 400w\" sizes=\"auto, (max-width: 529px) 100vw, 529px\" \/><\/a><figcaption id=\"caption-attachment-53921\" class=\"wp-caption-text\">El Director de la Escuela Rep\u00fablica de Argentina, Ricardo Y\u00e1\u00f1ez, fue el encargado de recibir la placa que podr\u00e1n lucir en su colegio, y que la acredita como protectora de la infancia y la juventud.<\/figcaption><\/figure>\n<p>Tras un proceso de un a\u00f1o y medio de trabajo intenso en donde debieron cumplir una serie de exigencias, doce establecimientos de la comuna de San Felipe lograron certificarse como Protectores de la ni\u00f1ez y la juventud. Se trata de una iniciativa a la que estos jardines infantiles y colegios decidieron someterse voluntariamente, a prop\u00f3sito de una invitaci\u00f3n que les formul\u00f3 la OPD San Felipe, junto a Senda Previene y la Direcci\u00f3n de Educaci\u00f3n Municipal, a trav\u00e9s de su \u00e1rea psicosocial.<br \/>\nFueron 16 establecimientos los que participaron de este proceso, pero doce los que finalmente cumplieron satisfactoriamente con las tres etapas que consideraba la iniciativa, la primera de ellas con el objetivo de fortalecer y consolidar una cultura de protecci\u00f3n y buen trato en cada comunidad educativa; la segunda que contemplaba la ejecuci\u00f3n pr\u00e1ctica de acciones tendientes a corroborar la condici\u00f3n de establecimiento protector de la ni\u00f1ez y la juventud, en tanto que la tercera, desarrollada este segundo semestre de 2014, refer\u00eda a la presentaci\u00f3n de resultados del trabajo desarrollado.<br \/>\nSeg\u00fan explic\u00f3 la coordinadora de la OPD San Felipe, asistente social Francisca Hidalgo, \u201cjunto a Senda Previene y el Departamento Psicosocial de la Daem, formulamos una invitaci\u00f3n a todos los establecimientos de la comuna, concluyendo la primera parte del proceso diecis\u00e9is, en tanto que ahora se certificaron doce, que fueron aquellos que cumpl\u00edan con los requisitos m\u00ednimos en cuanto a incorporar la perspectiva de derecho en el reglamento de convivencia, utilizar el protocolo de derivaci\u00f3n, y que desplegaron seis acciones relacionadas con la promoci\u00f3n de derechos y la prevenci\u00f3n de situaciones de vulneraci\u00f3n\u201d.<br \/>\nLos establecimientos que se certificaron fueron las Escuelas Jos\u00e9 de San Mart\u00edn, 21 de Mayo, Sagrado Coraz\u00f3n, Almendral, Rep\u00fablica de Argentina, Jos\u00e9 Manso de Velasco, Bernardo O\u2019Higgins y el Liceo Corina Urbina, as\u00ed como tambi\u00e9n los Jardines Infantiles Bambi y Nuestro Rinconcito Feliz, adem\u00e1s del Colegio Pumanque y el Instituto Abd\u00f3n Cifuentes.<br \/>\nEl IAC fue el \u00fanico establecimiento particular pagado que se someti\u00f3 a ese proceso de certificaci\u00f3n, destacando su encargada de convivencia, Susana Campos, que para el colegio esta iniciativa fue muy relevante, ya que su intenci\u00f3n es convertirse en reales promotores y protectores de los de derechos de la infancia.<br \/>\n\u201cQueremos que nuestros alumnos y comunidad en general, tenga un buen trato, est\u00e9 tranquila y se protejan los derechos de la infancia, y en esta actividad recibimos hartas herramientas, lo que adem\u00e1s se adec\u00faa al proyecto educativo del IAC\u201d, manifest\u00f3. Opini\u00f3n similar plante\u00f3 el director de la Escuela Rep\u00fablica de Argentina, Ricardo Y\u00e1\u00f1ez, quien dijo que \u201cnuestro objetivo va m\u00e1s all\u00e1 de certificarnos, sino mantener esta labor a lo largo del tiempo y demostrar con hechos concretos, que somos protectores de la ni\u00f1ez y la juventud\u201d.<br \/>\nEn la oportunidad, el Administrador municipal de San Felipe, Patricio Gonz\u00e1lez, formul\u00f3 un llamado a los representantes de los establecimientos, a continuar en esta l\u00ednea de trabajo, entendiendo que los ni\u00f1os, ni\u00f1as y adolescentes no son solamente el futuro de la comuna, sino que son el presente y por ende, es trascendental protegerlos y cuidarlos.<\/p>\n<div class=\"tiled-gallery type-rectangular tiled-gallery-unresized\" data-original-width=\"640\" data-carousel-extra='null' itemscope itemtype=\"http:\/\/schema.org\/ImageGallery\" > <div class=\"gallery-row\" style=\"width: 640px; height: 237px;\" data-original-width=\"640\" data-original-height=\"237\" > <div class=\"gallery-group images-1\" style=\"width: 346px; height: 237px;\" data-original-width=\"346\" data-original-height=\"237\" > <div class=\"tiled-gallery-item tiled-gallery-item-large\" itemprop=\"associatedMedia\" itemscope itemtype=\"http:\/\/schema.org\/ImageObject\"> <a href=\"https:\/\/eltrabajo.cl\/portal\/doce-establecimientos-se-certifican-como-protectores-de-la-ninez-y-la-juventud\/certificado3\/\" border=\"0\" itemprop=\"url\"> <meta itemprop=\"width\" content=\"342\"> <meta itemprop=\"height\" content=\"233\"> <img decoding=\"async\" class=\"\" data-attachment-id=\"53923\" data-orig-file=\"https:\/\/eltrabajo.cl\/portal\/wp-content\/uploads\/2014\/12\/CERTIFICADO3.jpg\" data-orig-size=\"528,360\" data-comments-opened=\"1\" data-image-meta=\"{&quot;aperture&quot;:&quot;0&quot;,&quot;credit&quot;:&quot;&quot;,&quot;camera&quot;:&quot;&quot;,&quot;caption&quot;:&quot;&quot;,&quot;created_timestamp&quot;:&quot;0&quot;,&quot;copyright&quot;:&quot;&quot;,&quot;focal_length&quot;:&quot;0&quot;,&quot;iso&quot;:&quot;0&quot;,&quot;shutter_speed&quot;:&quot;0&quot;,&quot;title&quot;:&quot;&quot;,&quot;orientation&quot;:&quot;0&quot;}\" data-image-title=\"CERTIFICADO3\" data-image-description=\"&lt;p&gt;La Escuela Sagrado Coraz\u00f3n tambi\u00e9n particip\u00f3 en esta jornada de trabajo biopsicosocial a favor de sus estudiantes.&lt;\/p&gt; \" data-medium-file=\"https:\/\/i0.wp.com\/eltrabajo.cl\/portal\/wp-content\/uploads\/2014\/12\/CERTIFICADO3.jpg?fit=300%2C204&#038;ssl=1\" data-large-file=\"https:\/\/i0.wp.com\/eltrabajo.cl\/portal\/wp-content\/uploads\/2014\/12\/CERTIFICADO3.jpg?fit=528%2C360&#038;ssl=1\" src=\"https:\/\/i0.wp.com\/eltrabajo.cl\/portal\/wp-content\/uploads\/2014\/12\/CERTIFICADO3.jpg?w=342&#038;h=233&#038;ssl=1\" srcset=\"https:\/\/i0.wp.com\/eltrabajo.cl\/portal\/wp-content\/uploads\/2014\/12\/CERTIFICADO3.jpg?w=528&amp;ssl=1 528w, https:\/\/i0.wp.com\/eltrabajo.cl\/portal\/wp-content\/uploads\/2014\/12\/CERTIFICADO3.jpg?resize=200%2C136&amp;ssl=1 200w, https:\/\/i0.wp.com\/eltrabajo.cl\/portal\/wp-content\/uploads\/2014\/12\/CERTIFICADO3.jpg?resize=300%2C204&amp;ssl=1 300w, https:\/\/i0.wp.com\/eltrabajo.cl\/portal\/wp-content\/uploads\/2014\/12\/CERTIFICADO3.jpg?resize=150%2C102&amp;ssl=1 150w, https:\/\/i0.wp.com\/eltrabajo.cl\/portal\/wp-content\/uploads\/2014\/12\/CERTIFICADO3.jpg?resize=400%2C272&amp;ssl=1 400w\" width=\"342\" height=\"233\" loading=\"lazy\" data-original-width=\"342\" data-original-height=\"233\" itemprop=\"http:\/\/schema.org\/image\" title=\"CERTIFICADO3\" alt=\"La Escuela Sagrado Coraz\u00f3n tambi\u00e9n particip\u00f3 en esta jornada de trabajo biopsicosocial a favor de sus estudiantes.\" style=\"width: 342px; height: 233px;\" \/> <\/a> <div class=\"tiled-gallery-caption\" itemprop=\"caption description\"> La Escuela Sagrado Coraz\u00f3n tambi\u00e9n particip\u00f3 en esta jornada de trabajo biopsicosocial a favor de sus estudiantes. <\/div> <\/div> <\/div> <!-- close group --> <div class=\"gallery-group images-1\" style=\"width: 294px; height: 237px;\" data-original-width=\"294\" data-original-height=\"237\" > <div class=\"tiled-gallery-item tiled-gallery-item-large\" itemprop=\"associatedMedia\" itemscope itemtype=\"http:\/\/schema.org\/ImageObject\"> <a href=\"https:\/\/eltrabajo.cl\/portal\/doce-establecimientos-se-certifican-como-protectores-de-la-ninez-y-la-juventud\/cerrtificado1\/\" border=\"0\" itemprop=\"url\"> <meta itemprop=\"width\" content=\"290\"> <meta itemprop=\"height\" content=\"233\"> <img decoding=\"async\" class=\"\" data-attachment-id=\"53922\" data-orig-file=\"https:\/\/eltrabajo.cl\/portal\/wp-content\/uploads\/2014\/12\/CERRTIFICADO1.jpg\" data-orig-size=\"529,426\" data-comments-opened=\"1\" data-image-meta=\"{&quot;aperture&quot;:&quot;0&quot;,&quot;credit&quot;:&quot;&quot;,&quot;camera&quot;:&quot;&quot;,&quot;caption&quot;:&quot;&quot;,&quot;created_timestamp&quot;:&quot;0&quot;,&quot;copyright&quot;:&quot;&quot;,&quot;focal_length&quot;:&quot;0&quot;,&quot;iso&quot;:&quot;0&quot;,&quot;shutter_speed&quot;:&quot;0&quot;,&quot;title&quot;:&quot;&quot;,&quot;orientation&quot;:&quot;0&quot;}\" data-image-title=\"CERRTIFICADO1\" data-image-description=\"&lt;p&gt;Representantes del IAC, encabezados por su Directora Marisela Fern\u00e1ndez Zapata, recibieron la certificaci\u00f3n de Protector de la ni\u00f1ez y la juventud.&lt;\/p&gt; \" data-medium-file=\"https:\/\/i0.wp.com\/eltrabajo.cl\/portal\/wp-content\/uploads\/2014\/12\/CERRTIFICADO1.jpg?fit=300%2C241&#038;ssl=1\" data-large-file=\"https:\/\/i0.wp.com\/eltrabajo.cl\/portal\/wp-content\/uploads\/2014\/12\/CERRTIFICADO1.jpg?fit=529%2C426&#038;ssl=1\" src=\"https:\/\/i0.wp.com\/eltrabajo.cl\/portal\/wp-content\/uploads\/2014\/12\/CERRTIFICADO1.jpg?w=290&#038;h=233&#038;ssl=1\" srcset=\"https:\/\/i0.wp.com\/eltrabajo.cl\/portal\/wp-content\/uploads\/2014\/12\/CERRTIFICADO1.jpg?w=529&amp;ssl=1 529w, https:\/\/i0.wp.com\/eltrabajo.cl\/portal\/wp-content\/uploads\/2014\/12\/CERRTIFICADO1.jpg?resize=186%2C150&amp;ssl=1 186w, https:\/\/i0.wp.com\/eltrabajo.cl\/portal\/wp-content\/uploads\/2014\/12\/CERRTIFICADO1.jpg?resize=300%2C241&amp;ssl=1 300w, https:\/\/i0.wp.com\/eltrabajo.cl\/portal\/wp-content\/uploads\/2014\/12\/CERRTIFICADO1.jpg?resize=150%2C120&amp;ssl=1 150w, https:\/\/i0.wp.com\/eltrabajo.cl\/portal\/wp-content\/uploads\/2014\/12\/CERRTIFICADO1.jpg?resize=400%2C322&amp;ssl=1 400w\" width=\"290\" height=\"233\" loading=\"lazy\" data-original-width=\"290\" data-original-height=\"233\" itemprop=\"http:\/\/schema.org\/image\" title=\"CERRTIFICADO1\" alt=\"Representantes del IAC, encabezados por su Directora Marisela Fern\u00e1ndez Zapata, recibieron la certificaci\u00f3n de Protector de la ni\u00f1ez y la juventud.\" style=\"width: 290px; height: 233px;\" \/> <\/a> <div class=\"tiled-gallery-caption\" itemprop=\"caption description\"> Representantes del IAC, encabezados por su Directora Marisela Fern\u00e1ndez Zapata, recibieron la certificaci\u00f3n de Protector de la ni\u00f1ez y la juventud. <\/div> <\/div> <\/div> <!-- close group --> <\/div> <!-- close row --> <\/div>\n","protected":false},"excerpt":{"rendered":"<p>Tras un proceso de un a\u00f1o y medio de trabajo intenso en donde debieron cumplir una serie de exigencias, doce establecimientos de la comuna de San Felipe lograron certificarse como Protectores de&#8230;<\/p>\n","protected":false},"author":482,"featured_media":53921,"comment_status":"open","ping_status":"closed","sticky":false,"template":"","format":"standard","meta":{"advanced_seo_description":"","jetpack_seo_html_title":"","jetpack_seo_noindex":false,"_jetpack_memberships_contains_paid_content":false,"footnotes":""},"categories":[15],"tags":[],"class_list":["post-53920","post","type-post","status-publish","format-standard","has-post-thumbnail","hentry","category-comunidad"],"jetpack_featured_media_url":"https:\/\/i0.wp.com\/eltrabajo.cl\/portal\/wp-content\/uploads\/2014\/12\/CERTIFICADO2.jpg?fit=529%2C358&ssl=1","jetpack_sharing_enabled":true,"jetpack_likes_enabled":true,"jetpack-related-posts":[],"_links":{"self":[{"href":"https:\/\/eltrabajo.cl\/portal\/wp-json\/wp\/v2\/posts\/53920","targetHints":{"allow":["GET"]}}],"collection":[{"href":"https:\/\/eltrabajo.cl\/portal\/wp-json\/wp\/v2\/posts"}],"about":[{"href":"https:\/\/eltrabajo.cl\/portal\/wp-json\/wp\/v2\/types\/post"}],"author":[{"embeddable":true,"href":"https:\/\/eltrabajo.cl\/portal\/wp-json\/wp\/v2\/users\/482"}],"replies":[{"embeddable":true,"href":"https:\/\/eltrabajo.cl\/portal\/wp-json\/wp\/v2\/comments?post=53920"}],"version-history":[{"count":0,"href":"https:\/\/eltrabajo.cl\/portal\/wp-json\/wp\/v2\/posts\/53920\/revisions"}],"wp:featuredmedia":[{"embeddable":true,"href":"https:\/\/eltrabajo.cl\/portal\/wp-json\/wp\/v2\/media\/53921"}],"wp:attachment":[{"href":"https:\/\/eltrabajo.cl\/portal\/wp-json\/wp\/v2\/media?parent=53920"}],"wp:term":[{"taxonomy":"category","embeddable":true,"href":"https:\/\/eltrabajo.cl\/portal\/wp-json\/wp\/v2\/categories?post=53920"},{"taxonomy":"post_tag","embeddable":true,"href":"https:\/\/eltrabajo.cl\/portal\/wp-json\/wp\/v2\/tags?post=53920"}],"curies":[{"name":"wp","href":"https:\/\/api.w.org\/{rel}","templated":true}]}}