{"id":53936,"date":"2014-12-05T09:12:39","date_gmt":"2014-12-05T12:12:39","guid":{"rendered":"http:\/\/www.eltrabajo.cl\/portal\/?p=53936"},"modified":"2014-12-05T09:12:39","modified_gmt":"2014-12-05T12:12:39","slug":"inauguran-mejoramiento-de-plazoleta-en-villa-el-senorial","status":"publish","type":"post","link":"https:\/\/eltrabajo.cl\/portal\/inauguran-mejoramiento-de-plazoleta-en-villa-el-senorial\/","title":{"rendered":"Inauguran mejoramiento de plazoleta en Villa El Se\u00f1orial"},"content":{"rendered":"<p><a href=\"https:\/\/i0.wp.com\/www.eltrabajo.cl\/portal\/wp-content\/uploads\/2014\/12\/Plaza1.jpg\"><img data-recalc-dims=\"1\" loading=\"lazy\" decoding=\"async\" class=\"size-full wp-image-53937\" src=\"https:\/\/i0.wp.com\/www.eltrabajo.cl\/portal\/wp-content\/uploads\/2014\/12\/Plaza1.jpg?resize=528%2C359\" alt=\"Este jueves fue inaugurada la plaza de Villa El Se\u00f1orial, luego que fuera mejorada gracias a un proyecto que ten\u00eda como objetivo recuperar los espacios p\u00fablicos para los vecinos.\" width=\"528\" height=\"359\" srcset=\"https:\/\/i0.wp.com\/eltrabajo.cl\/portal\/wp-content\/uploads\/2014\/12\/Plaza1.jpg?w=528&amp;ssl=1 528w, https:\/\/i0.wp.com\/eltrabajo.cl\/portal\/wp-content\/uploads\/2014\/12\/Plaza1.jpg?resize=200%2C135&amp;ssl=1 200w, https:\/\/i0.wp.com\/eltrabajo.cl\/portal\/wp-content\/uploads\/2014\/12\/Plaza1.jpg?resize=300%2C203&amp;ssl=1 300w, https:\/\/i0.wp.com\/eltrabajo.cl\/portal\/wp-content\/uploads\/2014\/12\/Plaza1.jpg?resize=150%2C101&amp;ssl=1 150w, https:\/\/i0.wp.com\/eltrabajo.cl\/portal\/wp-content\/uploads\/2014\/12\/Plaza1.jpg?resize=400%2C271&amp;ssl=1 400w\" sizes=\"auto, (max-width: 528px) 100vw, 528px\" \/><\/a><\/p>\n<p>Este jueves fue inaugurada la plaza de Villa El Se\u00f1orial, luego que fuera mejorada gracias a un proyecto que ten\u00eda como objetivo recuperar los espacios p\u00fablicos para los vecinos.<\/p>\n<p>Este jueves fue inaugurada la plaza de Villa El Se\u00f1orial, luego que fuera mejorada gracias a un proyecto que ten\u00eda como objetivo recuperar los espacios p\u00fablicos para los vecinos y que se ejecut\u00f3 en el marco del Fondo Nacional de Seguridad P\u00fablica.<br \/>\nLa ceremonia se realiz\u00f3 pasas las once de la ma\u00f1ana y a ella asistieron el Subsecretario de Prevenci\u00f3n del Delito, Antonio Frey, el Intendente Ricardo Bravo, el Gobernador Eduardo Le\u00f3n, el Alcalde (S) Jorge Jara, adem\u00e1s de los vecinos de ese sector residencial.<\/p>\n<figure id=\"attachment_53938\" aria-describedby=\"caption-attachment-53938\" style=\"width: 400px\" class=\"wp-caption alignright\"><a href=\"https:\/\/i0.wp.com\/www.eltrabajo.cl\/portal\/wp-content\/uploads\/2014\/12\/Plaza2.jpg\"><img data-recalc-dims=\"1\" loading=\"lazy\" decoding=\"async\" class=\"wp-image-53938\" src=\"https:\/\/i0.wp.com\/www.eltrabajo.cl\/portal\/wp-content\/uploads\/2014\/12\/Plaza2.jpg?resize=400%2C272\" alt=\"Este mejoramiento signific\u00f3 una inversi\u00f3n de $50 millones con financiamiento de la Subsecretaria de Prevenci\u00f3n del Delito y que fue ejecutado por la Municipalidad de San Felipe.\" width=\"400\" height=\"272\" srcset=\"https:\/\/i0.wp.com\/eltrabajo.cl\/portal\/wp-content\/uploads\/2014\/12\/Plaza2.jpg?w=529&amp;ssl=1 529w, https:\/\/i0.wp.com\/eltrabajo.cl\/portal\/wp-content\/uploads\/2014\/12\/Plaza2.jpg?resize=200%2C136&amp;ssl=1 200w, https:\/\/i0.wp.com\/eltrabajo.cl\/portal\/wp-content\/uploads\/2014\/12\/Plaza2.jpg?resize=300%2C204&amp;ssl=1 300w, https:\/\/i0.wp.com\/eltrabajo.cl\/portal\/wp-content\/uploads\/2014\/12\/Plaza2.jpg?resize=150%2C102&amp;ssl=1 150w, https:\/\/i0.wp.com\/eltrabajo.cl\/portal\/wp-content\/uploads\/2014\/12\/Plaza2.jpg?resize=400%2C272&amp;ssl=1 400w\" sizes=\"auto, (max-width: 400px) 100vw, 400px\" \/><\/a><figcaption id=\"caption-attachment-53938\" class=\"wp-caption-text\">Este mejoramiento signific\u00f3 una inversi\u00f3n de $50 millones con financiamiento de la Subsecretaria de Prevenci\u00f3n del Delito y que fue ejecutado por la Municipalidad de San Felipe.<\/figcaption><\/figure>\n<p>En la plazoleta, que est\u00e1 ubicada en Calle Julio Montero esquina Carlos Ubilla, se instal\u00f3 nueva luminaria, juegos infantiles, m\u00e1quinas de ejercicio y mobiliario, d\u00e1ndole un nuevo aspecto a esa \u00e1rea verde, proyecto que ten\u00eda como objetivo reducir tanto las oportunidades de ocurrencia de delitos, as\u00ed como tambi\u00e9n la percepci\u00f3n de temor e inseguridad de los vecinos de la villa.<br \/>\nEl Alcalde (S) Jorge Jara valor\u00f3 la inauguraci\u00f3n de este mejoramiento, que signific\u00f3 una inversi\u00f3n de $50 millones con financiamiento de la Subsecretaria de Prevenci\u00f3n del Delito y que fue ejecutado por la Municipalidad de San Felipe.<br \/>\n\u201cEste es un trabajo que se realiz\u00f3 con los vecinos, el Alcalde Freire visit\u00f3 varias veces el sector y concord\u00f3 con los vecinos ese tipo de proyecto, de tal manera que hab\u00eda mucha alegr\u00eda, porque ellos obtuvieron lo que solicitaron. La idea es cerrarle todos los espacios a la delincuencia, que los vecinos ocupen esta infraestructura, que se hagan presentes, que ocupen las instalaciones de manera permanente y que cada vez que haya un problema convoquen a la autoridad para tratar de solucionar cualquier dificultad que hubiera\u201d, dijo la autoridad.<br \/>\nEl proyecto, que tuvo un tiempo de ejecuci\u00f3n de 18 meses, se encuentra a disposici\u00f3n de los vecinos, y ya es posible ver todos los d\u00edas como los residentes de este sector disfrutar de las instalaciones en familia.<\/p>\n","protected":false},"excerpt":{"rendered":"<p>Este jueves fue inaugurada la plaza de Villa El Se\u00f1orial, luego que fuera mejorada gracias a un proyecto que ten\u00eda como objetivo recuperar los espacios p\u00fablicos para los vecinos. Este jueves fue&#8230;<\/p>\n","protected":false},"author":482,"featured_media":53937,"comment_status":"open","ping_status":"closed","sticky":false,"template":"","format":"standard","meta":{"advanced_seo_description":"","jetpack_seo_html_title":"","jetpack_seo_noindex":false,"_jetpack_memberships_contains_paid_content":false,"footnotes":""},"categories":[15],"tags":[],"class_list":["post-53936","post","type-post","status-publish","format-standard","has-post-thumbnail","hentry","category-comunidad"],"jetpack_featured_media_url":"https:\/\/i0.wp.com\/eltrabajo.cl\/portal\/wp-content\/uploads\/2014\/12\/Plaza1.jpg?fit=528%2C359&ssl=1","jetpack_sharing_enabled":true,"jetpack_likes_enabled":true,"jetpack-related-posts":[],"_links":{"self":[{"href":"https:\/\/eltrabajo.cl\/portal\/wp-json\/wp\/v2\/posts\/53936","targetHints":{"allow":["GET"]}}],"collection":[{"href":"https:\/\/eltrabajo.cl\/portal\/wp-json\/wp\/v2\/posts"}],"about":[{"href":"https:\/\/eltrabajo.cl\/portal\/wp-json\/wp\/v2\/types\/post"}],"author":[{"embeddable":true,"href":"https:\/\/eltrabajo.cl\/portal\/wp-json\/wp\/v2\/users\/482"}],"replies":[{"embeddable":true,"href":"https:\/\/eltrabajo.cl\/portal\/wp-json\/wp\/v2\/comments?post=53936"}],"version-history":[{"count":0,"href":"https:\/\/eltrabajo.cl\/portal\/wp-json\/wp\/v2\/posts\/53936\/revisions"}],"wp:featuredmedia":[{"embeddable":true,"href":"https:\/\/eltrabajo.cl\/portal\/wp-json\/wp\/v2\/media\/53937"}],"wp:attachment":[{"href":"https:\/\/eltrabajo.cl\/portal\/wp-json\/wp\/v2\/media?parent=53936"}],"wp:term":[{"taxonomy":"category","embeddable":true,"href":"https:\/\/eltrabajo.cl\/portal\/wp-json\/wp\/v2\/categories?post=53936"},{"taxonomy":"post_tag","embeddable":true,"href":"https:\/\/eltrabajo.cl\/portal\/wp-json\/wp\/v2\/tags?post=53936"}],"curies":[{"name":"wp","href":"https:\/\/api.w.org\/{rel}","templated":true}]}}