{"id":53940,"date":"2014-12-05T09:15:24","date_gmt":"2014-12-05T12:15:24","guid":{"rendered":"http:\/\/www.eltrabajo.cl\/portal\/?p=53940"},"modified":"2014-12-05T09:15:24","modified_gmt":"2014-12-05T12:15:24","slug":"fiscalia-aun-no-determina-quien-mato-a-jaime-gatica-en-la-escuadra","status":"publish","type":"post","link":"https:\/\/eltrabajo.cl\/portal\/fiscalia-aun-no-determina-quien-mato-a-jaime-gatica-en-la-escuadra\/","title":{"rendered":"Fiscal\u00eda a\u00fan no determina qui\u00e9n mat\u00f3 a Jaime Gatica en La Escuadra"},"content":{"rendered":"<figure id=\"attachment_53941\" aria-describedby=\"caption-attachment-53941\" style=\"width: 300px\" class=\"wp-caption alignleft\"><a href=\"https:\/\/i0.wp.com\/www.eltrabajo.cl\/portal\/wp-content\/uploads\/2014\/12\/El-Yimmy.jpg\"><img data-recalc-dims=\"1\" loading=\"lazy\" decoding=\"async\" class=\"wp-image-53941 size-medium\" src=\"https:\/\/i0.wp.com\/www.eltrabajo.cl\/portal\/wp-content\/uploads\/2014\/12\/El-Yimmy-300x227.jpg?resize=300%2C227\" alt=\"Jaime Gatica Candia, apodado \u2018El Yimmy\u2019, fue asesinado de un disparo de escopeta en Calle Uno de Poblaci\u00f3n La Escuadra de San Felipe, por causas que a\u00fan est\u00e1n siendo investigadas por la Polic\u00eda de Investigaciones.\" width=\"300\" height=\"227\" srcset=\"https:\/\/i0.wp.com\/eltrabajo.cl\/portal\/wp-content\/uploads\/2014\/12\/El-Yimmy.jpg?resize=300%2C227&amp;ssl=1 300w, https:\/\/i0.wp.com\/eltrabajo.cl\/portal\/wp-content\/uploads\/2014\/12\/El-Yimmy.jpg?resize=198%2C150&amp;ssl=1 198w, https:\/\/i0.wp.com\/eltrabajo.cl\/portal\/wp-content\/uploads\/2014\/12\/El-Yimmy.jpg?resize=150%2C113&amp;ssl=1 150w, https:\/\/i0.wp.com\/eltrabajo.cl\/portal\/wp-content\/uploads\/2014\/12\/El-Yimmy.jpg?resize=400%2C303&amp;ssl=1 400w, https:\/\/i0.wp.com\/eltrabajo.cl\/portal\/wp-content\/uploads\/2014\/12\/El-Yimmy.jpg?w=528&amp;ssl=1 528w\" sizes=\"auto, (max-width: 300px) 100vw, 300px\" \/><\/a><figcaption id=\"caption-attachment-53941\" class=\"wp-caption-text\">Jaime Gatica Candia, apodado \u2018El Yimmy\u2019, fue asesinado de un disparo de escopeta en Calle Uno de Poblaci\u00f3n La Escuadra de San Felipe, por causas que a\u00fan est\u00e1n siendo investigadas por la Polic\u00eda de Investigaciones.<\/figcaption><\/figure>\n<p>Han transcurrido doce d\u00edas desde que se cometi\u00f3 el homicidio de Jaime Gatica Candia, apodado \u2018El Yimmy\u2019, y hasta hoy a\u00fan no se ha individualizado a el o los autores de este crimen, que se mantiene en proceso de investigaci\u00f3n por parte de la Polic\u00eda de San Felipe bajo estricta reserva, para determinar al responsable de este hecho de sangre que se registr\u00f3 el 24 de noviembre en La Escuadra.<br \/>\nRecordemos que de acuerdo a las informaciones obtenidas por Diario El Trabajo, fueron los mismo padres de Jaime Gatica Candia quienes se\u00f1alaron que su hijo recuper\u00f3 la libertad tras haber cumplido una condena en la c\u00e1rcel el pasado 5 de octubre de este a\u00f1o, cuyos primeros prop\u00f3sitos de su reto\u00f1o, era adquirir una propiedad bajo su nombre, manteniendo una suma cercana a los $8 millones en su poder.<br \/>\nLos progenitores estaban consientes de que el hoy occiso estaba ligado al consumo de drogas, tras presentar problemas de adicci\u00f3n de estupefacientes, lo que en primera instancia se presume que su arribo a la comuna de San Felipe desde la Regi\u00f3n Metropolitana, ser\u00eda la adquisici\u00f3n de estas sustancias en Poblaci\u00f3n La Escuadra. Un flagelo que los mismos vecinos han denunciado en reiteradas oportunidades a las Polic\u00edas, que en ese sector se practican transacciones de pasta base y marihuana a los adictos de distintos sectores.<br \/>\nSin embargo aquel 24 de noviembre cerca del mediod\u00eda, \u2018El Yimmy\u2019 habr\u00eda concurrido hasta esa poblaci\u00f3n acompa\u00f1ado de un amigo a bordo de un veh\u00edculo blanco. Los vecinos por temor a represalias han sindicado a distintos autores del crimen por las redes sociales a trav\u00e9s de sus apodos, cuyo denominador com\u00fan prevalece que el autor del escopetazo a Gatica que lo ultim\u00f3 instant\u00e1neamente, ser\u00eda un residente de Poblaci\u00f3n La Escuadra.<br \/>\nEl curso de la investigaci\u00f3n se mantiene en la m\u00e1s absoluta reserva por la Polic\u00eda de Investigaciones, donde hasta el momento no se han registrado detenidos. En tanto los padres de la v\u00edctima declararon desconocer el m\u00f3vil de este crimen, si estar\u00eda relacionado al robo de dinero o un \u2018ajuste de cuentas\u2019 por un aparente tr\u00e1fico de drogas.<br \/>\nAl mismo tiempo la Fiscal\u00eda de San Felipe a\u00fan no individualiza al autor del homicidio de este joven de 30 a\u00f1os, residente en la comuna de Lo Espejo en Santiago, por lo que las piezas del puzzle policial a\u00fan se encuentran en movimiento. \u201cSeguimos una investigaci\u00f3n destinada a esclarecer las circunstancias que rodearon su muerte y establecer responsabilidades penales respecto de quienes pudiesen obrar como autores, la investigaci\u00f3n tiene el car\u00e1cter de reservado por lo que de momento no puedo referirme a la misma\u201d, inform\u00f3 a Diario El Trabajo el Fiscal Osvaldo Basso.<br \/>\nPablo Salinas Sald\u00edas<\/p>\n","protected":false},"excerpt":{"rendered":"<p>Han transcurrido doce d\u00edas desde que se cometi\u00f3 el homicidio de Jaime Gatica Candia, apodado \u2018El Yimmy\u2019, y hasta hoy a\u00fan no se ha individualizado a el o los autores de este&#8230;<\/p>\n","protected":false},"author":482,"featured_media":53941,"comment_status":"open","ping_status":"closed","sticky":false,"template":"","format":"standard","meta":{"advanced_seo_description":"","jetpack_seo_html_title":"","jetpack_seo_noindex":false,"_jetpack_memberships_contains_paid_content":false,"footnotes":""},"categories":[21],"tags":[],"class_list":["post-53940","post","type-post","status-publish","format-standard","has-post-thumbnail","hentry","category-policial"],"jetpack_featured_media_url":"https:\/\/i0.wp.com\/eltrabajo.cl\/portal\/wp-content\/uploads\/2014\/12\/El-Yimmy.jpg?fit=528%2C400&ssl=1","jetpack_sharing_enabled":true,"jetpack_likes_enabled":true,"jetpack-related-posts":[],"_links":{"self":[{"href":"https:\/\/eltrabajo.cl\/portal\/wp-json\/wp\/v2\/posts\/53940","targetHints":{"allow":["GET"]}}],"collection":[{"href":"https:\/\/eltrabajo.cl\/portal\/wp-json\/wp\/v2\/posts"}],"about":[{"href":"https:\/\/eltrabajo.cl\/portal\/wp-json\/wp\/v2\/types\/post"}],"author":[{"embeddable":true,"href":"https:\/\/eltrabajo.cl\/portal\/wp-json\/wp\/v2\/users\/482"}],"replies":[{"embeddable":true,"href":"https:\/\/eltrabajo.cl\/portal\/wp-json\/wp\/v2\/comments?post=53940"}],"version-history":[{"count":0,"href":"https:\/\/eltrabajo.cl\/portal\/wp-json\/wp\/v2\/posts\/53940\/revisions"}],"wp:featuredmedia":[{"embeddable":true,"href":"https:\/\/eltrabajo.cl\/portal\/wp-json\/wp\/v2\/media\/53941"}],"wp:attachment":[{"href":"https:\/\/eltrabajo.cl\/portal\/wp-json\/wp\/v2\/media?parent=53940"}],"wp:term":[{"taxonomy":"category","embeddable":true,"href":"https:\/\/eltrabajo.cl\/portal\/wp-json\/wp\/v2\/categories?post=53940"},{"taxonomy":"post_tag","embeddable":true,"href":"https:\/\/eltrabajo.cl\/portal\/wp-json\/wp\/v2\/tags?post=53940"}],"curies":[{"name":"wp","href":"https:\/\/api.w.org\/{rel}","templated":true}]}}