{"id":53943,"date":"2014-12-05T09:17:29","date_gmt":"2014-12-05T12:17:29","guid":{"rendered":"http:\/\/www.eltrabajo.cl\/portal\/?p=53943"},"modified":"2014-12-05T09:17:29","modified_gmt":"2014-12-05T12:17:29","slug":"briant-incauta-mas-de-200-millones-en-marihuana-prensada","status":"publish","type":"post","link":"https:\/\/eltrabajo.cl\/portal\/briant-incauta-mas-de-200-millones-en-marihuana-prensada\/","title":{"rendered":"Briant incauta m\u00e1s de $200 millones en marihuana prensada"},"content":{"rendered":"<figure id=\"attachment_53944\" aria-describedby=\"caption-attachment-53944\" style=\"width: 529px\" class=\"wp-caption alignnone\"><a href=\"https:\/\/i0.wp.com\/www.eltrabajo.cl\/portal\/wp-content\/uploads\/2014\/12\/Droga2.jpg\"><img data-recalc-dims=\"1\" loading=\"lazy\" decoding=\"async\" class=\"size-full wp-image-53944\" src=\"https:\/\/i0.wp.com\/www.eltrabajo.cl\/portal\/wp-content\/uploads\/2014\/12\/Droga2.jpg?resize=529%2C357\" alt=\"El valor equivalente a 100.000 dosis con un valor en el mercado negro es de m\u00e1s de $200 millones.\" width=\"529\" height=\"357\" srcset=\"https:\/\/i0.wp.com\/eltrabajo.cl\/portal\/wp-content\/uploads\/2014\/12\/Droga2.jpg?w=529&amp;ssl=1 529w, https:\/\/i0.wp.com\/eltrabajo.cl\/portal\/wp-content\/uploads\/2014\/12\/Droga2.jpg?resize=200%2C134&amp;ssl=1 200w, https:\/\/i0.wp.com\/eltrabajo.cl\/portal\/wp-content\/uploads\/2014\/12\/Droga2.jpg?resize=300%2C202&amp;ssl=1 300w, https:\/\/i0.wp.com\/eltrabajo.cl\/portal\/wp-content\/uploads\/2014\/12\/Droga2.jpg?resize=150%2C101&amp;ssl=1 150w, https:\/\/i0.wp.com\/eltrabajo.cl\/portal\/wp-content\/uploads\/2014\/12\/Droga2.jpg?resize=400%2C269&amp;ssl=1 400w\" sizes=\"auto, (max-width: 529px) 100vw, 529px\" \/><\/a><figcaption id=\"caption-attachment-53944\" class=\"wp-caption-text\">El valor equivalente a 100.000 dosis con un valor en el mercado negro es de m\u00e1s de $200 millones.<\/figcaption><\/figure>\n<p><strong>LOS ANDES<\/strong>.- Decomisar m\u00e1s de $200 millones en marihuana prensada y la desarticulaci\u00f3n de una peligrosa banda de traficantes, logr\u00f3 la Brigada Antinarc\u00f3ticos de la PDI de Los Andes, en un operativo efectuado en las cercan\u00edas de Linares en el marco de una operaci\u00f3n denominada \u2018Corriente\u2019.<br \/>\nEl Jefe de la Briant, Comisario Guillermo G\u00e1lvez, inform\u00f3 que en base a trabajos de Inteligencia lograron establecer la forma de operar de esta banda que viajaba constantemente desde la zona central hasta el sector de San Nicol\u00e1s cerca de Chill\u00e1n, donde tomaban contacto con arrieros que transportaban la droga en mula y por pasos no habilitados desde Argentina a nuestro pa\u00eds.<br \/>\nPosteriormente la banda transportaba la droga hasta la zona central para distribuirla entre micro-traficantes de la regi\u00f3n metropolitana y de la ciudad de Los Andes.<\/p>\n<figure id=\"attachment_53945\" aria-describedby=\"caption-attachment-53945\" style=\"width: 400px\" class=\"wp-caption alignright\"><a href=\"https:\/\/i0.wp.com\/www.eltrabajo.cl\/portal\/wp-content\/uploads\/2014\/12\/Droga1.jpg\"><img data-recalc-dims=\"1\" loading=\"lazy\" decoding=\"async\" class=\"wp-image-53945\" src=\"https:\/\/i0.wp.com\/www.eltrabajo.cl\/portal\/wp-content\/uploads\/2014\/12\/Droga1.jpg?resize=400%2C271\" alt=\"A bordo de un autom\u00f3vil Hyundai 10 estaban siendo transportados 67 paquetes de marihuana con un peso total de 34 kilos.\" width=\"400\" height=\"271\" srcset=\"https:\/\/i0.wp.com\/eltrabajo.cl\/portal\/wp-content\/uploads\/2014\/12\/Droga1.jpg?w=529&amp;ssl=1 529w, https:\/\/i0.wp.com\/eltrabajo.cl\/portal\/wp-content\/uploads\/2014\/12\/Droga1.jpg?resize=200%2C135&amp;ssl=1 200w, https:\/\/i0.wp.com\/eltrabajo.cl\/portal\/wp-content\/uploads\/2014\/12\/Droga1.jpg?resize=300%2C203&amp;ssl=1 300w, https:\/\/i0.wp.com\/eltrabajo.cl\/portal\/wp-content\/uploads\/2014\/12\/Droga1.jpg?resize=150%2C101&amp;ssl=1 150w, https:\/\/i0.wp.com\/eltrabajo.cl\/portal\/wp-content\/uploads\/2014\/12\/Droga1.jpg?resize=400%2C270&amp;ssl=1 400w\" sizes=\"auto, (max-width: 400px) 100vw, 400px\" \/><\/a><figcaption id=\"caption-attachment-53945\" class=\"wp-caption-text\">A bordo de un autom\u00f3vil Hyundai 10 estaban siendo transportados 67 paquetes de marihuana con un peso total de 34 kilos.<\/figcaption><\/figure>\n<p>De esta manera el d\u00eda martes en las cercan\u00edas de Linares lograron interceptar el veh\u00edculo que hab\u00eda sido ocultada la droga para su traslado y tambi\u00e9n el auto de seguridad en que viajaban los traficantes, logrando la detenci\u00f3n de cinco sujetos, cuatro de los cuales mantienen antecedentes penales y uno de ellos registraba orden de detenci\u00f3n pendiente por los delitos de contrabando y violaci\u00f3n de menor de edad.<br \/>\nEl Comisario G\u00e1lvez se\u00f1al\u00f3 que a bordo de un autom\u00f3vil Hyundai I 10 estaban siendo transportados 67 paquetes de marihuana con un peso total de 34 kilos, equivalentes a 100.000 dosis con un valor en el mercado negro de m\u00e1s de $200 millones. Precis\u00f3 que entre los detenidos se encuentra el arriero que tra\u00eda la droga desde Argentina y tambi\u00e9n el financista de la operaci\u00f3n, descartando que la banda haya ingresado droga por Paso Cristo redentor. Adem\u00e1s junto a la droga y los veh\u00edculos se incautaron tambi\u00e9n tel\u00e9fonos celulares y dinero.<br \/>\nEl oficial se\u00f1al\u00f3 que se siguen las aristas del caso para poder determinar qui\u00e9nes son los proveedores de la droga desde el otro lado de la cordillera.<br \/>\nLos detenidos fueron identificados como Sergio Antonio C.S., de 40 a\u00f1os, con orden de detenci\u00f3n vigente por Violaci\u00f3n y Contrabando, Alfredo Antonio L.S., de 58, Cristi\u00e1n Silvestre M.N., de 40, Cristi\u00e1n Alejandro S.R. de 34 y el arriero Francisco Javier R.B., de 44 a\u00f1os.<br \/>\nLos cinco imputados fueron puestos a disposici\u00f3n del Tribunal de Garant\u00eda de Los Andes donde el Fiscal Jorge Alfaro los formaliz\u00f3 por el delito de Tr\u00e1fico il\u00edcito de drogas. En atenci\u00f3n a la alta pena asignada al delito y a que su libertad representa un peligro para la seguridad de la sociedad quedaron en Prisi\u00f3n Preventiva.<\/p>\n","protected":false},"excerpt":{"rendered":"<p>LOS ANDES.- Decomisar m\u00e1s de $200 millones en marihuana prensada y la desarticulaci\u00f3n de una peligrosa banda de traficantes, logr\u00f3 la Brigada Antinarc\u00f3ticos de la PDI de Los Andes, en un operativo&#8230;<\/p>\n","protected":false},"author":482,"featured_media":53944,"comment_status":"open","ping_status":"closed","sticky":false,"template":"","format":"standard","meta":{"advanced_seo_description":"","jetpack_seo_html_title":"","jetpack_seo_noindex":false,"_jetpack_memberships_contains_paid_content":false,"footnotes":""},"categories":[21],"tags":[],"class_list":["post-53943","post","type-post","status-publish","format-standard","has-post-thumbnail","hentry","category-policial"],"jetpack_featured_media_url":"https:\/\/i0.wp.com\/eltrabajo.cl\/portal\/wp-content\/uploads\/2014\/12\/Droga2.jpg?fit=529%2C357&ssl=1","jetpack_sharing_enabled":true,"jetpack_likes_enabled":true,"jetpack-related-posts":[],"_links":{"self":[{"href":"https:\/\/eltrabajo.cl\/portal\/wp-json\/wp\/v2\/posts\/53943","targetHints":{"allow":["GET"]}}],"collection":[{"href":"https:\/\/eltrabajo.cl\/portal\/wp-json\/wp\/v2\/posts"}],"about":[{"href":"https:\/\/eltrabajo.cl\/portal\/wp-json\/wp\/v2\/types\/post"}],"author":[{"embeddable":true,"href":"https:\/\/eltrabajo.cl\/portal\/wp-json\/wp\/v2\/users\/482"}],"replies":[{"embeddable":true,"href":"https:\/\/eltrabajo.cl\/portal\/wp-json\/wp\/v2\/comments?post=53943"}],"version-history":[{"count":0,"href":"https:\/\/eltrabajo.cl\/portal\/wp-json\/wp\/v2\/posts\/53943\/revisions"}],"wp:featuredmedia":[{"embeddable":true,"href":"https:\/\/eltrabajo.cl\/portal\/wp-json\/wp\/v2\/media\/53944"}],"wp:attachment":[{"href":"https:\/\/eltrabajo.cl\/portal\/wp-json\/wp\/v2\/media?parent=53943"}],"wp:term":[{"taxonomy":"category","embeddable":true,"href":"https:\/\/eltrabajo.cl\/portal\/wp-json\/wp\/v2\/categories?post=53943"},{"taxonomy":"post_tag","embeddable":true,"href":"https:\/\/eltrabajo.cl\/portal\/wp-json\/wp\/v2\/tags?post=53943"}],"curies":[{"name":"wp","href":"https:\/\/api.w.org\/{rel}","templated":true}]}}