{"id":53954,"date":"2014-12-09T09:35:20","date_gmt":"2014-12-09T12:35:20","guid":{"rendered":"http:\/\/www.eltrabajo.cl\/portal\/?p=53954"},"modified":"2014-12-09T09:35:20","modified_gmt":"2014-12-09T12:35:20","slug":"llayllainos-colectaron-mas-de-7-millones-para-la-teleton","status":"publish","type":"post","link":"https:\/\/eltrabajo.cl\/portal\/llayllainos-colectaron-mas-de-7-millones-para-la-teleton\/","title":{"rendered":"Llaylla\u00ednos colectaron m\u00e1s\u00a0de $7 millones para la Telet\u00f3n"},"content":{"rendered":"<figure id=\"attachment_53955\" aria-describedby=\"caption-attachment-53955\" style=\"width: 529px\" class=\"wp-caption alignnone\"><a href=\"https:\/\/i0.wp.com\/www.eltrabajo.cl\/portal\/wp-content\/uploads\/2014\/12\/Teleton11.jpg\"><img data-recalc-dims=\"1\" loading=\"lazy\" decoding=\"async\" class=\"wp-image-53955 size-full\" src=\"https:\/\/i0.wp.com\/www.eltrabajo.cl\/portal\/wp-content\/uploads\/2014\/12\/Teleton11.jpg?resize=529%2C382\" alt=\"Llay Llay es una comuna solidaria, toda actividad donde se busque cooperaci\u00f3n obtiene respuesta de los vecinos. (Archivo)\" width=\"529\" height=\"382\" srcset=\"https:\/\/i0.wp.com\/eltrabajo.cl\/portal\/wp-content\/uploads\/2014\/12\/Teleton11.jpg?w=529&amp;ssl=1 529w, https:\/\/i0.wp.com\/eltrabajo.cl\/portal\/wp-content\/uploads\/2014\/12\/Teleton11.jpg?resize=200%2C144&amp;ssl=1 200w, https:\/\/i0.wp.com\/eltrabajo.cl\/portal\/wp-content\/uploads\/2014\/12\/Teleton11.jpg?resize=300%2C216&amp;ssl=1 300w, https:\/\/i0.wp.com\/eltrabajo.cl\/portal\/wp-content\/uploads\/2014\/12\/Teleton11.jpg?resize=150%2C108&amp;ssl=1 150w, https:\/\/i0.wp.com\/eltrabajo.cl\/portal\/wp-content\/uploads\/2014\/12\/Teleton11.jpg?resize=400%2C288&amp;ssl=1 400w\" sizes=\"auto, (max-width: 529px) 100vw, 529px\" \/><\/a><figcaption id=\"caption-attachment-53955\" class=\"wp-caption-text\">Llay Llay es una comuna solidaria, toda actividad donde se busque cooperaci\u00f3n obtiene respuesta de los vecinos. (Archivo)<\/figcaption><\/figure>\n<p><strong>LLAY LLAY.<\/strong>&#8211; A m\u00e1s de una semana de la cruzada solidaria, a\u00fan queda en la retina de los llaylla\u00ednos los detalles que marcaron las dos jornadas de amor, donde la idea era colaborar y en donde tambi\u00e9n los m\u00e1s entusiastas fueron los ni\u00f1os, quienes trajeron a sus padres y su alcanc\u00eda. A su corta edad y a\u00fan sin poderlo expresarlo verbalmente sab\u00edan lo importante de estar ah\u00ed y entregar su aporte.<br \/>\nLlay Llay es una comuna solidaria, toda actividad donde se busque cooperaci\u00f3n obtiene respuesta de los vecinos; pero son los m\u00e1s peque\u00f1os quienes se roban la en show y los scauts de Grupo Llayllacan lo saben, por ello instalaron un puesto de pinta caritas solidario con la Telet\u00f3n.<br \/>\nA pesar que la lluvia \u2018agu\u00f3\u2019 literalmente el show del s\u00e1bado 29 de noviembre y se tuvo que suspender las actividades al aire libre, fue notorio que el \u00e1nimo era colaborar, por ello la presencia de vecinos, familias y los m\u00e1s peque\u00f1os de la casa.<br \/>\nA la fecha Banco de Chile no ha entregado la cifra total de lo recaudado por la Telet\u00f3n Llay Llay, pero les podemos contar que sumado la cifra que entreg\u00f3 el Rotary, de la jornada del s\u00e1bado que es m\u00e1s de $5 millones y los $2 millones recaudados por la Telet\u00f3n Santa Rosa, existe un monto parcial de aproximadamente $7 millones, un granito de arena que se uni\u00f3 a la gran cifra de la meta nacional de la Telet\u00f3n.<br \/>\nMarianela Quevedo<\/p>\n","protected":false},"excerpt":{"rendered":"<p>LLAY LLAY.&#8211; A m\u00e1s de una semana de la cruzada solidaria, a\u00fan queda en la retina de los llaylla\u00ednos los detalles que marcaron las dos jornadas de amor, donde la idea era&#8230;<\/p>\n","protected":false},"author":482,"featured_media":53955,"comment_status":"open","ping_status":"closed","sticky":false,"template":"","format":"standard","meta":{"advanced_seo_description":"","jetpack_seo_html_title":"","jetpack_seo_noindex":false,"_jetpack_memberships_contains_paid_content":false,"footnotes":""},"categories":[15],"tags":[],"class_list":["post-53954","post","type-post","status-publish","format-standard","has-post-thumbnail","hentry","category-comunidad"],"jetpack_featured_media_url":"https:\/\/i0.wp.com\/eltrabajo.cl\/portal\/wp-content\/uploads\/2014\/12\/Teleton11.jpg?fit=529%2C382&ssl=1","jetpack_sharing_enabled":true,"jetpack_likes_enabled":true,"jetpack-related-posts":[],"_links":{"self":[{"href":"https:\/\/eltrabajo.cl\/portal\/wp-json\/wp\/v2\/posts\/53954","targetHints":{"allow":["GET"]}}],"collection":[{"href":"https:\/\/eltrabajo.cl\/portal\/wp-json\/wp\/v2\/posts"}],"about":[{"href":"https:\/\/eltrabajo.cl\/portal\/wp-json\/wp\/v2\/types\/post"}],"author":[{"embeddable":true,"href":"https:\/\/eltrabajo.cl\/portal\/wp-json\/wp\/v2\/users\/482"}],"replies":[{"embeddable":true,"href":"https:\/\/eltrabajo.cl\/portal\/wp-json\/wp\/v2\/comments?post=53954"}],"version-history":[{"count":0,"href":"https:\/\/eltrabajo.cl\/portal\/wp-json\/wp\/v2\/posts\/53954\/revisions"}],"wp:featuredmedia":[{"embeddable":true,"href":"https:\/\/eltrabajo.cl\/portal\/wp-json\/wp\/v2\/media\/53955"}],"wp:attachment":[{"href":"https:\/\/eltrabajo.cl\/portal\/wp-json\/wp\/v2\/media?parent=53954"}],"wp:term":[{"taxonomy":"category","embeddable":true,"href":"https:\/\/eltrabajo.cl\/portal\/wp-json\/wp\/v2\/categories?post=53954"},{"taxonomy":"post_tag","embeddable":true,"href":"https:\/\/eltrabajo.cl\/portal\/wp-json\/wp\/v2\/tags?post=53954"}],"curies":[{"name":"wp","href":"https:\/\/api.w.org\/{rel}","templated":true}]}}