{"id":53957,"date":"2014-12-09T09:36:21","date_gmt":"2014-12-09T12:36:21","guid":{"rendered":"http:\/\/www.eltrabajo.cl\/portal\/?p=53957"},"modified":"2014-12-09T09:36:21","modified_gmt":"2014-12-09T12:36:21","slug":"vicente-perez-rosales-al-morir-dono-su-cuerpo-a-la-ciencia","status":"publish","type":"post","link":"https:\/\/eltrabajo.cl\/portal\/vicente-perez-rosales-al-morir-dono-su-cuerpo-a-la-ciencia\/","title":{"rendered":"Vicente P\u00e9rez Rosales, al morir don\u00f3 su cuerpo a la Ciencia"},"content":{"rendered":"<figure id=\"attachment_53958\" aria-describedby=\"caption-attachment-53958\" style=\"width: 296px\" class=\"wp-caption alignleft\"><a href=\"https:\/\/i0.wp.com\/www.eltrabajo.cl\/portal\/wp-content\/uploads\/2014\/12\/Vicente-Perez.jpg\"><img data-recalc-dims=\"1\" loading=\"lazy\" decoding=\"async\" class=\"wp-image-53958 size-medium\" src=\"https:\/\/i0.wp.com\/www.eltrabajo.cl\/portal\/wp-content\/uploads\/2014\/12\/Vicente-Perez-296x300.jpg?resize=296%2C300\" alt=\"Vicente P\u00e9rez Rosales, l\u00edder pionero, quien fue el fundador de la Uni\u00f3n Comunal de Organizaciones Sociales de Putaendo.\" width=\"296\" height=\"300\" srcset=\"https:\/\/i0.wp.com\/eltrabajo.cl\/portal\/wp-content\/uploads\/2014\/12\/Vicente-Perez.jpg?resize=296%2C300&amp;ssl=1 296w, https:\/\/i0.wp.com\/eltrabajo.cl\/portal\/wp-content\/uploads\/2014\/12\/Vicente-Perez.jpg?resize=148%2C150&amp;ssl=1 148w, https:\/\/i0.wp.com\/eltrabajo.cl\/portal\/wp-content\/uploads\/2014\/12\/Vicente-Perez.jpg?resize=400%2C405&amp;ssl=1 400w, https:\/\/i0.wp.com\/eltrabajo.cl\/portal\/wp-content\/uploads\/2014\/12\/Vicente-Perez.jpg?w=529&amp;ssl=1 529w\" sizes=\"auto, (max-width: 296px) 100vw, 296px\" \/><\/a><figcaption id=\"caption-attachment-53958\" class=\"wp-caption-text\">Vicente P\u00e9rez Rosales, l\u00edder pionero, quien fue el fundador de la Uni\u00f3n Comunal de Organizaciones Sociales de Putaendo.<\/figcaption><\/figure>\n<p><strong>PUTAENDO<\/strong>.- Nuevamente la comuna ha perdido a uno de los grandes, ya que a eso de las 15:00 horas de este domingo y en la tranquilidad de su hogar, falleci\u00f3 Don Vicente P\u00e9rez Rosales, l\u00edder pionero, quien fue el fundador de la Uni\u00f3n Comunal de Organizaciones Sociales de Putaendo. Vicente P\u00e9rez estaba aquejado de un c\u00e1ncer terminal y falleci\u00f3 esta tarde en su domicilio de Calle V\u00edctor Araya, rodeado de familiares.<br \/>\nSu esp\u00edritu de l\u00edder fue reconocido por muchas generaciones y adem\u00e1s se le atribuye el papel decisivo de fundar la Uni\u00f3n Comunal de Organizaciones Sociales de Putaendo, de la cual tambi\u00e9n fue su primer presidente y desde la cual fue parte activa de las principales luchas de Putaendo en su \u00e9poca. Quienes le conocieron recuerdan su car\u00e1cter decisivo, que incluso lo llev\u00f3 a ser candidato a alcalde de Putaendo el a\u00f1o 2004 como independiente.<\/p>\n<p><strong>DON\u00d3 SU CUERPO<\/strong><br \/>\nLos restos mortales de Vicente P\u00e9rez Rosales est\u00e1n siendo velados en su casa habitaci\u00f3n en Calle V\u00edctor Araya de Granallas, y de acuerdo a lo se\u00f1alado por familiares, no se realizar\u00e1n oficios religiosos ni funeral, debido a que en vida el dirigente expres\u00f3 su deseo que su cuerpo fuese entregado a una Universidad para realizar estudios cient\u00edficos, por lo que s\u00f3lo se realizar\u00e1 una despedida y homenaje en su domicilio, a una hora a\u00fan por confirmar.<br \/>\nDiario El Trabajo expresa las sinceras condolencias a la esposa de Don Vicente P\u00e9rez Rosales y a sus cuatro hijos ante estos dif\u00edciles momentos de dolor y entrega un sentido homenaje, a un dirigente pionero en Putaendo, que con profundas convicciones y una gran sabidur\u00eda, supo guiar y proyectar a una de las organizaciones m\u00e1s importantes de nuestra comuna.<br \/>\nPatricio Gallardo M.<\/p>\n","protected":false},"excerpt":{"rendered":"<p>PUTAENDO.- Nuevamente la comuna ha perdido a uno de los grandes, ya que a eso de las 15:00 horas de este domingo y en la tranquilidad de su hogar, falleci\u00f3 Don Vicente&#8230;<\/p>\n","protected":false},"author":482,"featured_media":53958,"comment_status":"open","ping_status":"closed","sticky":false,"template":"","format":"standard","meta":{"advanced_seo_description":"","jetpack_seo_html_title":"","jetpack_seo_noindex":false,"_jetpack_memberships_contains_paid_content":false,"footnotes":""},"categories":[15],"tags":[],"class_list":["post-53957","post","type-post","status-publish","format-standard","has-post-thumbnail","hentry","category-comunidad"],"jetpack_featured_media_url":"https:\/\/i0.wp.com\/eltrabajo.cl\/portal\/wp-content\/uploads\/2014\/12\/Vicente-Perez.jpg?fit=529%2C536&ssl=1","jetpack_sharing_enabled":true,"jetpack_likes_enabled":true,"jetpack-related-posts":[],"_links":{"self":[{"href":"https:\/\/eltrabajo.cl\/portal\/wp-json\/wp\/v2\/posts\/53957","targetHints":{"allow":["GET"]}}],"collection":[{"href":"https:\/\/eltrabajo.cl\/portal\/wp-json\/wp\/v2\/posts"}],"about":[{"href":"https:\/\/eltrabajo.cl\/portal\/wp-json\/wp\/v2\/types\/post"}],"author":[{"embeddable":true,"href":"https:\/\/eltrabajo.cl\/portal\/wp-json\/wp\/v2\/users\/482"}],"replies":[{"embeddable":true,"href":"https:\/\/eltrabajo.cl\/portal\/wp-json\/wp\/v2\/comments?post=53957"}],"version-history":[{"count":0,"href":"https:\/\/eltrabajo.cl\/portal\/wp-json\/wp\/v2\/posts\/53957\/revisions"}],"wp:featuredmedia":[{"embeddable":true,"href":"https:\/\/eltrabajo.cl\/portal\/wp-json\/wp\/v2\/media\/53958"}],"wp:attachment":[{"href":"https:\/\/eltrabajo.cl\/portal\/wp-json\/wp\/v2\/media?parent=53957"}],"wp:term":[{"taxonomy":"category","embeddable":true,"href":"https:\/\/eltrabajo.cl\/portal\/wp-json\/wp\/v2\/categories?post=53957"},{"taxonomy":"post_tag","embeddable":true,"href":"https:\/\/eltrabajo.cl\/portal\/wp-json\/wp\/v2\/tags?post=53957"}],"curies":[{"name":"wp","href":"https:\/\/api.w.org\/{rel}","templated":true}]}}