{"id":53977,"date":"2014-12-09T09:45:56","date_gmt":"2014-12-09T12:45:56","guid":{"rendered":"http:\/\/www.eltrabajo.cl\/portal\/?p=53977"},"modified":"2014-12-09T09:45:56","modified_gmt":"2014-12-09T12:45:56","slug":"conocido-sanfelipeno-raul-franco-fallece-en-la-ciudad-de-chillan","status":"publish","type":"post","link":"https:\/\/eltrabajo.cl\/portal\/conocido-sanfelipeno-raul-franco-fallece-en-la-ciudad-de-chillan\/","title":{"rendered":"Conocido sanfelipe\u00f1o Ra\u00fal Franco fallece en la ciudad de Chill\u00e1n"},"content":{"rendered":"<figure id=\"attachment_53978\" aria-describedby=\"caption-attachment-53978\" style=\"width: 300px\" class=\"wp-caption alignleft\"><a href=\"https:\/\/i0.wp.com\/www.eltrabajo.cl\/portal\/wp-content\/uploads\/2014\/12\/Raul-Franco.jpg\"><img data-recalc-dims=\"1\" loading=\"lazy\" decoding=\"async\" class=\"wp-image-53978 size-medium\" src=\"https:\/\/i0.wp.com\/www.eltrabajo.cl\/portal\/wp-content\/uploads\/2014\/12\/Raul-Franco-300x260.jpg?resize=300%2C260\" alt=\"Ra\u00fal Gonzalo Franco Alcayaga naci\u00f3 el 29 de octubre 1954 y falleci\u00f3 el 22 de noviembre de 2014. En la imagen junto a su madre Ofelia Alcayaga.\" width=\"300\" height=\"260\" srcset=\"https:\/\/i0.wp.com\/eltrabajo.cl\/portal\/wp-content\/uploads\/2014\/12\/Raul-Franco.jpg?resize=300%2C260&amp;ssl=1 300w, https:\/\/i0.wp.com\/eltrabajo.cl\/portal\/wp-content\/uploads\/2014\/12\/Raul-Franco.jpg?resize=172%2C150&amp;ssl=1 172w, https:\/\/i0.wp.com\/eltrabajo.cl\/portal\/wp-content\/uploads\/2014\/12\/Raul-Franco.jpg?resize=150%2C130&amp;ssl=1 150w, https:\/\/i0.wp.com\/eltrabajo.cl\/portal\/wp-content\/uploads\/2014\/12\/Raul-Franco.jpg?resize=400%2C347&amp;ssl=1 400w, https:\/\/i0.wp.com\/eltrabajo.cl\/portal\/wp-content\/uploads\/2014\/12\/Raul-Franco.jpg?w=529&amp;ssl=1 529w\" sizes=\"auto, (max-width: 300px) 100vw, 300px\" \/><\/a><figcaption id=\"caption-attachment-53978\" class=\"wp-caption-text\">Ra\u00fal Gonzalo Franco Alcayaga naci\u00f3 el 29 de octubre 1954 y falleci\u00f3 el 22 de noviembre de 2014. En la imagen junto a su madre Ofelia Alcayaga.<\/figcaption><\/figure>\n<p>Con profundo pesar a los amigos, vecinos y compa\u00f1eros de Ra\u00fal Gonzalo Franco Alcayaga, se vieron sorprendidos por su temprana partida, deceso acontecido el d\u00eda s\u00e1bado 24 de noviembre reci\u00e9n pasado en su ciudad de adopci\u00f3n, Chill\u00e1n, muri\u00f3 a causa de un paro cardio-respiratorio que no fue posible revertir a pesar de los esfuerzos m\u00e9dicos.<br \/>\nRa\u00fal, hijo de los profesores Ra\u00fal Franco (Q.E.P.D) y Ofelia Alcayaga, el mayor de cuatro hermanos; padre y abuelo; amigo, partner, cercano, cari\u00f1oso y preocupado, dej\u00f3 un gran vac\u00edo en muchos corazones, principalmente en su familia.<br \/>\nAlegre y orgulloso vecino de la ciudad de San Felipe, en donde granje\u00f3 grandes amistades; sus particulares facilidades para la pintura, herencia de su madre, le permiti\u00f3 desde temprana edad obtener variados premios en concursos de pintura, compitiendo mano a mano los primeros lugares con avanzados cultores de la representaci\u00f3n grafica de la Escuela de Bellas Artes.<br \/>\nMigr\u00f3 a Concepci\u00f3n, en donde estudi\u00f3 Odontolog\u00eda en la universidad del mismo nombre, egresando desde esa casa de estudios en marzo del a\u00f1o 1979, para dar inicio a su carrera profesional como General de Zona en la localidad de Yungay. A\u00f1os en donde cultiv\u00f3 muchas amistades, pacientes de aquellos a\u00f1os que lo siguieron a su consulta en Chill\u00e1n, atendiendo luego a hijos y nietos de ellos.<br \/>\nDesde el 2012 fue Consejero Regional del Colegio de cirujanos dentistas de Chile y luego elegido como Consejero Nacional entre sus pares, planteando y proponiendo como base del trabajo gremial, el desaf\u00edo primario de unir a los profesionales odont\u00f3logos en un proyecto incluyente de regiones con atrayentes en innovadoras proyecciones en el \u00e1mbito de las pol\u00edticas p\u00fablicas de la salud bucal y el avance cient\u00edfico profesional; \u00faltimamente trabajaba en establecer las bases nacionales para el mejoramiento de la salud bucal de la poblaci\u00f3n infantil.<\/p>\n","protected":false},"excerpt":{"rendered":"<p>Con profundo pesar a los amigos, vecinos y compa\u00f1eros de Ra\u00fal Gonzalo Franco Alcayaga, se vieron sorprendidos por su temprana partida, deceso acontecido el d\u00eda s\u00e1bado 24 de noviembre reci\u00e9n pasado en&#8230;<\/p>\n","protected":false},"author":482,"featured_media":53978,"comment_status":"open","ping_status":"closed","sticky":false,"template":"","format":"standard","meta":{"advanced_seo_description":"","jetpack_seo_html_title":"","jetpack_seo_noindex":false,"_jetpack_memberships_contains_paid_content":false,"footnotes":""},"categories":[15],"tags":[],"class_list":["post-53977","post","type-post","status-publish","format-standard","has-post-thumbnail","hentry","category-comunidad"],"jetpack_featured_media_url":"https:\/\/i0.wp.com\/eltrabajo.cl\/portal\/wp-content\/uploads\/2014\/12\/Raul-Franco.jpg?fit=529%2C460&ssl=1","jetpack_sharing_enabled":true,"jetpack_likes_enabled":true,"jetpack-related-posts":[],"_links":{"self":[{"href":"https:\/\/eltrabajo.cl\/portal\/wp-json\/wp\/v2\/posts\/53977","targetHints":{"allow":["GET"]}}],"collection":[{"href":"https:\/\/eltrabajo.cl\/portal\/wp-json\/wp\/v2\/posts"}],"about":[{"href":"https:\/\/eltrabajo.cl\/portal\/wp-json\/wp\/v2\/types\/post"}],"author":[{"embeddable":true,"href":"https:\/\/eltrabajo.cl\/portal\/wp-json\/wp\/v2\/users\/482"}],"replies":[{"embeddable":true,"href":"https:\/\/eltrabajo.cl\/portal\/wp-json\/wp\/v2\/comments?post=53977"}],"version-history":[{"count":0,"href":"https:\/\/eltrabajo.cl\/portal\/wp-json\/wp\/v2\/posts\/53977\/revisions"}],"wp:featuredmedia":[{"embeddable":true,"href":"https:\/\/eltrabajo.cl\/portal\/wp-json\/wp\/v2\/media\/53978"}],"wp:attachment":[{"href":"https:\/\/eltrabajo.cl\/portal\/wp-json\/wp\/v2\/media?parent=53977"}],"wp:term":[{"taxonomy":"category","embeddable":true,"href":"https:\/\/eltrabajo.cl\/portal\/wp-json\/wp\/v2\/categories?post=53977"},{"taxonomy":"post_tag","embeddable":true,"href":"https:\/\/eltrabajo.cl\/portal\/wp-json\/wp\/v2\/tags?post=53977"}],"curies":[{"name":"wp","href":"https:\/\/api.w.org\/{rel}","templated":true}]}}