{"id":53980,"date":"2014-12-09T09:48:33","date_gmt":"2014-12-09T12:48:33","guid":{"rendered":"http:\/\/www.eltrabajo.cl\/portal\/?p=53980"},"modified":"2014-12-09T09:48:33","modified_gmt":"2014-12-09T12:48:33","slug":"vecinos-villa-el-carmen-inician-trabajo-en-deporte-y-cultura-para-ninos","status":"publish","type":"post","link":"https:\/\/eltrabajo.cl\/portal\/vecinos-villa-el-carmen-inician-trabajo-en-deporte-y-cultura-para-ninos\/","title":{"rendered":"Vecinos Villa El Carmen inician trabajo en deporte y cultura para ni\u00f1os"},"content":{"rendered":"<figure id=\"attachment_53981\" aria-describedby=\"caption-attachment-53981\" style=\"width: 284px\" class=\"wp-caption alignleft\"><a href=\"https:\/\/i0.wp.com\/www.eltrabajo.cl\/portal\/wp-content\/uploads\/2014\/12\/Inostroza1.jpg\"><img data-recalc-dims=\"1\" loading=\"lazy\" decoding=\"async\" class=\"wp-image-53981 size-medium\" src=\"https:\/\/i0.wp.com\/www.eltrabajo.cl\/portal\/wp-content\/uploads\/2014\/12\/Inostroza1-284x300.jpg?resize=284%2C300\" alt=\"Daniel Inostroza, Presidente de la Junta de vecinos de Villa El Carmen.\" width=\"284\" height=\"300\" srcset=\"https:\/\/i0.wp.com\/eltrabajo.cl\/portal\/wp-content\/uploads\/2014\/12\/Inostroza1.jpg?resize=284%2C300&amp;ssl=1 284w, https:\/\/i0.wp.com\/eltrabajo.cl\/portal\/wp-content\/uploads\/2014\/12\/Inostroza1.jpg?resize=142%2C150&amp;ssl=1 142w, https:\/\/i0.wp.com\/eltrabajo.cl\/portal\/wp-content\/uploads\/2014\/12\/Inostroza1.jpg?resize=400%2C421&amp;ssl=1 400w, https:\/\/i0.wp.com\/eltrabajo.cl\/portal\/wp-content\/uploads\/2014\/12\/Inostroza1.jpg?w=529&amp;ssl=1 529w\" sizes=\"auto, (max-width: 284px) 100vw, 284px\" \/><\/a><figcaption id=\"caption-attachment-53981\" class=\"wp-caption-text\">Daniel Inostroza, Presidente de la Junta de vecinos de Villa El Carmen.<\/figcaption><\/figure>\n<p>La junta de vecinos de Villa El Carmen hizo entrega de indumentarias deportivas y art\u00edsticas a los ni\u00f1os pertenecientes al Club Deportivo Uni\u00f3n Villa El Carmen de la poblaci\u00f3n, en una actividad realizada en la multi-cancha desarrollada este s\u00e1bado.<br \/>\nCabe se\u00f1alar que esta junta de vecinos es presidida por Daniel Inostroza, quien destac\u00f3 que dicha actividad es una realidad \u201cdespu\u00e9s de haber tenido que enfrentar situaciones dif\u00edciles por el tema delictivo y que oblig\u00f3 a los vecinos participar en la organizaci\u00f3n, donde hoy tenemos esta multi-cancha y la sede abiertas para todas las actividades que se convocan\u201d, asever\u00f3.<br \/>\nEn la ocasi\u00f3n se entregaron varios reconocimientos entre los cuales figura la entrega de un diploma por su apoyo permanente a su actual tesorero, Germ\u00e1n Cataldo; Natalia Correa como profesora de danza; Felipe Ram\u00edrez como entrenador; Pablo G\u00f3mez como tesorero de Club Deportivo Uni\u00f3n Villa El Carmen; al presidente del Orfe\u00f3n Aconcagua Luis Monje y al presidente de la junta de vecinos, Daniel Inostroza.<br \/>\nEn la actividad, los asistentes reconocieron los apoyos de los concejales Ricardo Covarrubias, Jeannette Sotomayor y Dante Rodr\u00edguez, quienes llegaron al acto, donde el primero resalt\u00f3 el trabajo con los ni\u00f1os \u201crecuerdo que cuando hubo una arremetida fuerte por parte de los delincuentes en el 2013, me convocaron para ver como enfrent\u00e1bamos este desaf\u00edo y hoy estamos comenzando a ver sus frutos, porque ya los vecinos no son personas desconocidas entre s\u00ed y hoy participan de las actividades que ellos mismos se proponen\u201d, dijo el Concejal Rodr\u00edguez.<br \/>\nEn esa misma l\u00f3gica el Concejal Ricardo Covarrubias manifest\u00f3 \u201cestos vecinos hoy son m\u00e1s inclusivos entre ellos, y eso les ha permitido conocerse y hoy dan utilidad como corresponde de una sede vecinal, igualmente sucede con la multi-cancha, entonces pienso que debe ser una l\u00f3gica a imitar por otras juntas de vecinos, donde deben incorporar un plan de trabajo real para respald\u00e1rselos desde el propio concejo municipal\u201d, concluy\u00f3.<\/p>\n<div class=\"tiled-gallery type-rectangular tiled-gallery-unresized\" data-original-width=\"640\" data-carousel-extra='null' itemscope itemtype=\"http:\/\/schema.org\/ImageGallery\" > <div class=\"gallery-row\" style=\"width: 640px; height: 231px;\" data-original-width=\"640\" data-original-height=\"231\" > <div class=\"gallery-group images-1\" style=\"width: 334px; height: 231px;\" data-original-width=\"334\" data-original-height=\"231\" > <div class=\"tiled-gallery-item tiled-gallery-item-large\" itemprop=\"associatedMedia\" itemscope itemtype=\"http:\/\/schema.org\/ImageObject\"> <a href=\"https:\/\/eltrabajo.cl\/portal\/vecinos-villa-el-carmen-inician-trabajo-en-deporte-y-cultura-para-ninos\/club-deportivo\/\" border=\"0\" itemprop=\"url\"> <meta itemprop=\"width\" content=\"330\"> <meta itemprop=\"height\" content=\"227\"> <img decoding=\"async\" class=\"\" data-attachment-id=\"53982\" data-orig-file=\"https:\/\/eltrabajo.cl\/portal\/wp-content\/uploads\/2014\/12\/club-deportivo.jpg\" data-orig-size=\"529,365\" data-comments-opened=\"1\" data-image-meta=\"{&quot;aperture&quot;:&quot;0&quot;,&quot;credit&quot;:&quot;&quot;,&quot;camera&quot;:&quot;&quot;,&quot;caption&quot;:&quot;&quot;,&quot;created_timestamp&quot;:&quot;0&quot;,&quot;copyright&quot;:&quot;&quot;,&quot;focal_length&quot;:&quot;0&quot;,&quot;iso&quot;:&quot;0&quot;,&quot;shutter_speed&quot;:&quot;0&quot;,&quot;title&quot;:&quot;&quot;,&quot;orientation&quot;:&quot;0&quot;}\" data-image-title=\"club deportivo\" data-image-description=\"&lt;p&gt;El Club Deportivo Uni\u00f3n Villa El Carmen present\u00f3 a las c\u00e1maras de Diario El Trabajo a sus peque\u00f1os campeones.&lt;\/p&gt; \" data-medium-file=\"https:\/\/i0.wp.com\/eltrabajo.cl\/portal\/wp-content\/uploads\/2014\/12\/club-deportivo.jpg?fit=300%2C206&#038;ssl=1\" data-large-file=\"https:\/\/i0.wp.com\/eltrabajo.cl\/portal\/wp-content\/uploads\/2014\/12\/club-deportivo.jpg?fit=529%2C365&#038;ssl=1\" src=\"https:\/\/i0.wp.com\/eltrabajo.cl\/portal\/wp-content\/uploads\/2014\/12\/club-deportivo.jpg?w=330&#038;h=227&#038;ssl=1\" srcset=\"https:\/\/i0.wp.com\/eltrabajo.cl\/portal\/wp-content\/uploads\/2014\/12\/club-deportivo.jpg?w=529&amp;ssl=1 529w, https:\/\/i0.wp.com\/eltrabajo.cl\/portal\/wp-content\/uploads\/2014\/12\/club-deportivo.jpg?resize=200%2C137&amp;ssl=1 200w, https:\/\/i0.wp.com\/eltrabajo.cl\/portal\/wp-content\/uploads\/2014\/12\/club-deportivo.jpg?resize=300%2C206&amp;ssl=1 300w, https:\/\/i0.wp.com\/eltrabajo.cl\/portal\/wp-content\/uploads\/2014\/12\/club-deportivo.jpg?resize=150%2C103&amp;ssl=1 150w, https:\/\/i0.wp.com\/eltrabajo.cl\/portal\/wp-content\/uploads\/2014\/12\/club-deportivo.jpg?resize=400%2C275&amp;ssl=1 400w\" width=\"330\" height=\"227\" loading=\"lazy\" data-original-width=\"330\" data-original-height=\"227\" itemprop=\"http:\/\/schema.org\/image\" title=\"club deportivo\" alt=\"El Club Deportivo Uni\u00f3n Villa El Carmen present\u00f3 a las c\u00e1maras de Diario El Trabajo a sus peque\u00f1os campeones.\" style=\"width: 330px; height: 227px;\" \/> <\/a> <div class=\"tiled-gallery-caption\" itemprop=\"caption description\"> El Club Deportivo Uni\u00f3n Villa El Carmen present\u00f3 a las c\u00e1maras de Diario El Trabajo a sus peque\u00f1os campeones. <\/div> <\/div> <\/div> <!-- close group --> <div class=\"gallery-group images-1\" style=\"width: 306px; height: 231px;\" data-original-width=\"306\" data-original-height=\"231\" > <div class=\"tiled-gallery-item tiled-gallery-item-large\" itemprop=\"associatedMedia\" itemscope itemtype=\"http:\/\/schema.org\/ImageObject\"> <a href=\"https:\/\/eltrabajo.cl\/portal\/vecinos-villa-el-carmen-inician-trabajo-en-deporte-y-cultura-para-ninos\/danza1-3\/\" border=\"0\" itemprop=\"url\"> <meta itemprop=\"width\" content=\"302\"> <meta itemprop=\"height\" content=\"227\"> <img decoding=\"async\" class=\"\" data-attachment-id=\"53983\" data-orig-file=\"https:\/\/eltrabajo.cl\/portal\/wp-content\/uploads\/2014\/12\/Danza1.jpg\" data-orig-size=\"528,397\" data-comments-opened=\"1\" data-image-meta=\"{&quot;aperture&quot;:&quot;0&quot;,&quot;credit&quot;:&quot;&quot;,&quot;camera&quot;:&quot;&quot;,&quot;caption&quot;:&quot;&quot;,&quot;created_timestamp&quot;:&quot;0&quot;,&quot;copyright&quot;:&quot;&quot;,&quot;focal_length&quot;:&quot;0&quot;,&quot;iso&quot;:&quot;0&quot;,&quot;shutter_speed&quot;:&quot;0&quot;,&quot;title&quot;:&quot;&quot;,&quot;orientation&quot;:&quot;0&quot;}\" data-image-title=\"Danza1\" data-image-description=\"&lt;p&gt;Natalia Correa como profesora de danza, tambi\u00e9n present\u00f3 a sus mejores alumnas de esta disciplina art\u00edstica a los presentes.&lt;\/p&gt; \" data-medium-file=\"https:\/\/i0.wp.com\/eltrabajo.cl\/portal\/wp-content\/uploads\/2014\/12\/Danza1.jpg?fit=300%2C225&#038;ssl=1\" data-large-file=\"https:\/\/i0.wp.com\/eltrabajo.cl\/portal\/wp-content\/uploads\/2014\/12\/Danza1.jpg?fit=528%2C397&#038;ssl=1\" src=\"https:\/\/i0.wp.com\/eltrabajo.cl\/portal\/wp-content\/uploads\/2014\/12\/Danza1.jpg?w=302&#038;h=227&#038;ssl=1\" srcset=\"https:\/\/i0.wp.com\/eltrabajo.cl\/portal\/wp-content\/uploads\/2014\/12\/Danza1.jpg?w=528&amp;ssl=1 528w, https:\/\/i0.wp.com\/eltrabajo.cl\/portal\/wp-content\/uploads\/2014\/12\/Danza1.jpg?resize=200%2C150&amp;ssl=1 200w, https:\/\/i0.wp.com\/eltrabajo.cl\/portal\/wp-content\/uploads\/2014\/12\/Danza1.jpg?resize=300%2C225&amp;ssl=1 300w, https:\/\/i0.wp.com\/eltrabajo.cl\/portal\/wp-content\/uploads\/2014\/12\/Danza1.jpg?resize=150%2C112&amp;ssl=1 150w, https:\/\/i0.wp.com\/eltrabajo.cl\/portal\/wp-content\/uploads\/2014\/12\/Danza1.jpg?resize=400%2C300&amp;ssl=1 400w\" width=\"302\" height=\"227\" loading=\"lazy\" data-original-width=\"302\" data-original-height=\"227\" itemprop=\"http:\/\/schema.org\/image\" title=\"Danza1\" alt=\"Natalia Correa como profesora de danza, tambi\u00e9n present\u00f3 a sus mejores alumnas de esta disciplina art\u00edstica a los presentes.\" style=\"width: 302px; height: 227px;\" \/> <\/a> <div class=\"tiled-gallery-caption\" itemprop=\"caption description\"> Natalia Correa como profesora de danza, tambi\u00e9n present\u00f3 a sus mejores alumnas de esta disciplina art\u00edstica a los presentes. <\/div> <\/div> <\/div> <!-- close group --> <\/div> <!-- close row --> <\/div>\n","protected":false},"excerpt":{"rendered":"<p>La junta de vecinos de Villa El Carmen hizo entrega de indumentarias deportivas y art\u00edsticas a los ni\u00f1os pertenecientes al Club Deportivo Uni\u00f3n Villa El Carmen de la poblaci\u00f3n, en una actividad&#8230;<\/p>\n","protected":false},"author":482,"featured_media":53981,"comment_status":"open","ping_status":"closed","sticky":false,"template":"","format":"standard","meta":{"advanced_seo_description":"","jetpack_seo_html_title":"","jetpack_seo_noindex":false,"_jetpack_memberships_contains_paid_content":false,"footnotes":""},"categories":[15],"tags":[],"class_list":["post-53980","post","type-post","status-publish","format-standard","has-post-thumbnail","hentry","category-comunidad"],"jetpack_featured_media_url":"https:\/\/i0.wp.com\/eltrabajo.cl\/portal\/wp-content\/uploads\/2014\/12\/Inostroza1.jpg?fit=529%2C557&ssl=1","jetpack_sharing_enabled":true,"jetpack_likes_enabled":true,"jetpack-related-posts":[],"_links":{"self":[{"href":"https:\/\/eltrabajo.cl\/portal\/wp-json\/wp\/v2\/posts\/53980","targetHints":{"allow":["GET"]}}],"collection":[{"href":"https:\/\/eltrabajo.cl\/portal\/wp-json\/wp\/v2\/posts"}],"about":[{"href":"https:\/\/eltrabajo.cl\/portal\/wp-json\/wp\/v2\/types\/post"}],"author":[{"embeddable":true,"href":"https:\/\/eltrabajo.cl\/portal\/wp-json\/wp\/v2\/users\/482"}],"replies":[{"embeddable":true,"href":"https:\/\/eltrabajo.cl\/portal\/wp-json\/wp\/v2\/comments?post=53980"}],"version-history":[{"count":0,"href":"https:\/\/eltrabajo.cl\/portal\/wp-json\/wp\/v2\/posts\/53980\/revisions"}],"wp:featuredmedia":[{"embeddable":true,"href":"https:\/\/eltrabajo.cl\/portal\/wp-json\/wp\/v2\/media\/53981"}],"wp:attachment":[{"href":"https:\/\/eltrabajo.cl\/portal\/wp-json\/wp\/v2\/media?parent=53980"}],"wp:term":[{"taxonomy":"category","embeddable":true,"href":"https:\/\/eltrabajo.cl\/portal\/wp-json\/wp\/v2\/categories?post=53980"},{"taxonomy":"post_tag","embeddable":true,"href":"https:\/\/eltrabajo.cl\/portal\/wp-json\/wp\/v2\/tags?post=53980"}],"curies":[{"name":"wp","href":"https:\/\/api.w.org\/{rel}","templated":true}]}}