{"id":53988,"date":"2014-12-09T09:51:12","date_gmt":"2014-12-09T12:51:12","guid":{"rendered":"http:\/\/www.eltrabajo.cl\/portal\/?p=53988"},"modified":"2014-12-09T09:51:12","modified_gmt":"2014-12-09T12:51:12","slug":"dos-hombres-se-quitaron-la-vida-casi-simultaneamente-este-domingo","status":"publish","type":"post","link":"https:\/\/eltrabajo.cl\/portal\/dos-hombres-se-quitaron-la-vida-casi-simultaneamente-este-domingo\/","title":{"rendered":"Dos hombres se quitaron la vida casi simult\u00e1neamente este domingo"},"content":{"rendered":"<figure id=\"attachment_53989\" aria-describedby=\"caption-attachment-53989\" style=\"width: 300px\" class=\"wp-caption alignleft\"><a href=\"https:\/\/i0.wp.com\/www.eltrabajo.cl\/portal\/wp-content\/uploads\/2014\/12\/Carlos-Alegria.jpg\"><img data-recalc-dims=\"1\" loading=\"lazy\" decoding=\"async\" class=\"wp-image-53989 size-medium\" src=\"https:\/\/i0.wp.com\/www.eltrabajo.cl\/portal\/wp-content\/uploads\/2014\/12\/Carlos-Alegria-300x172.jpg?resize=300%2C172\" alt=\"Jefe de la Brigada de Homicidios de Los Andes, Subcomisario Carlos Alegr\u00eda.\" width=\"300\" height=\"172\" srcset=\"https:\/\/i0.wp.com\/eltrabajo.cl\/portal\/wp-content\/uploads\/2014\/12\/Carlos-Alegria.jpg?resize=300%2C172&amp;ssl=1 300w, https:\/\/i0.wp.com\/eltrabajo.cl\/portal\/wp-content\/uploads\/2014\/12\/Carlos-Alegria.jpg?resize=200%2C115&amp;ssl=1 200w, https:\/\/i0.wp.com\/eltrabajo.cl\/portal\/wp-content\/uploads\/2014\/12\/Carlos-Alegria.jpg?resize=150%2C86&amp;ssl=1 150w, https:\/\/i0.wp.com\/eltrabajo.cl\/portal\/wp-content\/uploads\/2014\/12\/Carlos-Alegria.jpg?resize=400%2C230&amp;ssl=1 400w, https:\/\/i0.wp.com\/eltrabajo.cl\/portal\/wp-content\/uploads\/2014\/12\/Carlos-Alegria.jpg?w=529&amp;ssl=1 529w\" sizes=\"auto, (max-width: 300px) 100vw, 300px\" \/><\/a><figcaption id=\"caption-attachment-53989\" class=\"wp-caption-text\">Jefe de la Brigada de Homicidios de Los Andes, Subcomisario Carlos Alegr\u00eda.<\/figcaption><\/figure>\n<p>Dos casos de suicidio se registraron en horas de la noche del pasado domingo, los cuales ocurrieron casi en forma simult\u00e1nea, uno de ellos en una vivienda de Villa El Se\u00f1orial y el otro caso en Villa El Canelo de San Felipe.<br \/>\nEl primer deceso fue confirmado por los efectivos policiales al interior de una vivienda ubicada en calle Hermanos Carrera de Villa El Se\u00f1orial de San Felipe, cuyo propietario, de 60 a\u00f1os de edad, identificado como V\u00edctor Hern\u00e1ndez Lara, quien momentos antes, mientras se encontraba a solas manipulando un arma de fuego, habr\u00eda decidido dispararse en la cabeza, falleciendo instant\u00e1neamente alrededor de las 21:00 horas.<br \/>\n\u00abConforme a lo observado en el lugar, estar\u00edamos probablemente bajo el marco de una acci\u00f3n suicida, no obstante estamos a la espera del laboratorio de criminal\u00edstica y la autopsia realizada en el Servicio M\u00e9dico Legal para determinar cu\u00e1l habr\u00eda sido la circunstancia, para establecer c\u00f3mo ocurri\u00f3 este hecho\u00bb, inform\u00f3 a Diario El Trabajo el Jefe de la Brigada de Homicidios de Los Andes, Subcomisario Carlos Alegr\u00eda.<br \/>\nA los pocos minutos de este procedimiento, la Polic\u00eda de Investigaciones se traslad\u00f3 hasta una vivienda ubicada en Avenida Chile de Villa El Canelo de San Felipe, confirmando el segundo deceso de un hombre de 56 a\u00f1os de edad, identificado como Jos\u00e9 Silva Millal\u00f3n, quien decidi\u00f3 ahorcarse en el patio de su vivienda, aparentemente agobiado por una profunda depresi\u00f3n que est\u00e1 siendo investigada por la Polic\u00eda.<br \/>\n\u00abNo se observan lesiones atribuibles a terceras personas, se mantiene antecedente de que el occiso se encontraba bajo un cuadro depresivo, no obstante hay que analizar qu\u00e9 habr\u00eda generado esa acci\u00f3n\u00bb, sostuvo el Subcomisario de Investigaciones, Carlos Alegr\u00eda.<br \/>\nLuego de la autopsia de rigor en el Servicio M\u00e9dico Legal para determinar la causa de muerte en ambos caso, los cuerpos fueron finalmente entregados a sus familiares.<br \/>\nPablo Salinas Sald\u00edas<\/p>\n","protected":false},"excerpt":{"rendered":"<p>Dos casos de suicidio se registraron en horas de la noche del pasado domingo, los cuales ocurrieron casi en forma simult\u00e1nea, uno de ellos en una vivienda de Villa El Se\u00f1orial y&#8230;<\/p>\n","protected":false},"author":482,"featured_media":53989,"comment_status":"open","ping_status":"closed","sticky":false,"template":"","format":"standard","meta":{"advanced_seo_description":"","jetpack_seo_html_title":"","jetpack_seo_noindex":false,"_jetpack_memberships_contains_paid_content":false,"footnotes":""},"categories":[21],"tags":[],"class_list":["post-53988","post","type-post","status-publish","format-standard","has-post-thumbnail","hentry","category-policial"],"jetpack_featured_media_url":"https:\/\/i0.wp.com\/eltrabajo.cl\/portal\/wp-content\/uploads\/2014\/12\/Carlos-Alegria.jpg?fit=529%2C305&ssl=1","jetpack_sharing_enabled":true,"jetpack_likes_enabled":true,"jetpack-related-posts":[],"_links":{"self":[{"href":"https:\/\/eltrabajo.cl\/portal\/wp-json\/wp\/v2\/posts\/53988","targetHints":{"allow":["GET"]}}],"collection":[{"href":"https:\/\/eltrabajo.cl\/portal\/wp-json\/wp\/v2\/posts"}],"about":[{"href":"https:\/\/eltrabajo.cl\/portal\/wp-json\/wp\/v2\/types\/post"}],"author":[{"embeddable":true,"href":"https:\/\/eltrabajo.cl\/portal\/wp-json\/wp\/v2\/users\/482"}],"replies":[{"embeddable":true,"href":"https:\/\/eltrabajo.cl\/portal\/wp-json\/wp\/v2\/comments?post=53988"}],"version-history":[{"count":0,"href":"https:\/\/eltrabajo.cl\/portal\/wp-json\/wp\/v2\/posts\/53988\/revisions"}],"wp:featuredmedia":[{"embeddable":true,"href":"https:\/\/eltrabajo.cl\/portal\/wp-json\/wp\/v2\/media\/53989"}],"wp:attachment":[{"href":"https:\/\/eltrabajo.cl\/portal\/wp-json\/wp\/v2\/media?parent=53988"}],"wp:term":[{"taxonomy":"category","embeddable":true,"href":"https:\/\/eltrabajo.cl\/portal\/wp-json\/wp\/v2\/categories?post=53988"},{"taxonomy":"post_tag","embeddable":true,"href":"https:\/\/eltrabajo.cl\/portal\/wp-json\/wp\/v2\/tags?post=53988"}],"curies":[{"name":"wp","href":"https:\/\/api.w.org\/{rel}","templated":true}]}}