{"id":53991,"date":"2014-12-09T09:56:40","date_gmt":"2014-12-09T12:56:40","guid":{"rendered":"http:\/\/www.eltrabajo.cl\/portal\/?p=53991"},"modified":"2014-12-09T09:56:40","modified_gmt":"2014-12-09T12:56:40","slug":"de-balazo-en-el-pecho-muere-el-churruca-a-manos-de-ricardito-cataldo","status":"publish","type":"post","link":"https:\/\/eltrabajo.cl\/portal\/de-balazo-en-el-pecho-muere-el-churruca-a-manos-de-ricardito-cataldo\/","title":{"rendered":"De balazo en el pecho muere \u2018El Churruca\u2019 a manos de \u2018Ricardito\u2019 Cataldo"},"content":{"rendered":"<figure id=\"attachment_53992\" aria-describedby=\"caption-attachment-53992\" style=\"width: 300px\" class=\"wp-caption alignleft\"><a href=\"https:\/\/i0.wp.com\/www.eltrabajo.cl\/portal\/wp-content\/uploads\/2014\/12\/Ricardito111.jpg\"><img data-recalc-dims=\"1\" loading=\"lazy\" decoding=\"async\" class=\"wp-image-53992 size-medium\" src=\"https:\/\/i0.wp.com\/www.eltrabajo.cl\/portal\/wp-content\/uploads\/2014\/12\/Ricardito111-300x295.jpg?resize=300%2C295\" alt=\"Ricardo Cataldo Mu\u00f1oz alias \u2018El Ricardito\u2019, imputado como homicida de \u2018El Churruca\u2019.\" width=\"300\" height=\"295\" srcset=\"https:\/\/i0.wp.com\/eltrabajo.cl\/portal\/wp-content\/uploads\/2014\/12\/Ricardito111.jpg?resize=300%2C295&amp;ssl=1 300w, https:\/\/i0.wp.com\/eltrabajo.cl\/portal\/wp-content\/uploads\/2014\/12\/Ricardito111.jpg?resize=152%2C150&amp;ssl=1 152w, https:\/\/i0.wp.com\/eltrabajo.cl\/portal\/wp-content\/uploads\/2014\/12\/Ricardito111.jpg?resize=150%2C147&amp;ssl=1 150w, https:\/\/i0.wp.com\/eltrabajo.cl\/portal\/wp-content\/uploads\/2014\/12\/Ricardito111.jpg?resize=400%2C393&amp;ssl=1 400w, https:\/\/i0.wp.com\/eltrabajo.cl\/portal\/wp-content\/uploads\/2014\/12\/Ricardito111.jpg?w=529&amp;ssl=1 529w\" sizes=\"auto, (max-width: 300px) 100vw, 300px\" \/><\/a><figcaption id=\"caption-attachment-53992\" class=\"wp-caption-text\">Ricardo Cataldo Mu\u00f1oz alias \u2018El Ricardito\u2019, imputado como homicida de \u2018El Churruca\u2019.<\/figcaption><\/figure>\n<p>Un violento incidente que se produjo al interior de Villa Los \u00c1lamos en San Felipe, culmin\u00f3 ti\u00f1endo de sangre la calle Aguas Claras tras el homicidio de un hombre de 34 a\u00f1os de edad, identificado como Hugo Eduardo Carvajal Rocha, apodado \u2018El Churruca\u2019, quien falleci\u00f3 producto de una herida a bala en el t\u00f3rax.<br \/>\nLas diligencias policiales lograron en tiempo r\u00e9cord identificar al supuesto autor del crimen, concretando la detenci\u00f3n de Ricardo Emerson Cataldo Mu\u00f1oz, m\u00e1s conocido como \u2018El Ricardito\u2019, quien ser\u00e1 formalizado el d\u00eda de hoy por la fiscal\u00eda.<br \/>\nLa situaci\u00f3n caus\u00f3 bastante conmoci\u00f3n entre los vecinos del sector de la Villa Los \u00c1lamos a eso de las 20:30 horas del domingo \u00faltimo, cuando la v\u00edctima y victimario se enfrascaron en una ri\u00f1a producida aparentemente tras la agresi\u00f3n hacia una mujer familiar de Cataldo Mu\u00f1oz, quien result\u00f3 herida en la cabeza producto de un martillazo a manos de Hugo Carvajal Rocha, en un confuso incidente donde las primeras hip\u00f3tesis policiales investigar\u00edan un \u2018ajustes de cuentas\u2019 entre micro traficantes.<\/p>\n<figure id=\"attachment_53993\" aria-describedby=\"caption-attachment-53993\" style=\"width: 350px\" class=\"wp-caption alignright\"><a href=\"https:\/\/i0.wp.com\/www.eltrabajo.cl\/portal\/wp-content\/uploads\/2014\/12\/cuerpo-homicidio.jpg\"><img data-recalc-dims=\"1\" loading=\"lazy\" decoding=\"async\" class=\"wp-image-53993\" src=\"https:\/\/i0.wp.com\/www.eltrabajo.cl\/portal\/wp-content\/uploads\/2014\/12\/cuerpo-homicidio-225x300.jpg?resize=350%2C466\" alt=\"Carabineros custodiaba el cuerpo sin vida de Hugo Carvajal Rocha, de 34 a\u00f1os.\" width=\"350\" height=\"466\" srcset=\"https:\/\/i0.wp.com\/eltrabajo.cl\/portal\/wp-content\/uploads\/2014\/12\/cuerpo-homicidio.jpg?resize=225%2C300&amp;ssl=1 225w, https:\/\/i0.wp.com\/eltrabajo.cl\/portal\/wp-content\/uploads\/2014\/12\/cuerpo-homicidio.jpg?resize=112%2C150&amp;ssl=1 112w, https:\/\/i0.wp.com\/eltrabajo.cl\/portal\/wp-content\/uploads\/2014\/12\/cuerpo-homicidio.jpg?resize=400%2C532&amp;ssl=1 400w, https:\/\/i0.wp.com\/eltrabajo.cl\/portal\/wp-content\/uploads\/2014\/12\/cuerpo-homicidio.jpg?w=529&amp;ssl=1 529w\" sizes=\"auto, (max-width: 350px) 100vw, 350px\" \/><\/a><figcaption id=\"caption-attachment-53993\" class=\"wp-caption-text\">Carabineros custodiaba el cuerpo sin vida de Hugo Carvajal Rocha, de 34 a\u00f1os.<\/figcaption><\/figure>\n<p>El violento enfrentamiento entre los protagonistas culmin\u00f3 cuando al parecer \u2018El Ricardito\u2019 habr\u00eda sacado un arma de fuego que portaba entre sus vestimentas, con la cual habr\u00eda disparado a quemarropa al cuerpo de Carvajal Rocha, \u2018El Churruca\u2019, quien result\u00f3 herido de gravedad, quedando tendido sobre la v\u00eda p\u00fablica, espec\u00edficamente en calle Aguas Claras, con un proyectil bal\u00edstico alojado en su cuerpo, lo que finalmente le provoc\u00f3 la muerte a los pocos minutos en el mismo lugar.<br \/>\nEn tanto la mujer herida se traslad\u00f3 hasta la Segunda Comisar\u00eda de Carabineros para realizar la denuncia, siendo trasladada hasta el Servicio de Urgencias del San Camilo, quedando hospitalizada por las lesiones, indicando a los efectivos policiales la identidad de su familiar, quien en venganza dispar\u00f3 un balazo en contra de Carvajal Rocha.<br \/>\nAl mismo tiempo un gran contingente de Carabineros de distintos destacamentos de San Felipe se movilizaba hasta el sitio del suceso, donde se produc\u00edan enfrentamientos entre los familiares de los protagonistas, disparando armas de fuego, lo que conmocion\u00f3 a los residentes de las villas aleda\u00f1as al lugar de los hechos.<br \/>\nCarabineros por su parte debi\u00f3 custodiar el cuerpo de Carvajal Rocha, a la espera de la llegada de personeros de la Brigada de Homicidios de la Polic\u00eda de Investigaciones de Los Andes, quienes constataron el homicidio.<br \/>\nLas diligencias continuaron tras la b\u00fasqueda del requerido \u2018Ricardito\u2019, quien por largas horas permanec\u00eda pr\u00f3fugo de la justicia. Sin embargo, los efectivos de la PDI se desplazaron finalmente hasta la calle Brasil en la comuna de Putaendo, lugar donde fue capturado Ricardo Cataldo Mu\u00f1oz, quien permanec\u00eda oculto al interior del domicilio de un cercano, siendo detenido como sospechoso de este homicidio.<\/p>\n<p><strong>MUERTE CONFIRMADA<\/strong><br \/>\n\u00abSe concurre hasta Villa Los \u00c1lamos donde en la v\u00eda p\u00fablica, espec\u00edficamente en calle Aguas Claras, se encontraba un hombre sin vida. Se procede conforme a protocolo a realizar el examen externo al cuerpo, observando en la regi\u00f3n del t\u00f3rax una herida de proyectil bal\u00edstico, la que habr\u00eda generado su muerte. Se realizan diversas diligencias en el transcurso de la noche y la madrugada, logrando establecer la identidad del autor del crimen, lo que llev\u00f3 a desarrollarse operativos en San Felipe como tambi\u00e9n en Putaendo, donde se ubic\u00f3 y procedi\u00f3 a detener al autor del hecho\u00bb, as\u00ed lo ratific\u00f3 a Diario El Trabajo el jefe de la Brigada de Homicidios de la Polic\u00eda de Investigaciones, Subcomisario Carlos Alegr\u00eda.<br \/>\nEl oficial inform\u00f3 adem\u00e1s que el cuerpo del occiso fue trasladado hasta Servicio M\u00e9dico Legal para la correspondiente autopsia de rigor y para la extracci\u00f3n de la bala que ser\u00e1 analizada por el personal de la Brigada Criminal\u00edstica de Valpara\u00edso. Al mismo tiempo las labores de los efectivos policiales continuaron durante el d\u00eda de ayer lunes, tras la b\u00fasqueda del arma homicida en la comuna de San Felipe.<\/p>\n<p><strong>OTRO HOMICIDIO<\/strong><br \/>\nCabe consignar que el imputado Ricardo Cataldo Mu\u00f1oz, se encontraba cumpliendo un beneficio carcelario de Reclusi\u00f3n Nocturna, tras haber sido condenado en el a\u00f1o 2011 a cuatro a\u00f1os por el homicidio del joven Freddy Balbont\u00edn, quien fue asesinado con un arma blanca el 14 de noviembre del 2010 en Pasaje 5 de Villa Bernardo Cruz en San Felipe.<br \/>\nCataldo, tras haber cumplido la mitad de su condena en la c\u00e1rcel, recibi\u00f3 de Gendarmer\u00eda el beneficio de Reclusi\u00f3n Nocturna, el cual hab\u00eda quebrantando hace alg\u00fan tiempo pese a que estaba a s\u00f3lo d\u00edas de cumplir dicha condena por Homicidio, lo cual da cuenta que permanec\u00eda libre clandestinamente.<br \/>\nSeg\u00fan se pudo conocer, el occiso Hugo Carvajal Rocha, alias \u2018El Churruca\u2019, manten\u00eda antecedentes delictuales por el delito de Microtr\u00e1fico en la comuna de San Felipe.<br \/>\nCabe destacar que por petici\u00f3n de la fiscal\u00eda, se ampli\u00f3 la detenci\u00f3n de Ricardo Cataldo Mu\u00f1oz para ser formalizado en horas de la ma\u00f1ana de hoy martes por Homicidio ante el Juzgado de Garant\u00eda de San Felipe.<br \/>\nPablo Salinas Sald\u00edas<\/p>\n","protected":false},"excerpt":{"rendered":"<p>Un violento incidente que se produjo al interior de Villa Los \u00c1lamos en San Felipe, culmin\u00f3 ti\u00f1endo de sangre la calle Aguas Claras tras el homicidio de un hombre de 34 a\u00f1os&#8230;<\/p>\n","protected":false},"author":482,"featured_media":53992,"comment_status":"open","ping_status":"closed","sticky":false,"template":"","format":"standard","meta":{"advanced_seo_description":"","jetpack_seo_html_title":"","jetpack_seo_noindex":false,"_jetpack_memberships_contains_paid_content":false,"footnotes":""},"categories":[21],"tags":[],"class_list":["post-53991","post","type-post","status-publish","format-standard","has-post-thumbnail","hentry","category-policial"],"jetpack_featured_media_url":"https:\/\/i0.wp.com\/eltrabajo.cl\/portal\/wp-content\/uploads\/2014\/12\/Ricardito111.jpg?fit=529%2C521&ssl=1","jetpack_sharing_enabled":true,"jetpack_likes_enabled":true,"jetpack-related-posts":[],"_links":{"self":[{"href":"https:\/\/eltrabajo.cl\/portal\/wp-json\/wp\/v2\/posts\/53991","targetHints":{"allow":["GET"]}}],"collection":[{"href":"https:\/\/eltrabajo.cl\/portal\/wp-json\/wp\/v2\/posts"}],"about":[{"href":"https:\/\/eltrabajo.cl\/portal\/wp-json\/wp\/v2\/types\/post"}],"author":[{"embeddable":true,"href":"https:\/\/eltrabajo.cl\/portal\/wp-json\/wp\/v2\/users\/482"}],"replies":[{"embeddable":true,"href":"https:\/\/eltrabajo.cl\/portal\/wp-json\/wp\/v2\/comments?post=53991"}],"version-history":[{"count":0,"href":"https:\/\/eltrabajo.cl\/portal\/wp-json\/wp\/v2\/posts\/53991\/revisions"}],"wp:featuredmedia":[{"embeddable":true,"href":"https:\/\/eltrabajo.cl\/portal\/wp-json\/wp\/v2\/media\/53992"}],"wp:attachment":[{"href":"https:\/\/eltrabajo.cl\/portal\/wp-json\/wp\/v2\/media?parent=53991"}],"wp:term":[{"taxonomy":"category","embeddable":true,"href":"https:\/\/eltrabajo.cl\/portal\/wp-json\/wp\/v2\/categories?post=53991"},{"taxonomy":"post_tag","embeddable":true,"href":"https:\/\/eltrabajo.cl\/portal\/wp-json\/wp\/v2\/tags?post=53991"}],"curies":[{"name":"wp","href":"https:\/\/api.w.org\/{rel}","templated":true}]}}