{"id":5402,"date":"2011-10-26T08:50:45","date_gmt":"2011-10-26T12:50:45","guid":{"rendered":"http:\/\/www.eltrabajo.cl\/portal\/?p=5402"},"modified":"2011-10-26T08:50:45","modified_gmt":"2011-10-26T12:50:45","slug":"conflicto-con-mineras-amenaza-extenderse-por-todo-el-valle-de-aconcagua","status":"publish","type":"post","link":"https:\/\/eltrabajo.cl\/portal\/conflicto-con-mineras-amenaza-extenderse-por-todo-el-valle-de-aconcagua\/","title":{"rendered":"Conflicto con mineras amenaza extenderse por todo el valle de Aconcagua"},"content":{"rendered":"<figure id=\"attachment_5404\" aria-describedby=\"caption-attachment-5404\" style=\"width: 600px\" class=\"wp-caption alignnone\"><a href=\"http:\/\/www.eltrabajo.cl\/portal\/archives\/5402\/protesta-vecinos-de-jahuel-4\" rel=\"attachment wp-att-5404\"><img data-recalc-dims=\"1\" loading=\"lazy\" decoding=\"async\" class=\"size-full wp-image-5404\" title=\"protesta vecinos de jahuel (4)\" src=\"https:\/\/i0.wp.com\/www.eltrabajo.cl\/portal\/wp-content\/uploads\/2011\/10\/protesta-vecinos-de-jahuel-4.jpg?resize=600%2C450\" alt=\"\" width=\"600\" height=\"450\" srcset=\"https:\/\/i0.wp.com\/eltrabajo.cl\/portal\/wp-content\/uploads\/2011\/10\/protesta-vecinos-de-jahuel-4.jpg?w=600&amp;ssl=1 600w, https:\/\/i0.wp.com\/eltrabajo.cl\/portal\/wp-content\/uploads\/2011\/10\/protesta-vecinos-de-jahuel-4.jpg?resize=200%2C150&amp;ssl=1 200w, https:\/\/i0.wp.com\/eltrabajo.cl\/portal\/wp-content\/uploads\/2011\/10\/protesta-vecinos-de-jahuel-4.jpg?resize=300%2C225&amp;ssl=1 300w, https:\/\/i0.wp.com\/eltrabajo.cl\/portal\/wp-content\/uploads\/2011\/10\/protesta-vecinos-de-jahuel-4.jpg?resize=150%2C112&amp;ssl=1 150w, https:\/\/i0.wp.com\/eltrabajo.cl\/portal\/wp-content\/uploads\/2011\/10\/protesta-vecinos-de-jahuel-4.jpg?resize=400%2C300&amp;ssl=1 400w\" sizes=\"auto, (max-width: 600px) 100vw, 600px\" \/><\/a><figcaption id=\"caption-attachment-5404\" class=\"wp-caption-text\">Los vecinos del sector alto de Santa Mar\u00eda protestaron en el centro de San Felipe, en rechazo del trabajo minero que se est\u00e1 realizando.<\/figcaption><\/figure>\n<p><strong>Vecinos de Jahuel marcharon por las calles de San Felipe y anunciaron nuevas movilizaciones si no tienen respuesta positiva frente a sus demandas. Vocero Roberto Mercado justific\u00f3 acciones de violencia en el sector alto de Santa Mar\u00eda en rechazo a las faenas mineras, se\u00f1alando que \u201ccuando los l\u00edderes pacifistas no tenemos resultados positivos, le damos un nicho y un espacio para los l\u00edderes violentistas\u201d.<\/strong><\/p>\n<p>Una nueva acci\u00f3n en rechazo al trabajo minero que se realiza en el sector alto de Jahuel, en la comuna de Santa Mar\u00eda, realizaron los vecinos de ese lugar, quienes llegaron en sus autom\u00f3viles y recorrieron varias veces el centro de San Felipe.<\/p>\n<p>Fueron alrededor de 20 veh\u00edculos los que participaron de la manifestaci\u00f3n, en los cuales los vecinos, \u201carmados\u201d de globos y carteles, protestaban contra el trabajo minero que se est\u00e1 realizando en el sector, y que seg\u00fan los vecinos no cuenta con las autorizaciones necesarias<\/p>\n<p>\u00abEllos no cumplen con el art\u00edculo 19 de la ley 20283 de bosque nativo, que dice que solamente se puede explotar un bosque nativo si la explotaci\u00f3n sea de inter\u00e9s nacional, por lo tanto ellos no tienen un documento de CONAF que los autorice a explotar la minera, han destruido bosque nativo, siguen destruyendo bosque nativo y m\u00e1s encima algo que para nosotros es terrible, Carabineros quiere brindar una protecci\u00f3n para amparar sus faenas\u00bb, se\u00f1al\u00f3 Roberto Mercado, vocero de esta comunidad.<\/p>\n<p>Mercado se\u00f1al\u00f3 que no justifican la violencia que se ha registrado estos \u00faltimos d\u00edas, pero argument\u00f3 que han intentado hace m\u00e1s de un a\u00f1o, por medios pac\u00edficos, que estos trabajos se detengan, pero eso no ha sido as\u00ed. Por ello sostuvo: \u00abCuando los l\u00edderes pacifistas no tenemos resultados positivos, le damos un nicho y un espacio para los l\u00edderes violentistas y eso pasa en todas las sociedades\u00bb.<\/p>\n<p>El vocero adem\u00e1s se\u00f1al\u00f3 que la comunidad no entiende por qu\u00e9 ninguna autoridad ha podido parar la faena, la que calific\u00f3 como ilegal.<\/p>\n<p>\u00abLa minera actualmente no tiene un permiso de manejo vegetacional presentado ante CONAF, no tienen permiso, ni se le ha autorizado en un bosque nativo, a cumplir este art\u00edculo 19 de la Ley 20.283, y tienen que comprobar que la extracci\u00f3n sea de inter\u00e9s nacional. Entonces esta gente ha trabajado ilegalmente y m\u00e1s encima tiene el descaro de pedir protecci\u00f3n policial. Si cumplen, lo que vemos muy dif\u00edcil, vamos a seguir luchando contra ellos, porque no queremos mineras en Jahuel\u00bb.<\/p>\n<p>Marcelo Contreras, un vecino de la zona y que estaba presente en la protesta, se\u00f1al\u00f3 que estas acciones van a afectar a futuro a todo el valle de Aconcagua, por eso la necesidad de manifestarse contra las mineras en Jahuel.<\/p>\n<p>Contreras anunci\u00f3 que se est\u00e1 gestando un movimiento de rechazo a las mineras en el valle de Aconcagua: \u00abQue se preparen las autoridades, porque nos vamos a unir con valles del interior que tambi\u00e9n est\u00e1n sufriendo los da\u00f1os que est\u00e1n haciendo las mineras a lo largo de todo Chile. Esto se va a seguir agrandando y vamos a defender el valle de Aconcagua y no s\u00f3lo el valle de Jahuel\u00bb.<\/p>\n<p>Asimismo este vecino dijo que los vecinos est\u00e1n a la espera de la respuesta que tiene que entregar la Gobernadora Patricia Boffa, este viernes, aunque reconoci\u00f3 que los vecinos siguen muy molestos.<\/p>\n<p>\u00abLos vecinos est\u00e1n indignados y ojal\u00e1 que el 28 la Gobernadora lleve una buena respuesta a los vecinos de Jahuel, sino las consecuencias van a ser\u2026\u201d.<\/p>\n","protected":false},"excerpt":{"rendered":"<p>Vecinos de Jahuel marcharon por las calles de San Felipe y anunciaron nuevas movilizaciones si no tienen respuesta positiva frente a sus demandas. Vocero Roberto Mercado justific\u00f3 acciones de violencia en el&#8230;<\/p>\n","protected":false},"author":482,"featured_media":5403,"comment_status":"open","ping_status":"open","sticky":false,"template":"","format":"standard","meta":{"advanced_seo_description":"","jetpack_seo_html_title":"","jetpack_seo_noindex":false,"_jetpack_memberships_contains_paid_content":false,"footnotes":""},"categories":[15],"tags":[],"class_list":["post-5402","post","type-post","status-publish","format-standard","has-post-thumbnail","hentry","category-comunidad"],"jetpack_featured_media_url":"https:\/\/i0.wp.com\/eltrabajo.cl\/portal\/wp-content\/uploads\/2011\/10\/protesta-vecinos-de-jahuel-3.jpg?fit=600%2C450&ssl=1","jetpack_sharing_enabled":true,"jetpack_likes_enabled":true,"jetpack-related-posts":[],"_links":{"self":[{"href":"https:\/\/eltrabajo.cl\/portal\/wp-json\/wp\/v2\/posts\/5402","targetHints":{"allow":["GET"]}}],"collection":[{"href":"https:\/\/eltrabajo.cl\/portal\/wp-json\/wp\/v2\/posts"}],"about":[{"href":"https:\/\/eltrabajo.cl\/portal\/wp-json\/wp\/v2\/types\/post"}],"author":[{"embeddable":true,"href":"https:\/\/eltrabajo.cl\/portal\/wp-json\/wp\/v2\/users\/482"}],"replies":[{"embeddable":true,"href":"https:\/\/eltrabajo.cl\/portal\/wp-json\/wp\/v2\/comments?post=5402"}],"version-history":[{"count":0,"href":"https:\/\/eltrabajo.cl\/portal\/wp-json\/wp\/v2\/posts\/5402\/revisions"}],"wp:featuredmedia":[{"embeddable":true,"href":"https:\/\/eltrabajo.cl\/portal\/wp-json\/wp\/v2\/media\/5403"}],"wp:attachment":[{"href":"https:\/\/eltrabajo.cl\/portal\/wp-json\/wp\/v2\/media?parent=5402"}],"wp:term":[{"taxonomy":"category","embeddable":true,"href":"https:\/\/eltrabajo.cl\/portal\/wp-json\/wp\/v2\/categories?post=5402"},{"taxonomy":"post_tag","embeddable":true,"href":"https:\/\/eltrabajo.cl\/portal\/wp-json\/wp\/v2\/tags?post=5402"}],"curies":[{"name":"wp","href":"https:\/\/api.w.org\/{rel}","templated":true}]}}