{"id":54022,"date":"2014-12-10T08:38:36","date_gmt":"2014-12-10T11:38:36","guid":{"rendered":"http:\/\/www.eltrabajo.cl\/portal\/?p=54022"},"modified":"2014-12-10T08:38:36","modified_gmt":"2014-12-10T11:38:36","slug":"poleras-oficiales-del-miss-aconcagua-y-miss-teenager-fueron-presentadas","status":"publish","type":"post","link":"https:\/\/eltrabajo.cl\/portal\/poleras-oficiales-del-miss-aconcagua-y-miss-teenager-fueron-presentadas\/","title":{"rendered":"Poleras oficiales del Miss Aconcagua y Miss Teenager fueron presentadas"},"content":{"rendered":"<figure id=\"attachment_54023\" aria-describedby=\"caption-attachment-54023\" style=\"width: 529px\" class=\"wp-caption alignnone\"><a href=\"https:\/\/i0.wp.com\/www.eltrabajo.cl\/portal\/wp-content\/uploads\/2014\/12\/Grandes1.jpg\"><img data-recalc-dims=\"1\" loading=\"lazy\" decoding=\"async\" class=\"size-full wp-image-54023\" src=\"https:\/\/i0.wp.com\/www.eltrabajo.cl\/portal\/wp-content\/uploads\/2014\/12\/Grandes1.jpg?resize=529%2C592\" alt=\"\u00a1WAO!.- Ellas son las bellas candidatas a la corona Miss Aconcagua 2015, cada una de ella sabe establecerse metas y luchan por lograrlas dentro el certamen.\" width=\"529\" height=\"592\" srcset=\"https:\/\/i0.wp.com\/eltrabajo.cl\/portal\/wp-content\/uploads\/2014\/12\/Grandes1.jpg?w=529&amp;ssl=1 529w, https:\/\/i0.wp.com\/eltrabajo.cl\/portal\/wp-content\/uploads\/2014\/12\/Grandes1.jpg?resize=134%2C150&amp;ssl=1 134w, https:\/\/i0.wp.com\/eltrabajo.cl\/portal\/wp-content\/uploads\/2014\/12\/Grandes1.jpg?resize=268%2C300&amp;ssl=1 268w, https:\/\/i0.wp.com\/eltrabajo.cl\/portal\/wp-content\/uploads\/2014\/12\/Grandes1.jpg?resize=400%2C447&amp;ssl=1 400w\" sizes=\"auto, (max-width: 529px) 100vw, 529px\" \/><\/a><figcaption id=\"caption-attachment-54023\" class=\"wp-caption-text\">\u00a1WAO!.- Ellas son las bellas candidatas a la corona Miss Aconcagua 2015, cada una de ella sabe establecerse metas y luchan por lograrlas dentro el certamen.<\/figcaption><\/figure>\n<p>Este s\u00e1bado las candidatas a Miss Aconcagua y Miss Teenager 2015, se reunieron en la Plaza de Armas de San Felipe, junto a la Miss Aconcagua actual, Melissa Garay, presentando sus poleras corporativas de los dos concursos y llamando la atenci\u00f3n de quienes paseaban y se deten\u00edan admirar las bellezas del valle.<\/p>\n<figure id=\"attachment_54024\" aria-describedby=\"caption-attachment-54024\" style=\"width: 400px\" class=\"wp-caption alignright\"><a href=\"https:\/\/i0.wp.com\/www.eltrabajo.cl\/portal\/wp-content\/uploads\/2014\/12\/Chicas1.jpg\"><img data-recalc-dims=\"1\" loading=\"lazy\" decoding=\"async\" class=\"wp-image-54024\" src=\"https:\/\/i0.wp.com\/www.eltrabajo.cl\/portal\/wp-content\/uploads\/2014\/12\/Chicas1.jpg?resize=400%2C380\" alt=\"BELLEZA JUVENIL.- Las m\u00e1s jovencitas del Miss Teenager, y no por ello menos hermosas, tambi\u00e9n se robaron el coraz\u00f3n de los aconcag\u00fcinos durante esta presentaci\u00f3n de sus poleras oficiales.\" width=\"400\" height=\"380\" srcset=\"https:\/\/i0.wp.com\/eltrabajo.cl\/portal\/wp-content\/uploads\/2014\/12\/Chicas1.jpg?w=529&amp;ssl=1 529w, https:\/\/i0.wp.com\/eltrabajo.cl\/portal\/wp-content\/uploads\/2014\/12\/Chicas1.jpg?resize=158%2C150&amp;ssl=1 158w, https:\/\/i0.wp.com\/eltrabajo.cl\/portal\/wp-content\/uploads\/2014\/12\/Chicas1.jpg?resize=300%2C284&amp;ssl=1 300w, https:\/\/i0.wp.com\/eltrabajo.cl\/portal\/wp-content\/uploads\/2014\/12\/Chicas1.jpg?resize=150%2C142&amp;ssl=1 150w, https:\/\/i0.wp.com\/eltrabajo.cl\/portal\/wp-content\/uploads\/2014\/12\/Chicas1.jpg?resize=400%2C379&amp;ssl=1 400w\" sizes=\"auto, (max-width: 400px) 100vw, 400px\" \/><\/a><figcaption id=\"caption-attachment-54024\" class=\"wp-caption-text\">BELLEZA JUVENIL.- Las m\u00e1s jovencitas del Miss Teenager, y no por ello menos hermosas, tambi\u00e9n se robaron el coraz\u00f3n de los aconcag\u00fcinos durante esta presentaci\u00f3n de sus poleras oficiales.<\/figcaption><\/figure>\n<p>Ellas actualmente est\u00e1n desarrollando varias actividades para ce\u00f1irse las coronas de la belleza, secciones fotogr\u00e1ficas, modelaje y preparando las actividades sociales, que van a realizar en algunas comunas. El director de los dos concursos, Jos\u00e9 Robinson Alfaro, hizo notar los patrocinadores destacando a Diario El Trabajo por cubrir el evento en su totalidad, Academia de modelos Loshe y el estudio fotogr\u00e1fico de Los Andes, que fotografi\u00f3 a las candidatas en sus actividades. M\u00e1s inf. www.missaconcagua.com<\/p>\n","protected":false},"excerpt":{"rendered":"<p>Este s\u00e1bado las candidatas a Miss Aconcagua y Miss Teenager 2015, se reunieron en la Plaza de Armas de San Felipe, junto a la Miss Aconcagua actual, Melissa Garay, presentando sus poleras&#8230;<\/p>\n","protected":false},"author":482,"featured_media":54023,"comment_status":"open","ping_status":"closed","sticky":false,"template":"","format":"standard","meta":{"advanced_seo_description":"","jetpack_seo_html_title":"","jetpack_seo_noindex":false,"_jetpack_memberships_contains_paid_content":false,"footnotes":""},"categories":[15],"tags":[],"class_list":["post-54022","post","type-post","status-publish","format-standard","has-post-thumbnail","hentry","category-comunidad"],"jetpack_featured_media_url":"https:\/\/i0.wp.com\/eltrabajo.cl\/portal\/wp-content\/uploads\/2014\/12\/Grandes1.jpg?fit=529%2C592&ssl=1","jetpack_sharing_enabled":true,"jetpack_likes_enabled":true,"jetpack-related-posts":[],"_links":{"self":[{"href":"https:\/\/eltrabajo.cl\/portal\/wp-json\/wp\/v2\/posts\/54022","targetHints":{"allow":["GET"]}}],"collection":[{"href":"https:\/\/eltrabajo.cl\/portal\/wp-json\/wp\/v2\/posts"}],"about":[{"href":"https:\/\/eltrabajo.cl\/portal\/wp-json\/wp\/v2\/types\/post"}],"author":[{"embeddable":true,"href":"https:\/\/eltrabajo.cl\/portal\/wp-json\/wp\/v2\/users\/482"}],"replies":[{"embeddable":true,"href":"https:\/\/eltrabajo.cl\/portal\/wp-json\/wp\/v2\/comments?post=54022"}],"version-history":[{"count":0,"href":"https:\/\/eltrabajo.cl\/portal\/wp-json\/wp\/v2\/posts\/54022\/revisions"}],"wp:featuredmedia":[{"embeddable":true,"href":"https:\/\/eltrabajo.cl\/portal\/wp-json\/wp\/v2\/media\/54023"}],"wp:attachment":[{"href":"https:\/\/eltrabajo.cl\/portal\/wp-json\/wp\/v2\/media?parent=54022"}],"wp:term":[{"taxonomy":"category","embeddable":true,"href":"https:\/\/eltrabajo.cl\/portal\/wp-json\/wp\/v2\/categories?post=54022"},{"taxonomy":"post_tag","embeddable":true,"href":"https:\/\/eltrabajo.cl\/portal\/wp-json\/wp\/v2\/tags?post=54022"}],"curies":[{"name":"wp","href":"https:\/\/api.w.org\/{rel}","templated":true}]}}