{"id":54026,"date":"2014-12-10T08:40:24","date_gmt":"2014-12-10T11:40:24","guid":{"rendered":"http:\/\/www.eltrabajo.cl\/portal\/?p=54026"},"modified":"2014-12-10T08:40:24","modified_gmt":"2014-12-10T11:40:24","slug":"consejo-consultivo-del-san-camilo-premio-a-funcionarios-por-su-buen-trato","status":"publish","type":"post","link":"https:\/\/eltrabajo.cl\/portal\/consejo-consultivo-del-san-camilo-premio-a-funcionarios-por-su-buen-trato\/","title":{"rendered":"Consejo Consultivo del San Camilo premi\u00f3 a funcionarios por su buen trato"},"content":{"rendered":"<figure id=\"attachment_54027\" aria-describedby=\"caption-attachment-54027\" style=\"width: 529px\" class=\"wp-caption alignnone\"><a href=\"https:\/\/i0.wp.com\/www.eltrabajo.cl\/portal\/wp-content\/uploads\/2014\/12\/Sanca1.jpg\"><img data-recalc-dims=\"1\" loading=\"lazy\" decoding=\"async\" class=\"size-full wp-image-54027\" src=\"https:\/\/i0.wp.com\/www.eltrabajo.cl\/portal\/wp-content\/uploads\/2014\/12\/Sanca1.jpg?resize=529%2C358\" alt=\"El Dr. Enrique Camponovo recibe el premio de manos de voluntarias del Consejo Consultivo a nombre del servicio de la Unidad de Paciente Cr\u00edtico Adulto.\" width=\"529\" height=\"358\" srcset=\"https:\/\/i0.wp.com\/eltrabajo.cl\/portal\/wp-content\/uploads\/2014\/12\/Sanca1.jpg?w=529&amp;ssl=1 529w, https:\/\/i0.wp.com\/eltrabajo.cl\/portal\/wp-content\/uploads\/2014\/12\/Sanca1.jpg?resize=200%2C135&amp;ssl=1 200w, https:\/\/i0.wp.com\/eltrabajo.cl\/portal\/wp-content\/uploads\/2014\/12\/Sanca1.jpg?resize=300%2C203&amp;ssl=1 300w, https:\/\/i0.wp.com\/eltrabajo.cl\/portal\/wp-content\/uploads\/2014\/12\/Sanca1.jpg?resize=150%2C101&amp;ssl=1 150w, https:\/\/i0.wp.com\/eltrabajo.cl\/portal\/wp-content\/uploads\/2014\/12\/Sanca1.jpg?resize=400%2C270&amp;ssl=1 400w\" sizes=\"auto, (max-width: 529px) 100vw, 529px\" \/><\/a><figcaption id=\"caption-attachment-54027\" class=\"wp-caption-text\">El Dr. Enrique Camponovo recibe el premio de manos de voluntarias del Consejo Consultivo a nombre del servicio de la Unidad de Paciente Cr\u00edtico Adulto.<\/figcaption><\/figure>\n<ul>\n<li><strong>En una colorida ceremonia fueron reconocidos once trabajadores y cuatro servicios como una manera de incentivar y potenciar el buen trato hacia los usuarios. <\/strong><\/li>\n<\/ul>\n<p>En una sencilla ceremonia realizada en el casino del establecimiento, el Consejo Consultivo y de Desarrollo del Hospital San Camilo, que representa a la comunidad organizada, premi\u00f3 a los funcionarios que se destacan por su buen trato y disposici\u00f3n hacia los usuarios, destacando el hecho de que estos funcionarios siempre han mantenido una conducta digna de imitar por todos los trabajadores del sector p\u00fablico.<br \/>\nDe esta manera, los funcionarios reconocidos fueron las doctoras L\u00eda Bunster, Ivannia Herrera, Macarena Toro, Natividad Cort\u00e9s, Mar\u00eda Garay, Felipe Rojas, Pilar Leiva, Lorena Saa, Felipe Le\u00f3n, Yeny L\u00f3pez y Mar\u00eda Eugenia Barros.<br \/>\n\u201cLa Comunidad desea agradecer y valorar a la gran cantidad de funcionarios que se la juegan por atender bien al p\u00fablico, sacando la cara por el hospital, ya que esto muchas veces no es valorado, y nos quedamos s\u00f3lo con las cosas negativas y los reclamos, en circunstancias que de las miles de atenciones que se realizan, siempre existen m\u00e1s cosas buenas que malas, y eso es lo que hoy queremos destacar\u201d, se\u00f1al\u00f3 Max Riquelme, Presidente del Consejo Consultivo y de Desarrollo del Hospital San Camilo.<br \/>\nEn la oportunidad, tambi\u00e9n fueron premiados los servicios de Cirug\u00eda Mujeres, Pediatr\u00eda y Urgencias, el cual fue destacado por la comunidad por la atenci\u00f3n que reciben aquellos pacientes que ingresan en estado de extrema gravedad y para quienes se realizan todos los esfuerzos t\u00e9cnicos y humanos por salvarles la vida, como ocurri\u00f3 recientemente con el trabajador ca\u00eddo desde diez metros de altura.<br \/>\nPor su parte, el director del establecimiento, Dr. N\u00e9stor Irribarra, valor\u00f3 el reconocimiento, agradeciendo este gesto a la comunidad, pues de alguna manera, asegur\u00f3, se hace justicia con ese gran porcentaje de funcionarios que se la juega por una buena atenci\u00f3n.<br \/>\n\u201cNosotros somos m\u00e1s de 700 trabajadores y hacemos miles de atenciones mes a mes, la mayor\u00eda de la cuales son con mucho cari\u00f1o por nuestros usuarios, cosa que tambi\u00e9n se grafica en las encuestas, y en actos como este, en donde la propia comunidad, reconoce que la salud que entregamos es de calidad\u201d, sostuvo, recordando que en la reciente encuesta sobre trato al usuario, realizada por la Universidad de Chile a los usuarios que se iban de alta tras su hospitalizaci\u00f3n, el Hospital San Camilo qued\u00f3 ubicado en tramo I, es decir, entre los mejores de todo el pa\u00eds.<\/p>\n<div class=\"tiled-gallery type-rectangular tiled-gallery-unresized\" data-original-width=\"640\" data-carousel-extra='null' itemscope itemtype=\"http:\/\/schema.org\/ImageGallery\" > <div class=\"gallery-row\" style=\"width: 640px; height: 218px;\" data-original-width=\"640\" data-original-height=\"218\" > <div class=\"gallery-group images-1\" style=\"width: 320px; height: 218px;\" data-original-width=\"320\" data-original-height=\"218\" > <div class=\"tiled-gallery-item tiled-gallery-item-large\" itemprop=\"associatedMedia\" itemscope itemtype=\"http:\/\/schema.org\/ImageObject\"> <a href=\"https:\/\/eltrabajo.cl\/portal\/consejo-consultivo-del-san-camilo-premio-a-funcionarios-por-su-buen-trato\/sanca2\/\" border=\"0\" itemprop=\"url\"> <meta itemprop=\"width\" content=\"316\"> <meta itemprop=\"height\" content=\"214\"> <img decoding=\"async\" class=\"\" data-attachment-id=\"54028\" data-orig-file=\"https:\/\/eltrabajo.cl\/portal\/wp-content\/uploads\/2014\/12\/Sanca2.jpg\" data-orig-size=\"529,358\" data-comments-opened=\"1\" data-image-meta=\"{&quot;aperture&quot;:&quot;0&quot;,&quot;credit&quot;:&quot;&quot;,&quot;camera&quot;:&quot;&quot;,&quot;caption&quot;:&quot;&quot;,&quot;created_timestamp&quot;:&quot;0&quot;,&quot;copyright&quot;:&quot;&quot;,&quot;focal_length&quot;:&quot;0&quot;,&quot;iso&quot;:&quot;0&quot;,&quot;shutter_speed&quot;:&quot;0&quot;,&quot;title&quot;:&quot;&quot;,&quot;orientation&quot;:&quot;0&quot;}\" data-image-title=\"Sanca2\" data-image-description=\"&lt;p&gt;Felipe Le\u00f3n, administrativo del Some, muestra su reconocimiento junto a las asistentes sociales del mismo servicio.&lt;\/p&gt; \" data-medium-file=\"https:\/\/i0.wp.com\/eltrabajo.cl\/portal\/wp-content\/uploads\/2014\/12\/Sanca2.jpg?fit=300%2C203&#038;ssl=1\" data-large-file=\"https:\/\/i0.wp.com\/eltrabajo.cl\/portal\/wp-content\/uploads\/2014\/12\/Sanca2.jpg?fit=529%2C358&#038;ssl=1\" src=\"https:\/\/i0.wp.com\/eltrabajo.cl\/portal\/wp-content\/uploads\/2014\/12\/Sanca2.jpg?w=316&#038;h=214&#038;ssl=1\" srcset=\"https:\/\/i0.wp.com\/eltrabajo.cl\/portal\/wp-content\/uploads\/2014\/12\/Sanca2.jpg?w=529&amp;ssl=1 529w, https:\/\/i0.wp.com\/eltrabajo.cl\/portal\/wp-content\/uploads\/2014\/12\/Sanca2.jpg?resize=200%2C135&amp;ssl=1 200w, https:\/\/i0.wp.com\/eltrabajo.cl\/portal\/wp-content\/uploads\/2014\/12\/Sanca2.jpg?resize=300%2C203&amp;ssl=1 300w, https:\/\/i0.wp.com\/eltrabajo.cl\/portal\/wp-content\/uploads\/2014\/12\/Sanca2.jpg?resize=150%2C101&amp;ssl=1 150w, https:\/\/i0.wp.com\/eltrabajo.cl\/portal\/wp-content\/uploads\/2014\/12\/Sanca2.jpg?resize=400%2C270&amp;ssl=1 400w\" width=\"316\" height=\"214\" loading=\"lazy\" data-original-width=\"316\" data-original-height=\"214\" itemprop=\"http:\/\/schema.org\/image\" title=\"Sanca2\" alt=\"Felipe Le\u00f3n, administrativo del Some, muestra su reconocimiento junto a las asistentes sociales del mismo servicio.\" style=\"width: 316px; height: 214px;\" \/> <\/a> <div class=\"tiled-gallery-caption\" itemprop=\"caption description\"> Felipe Le\u00f3n, administrativo del Some, muestra su reconocimiento junto a las asistentes sociales del mismo servicio. <\/div> <\/div> <\/div> <!-- close group --> <div class=\"gallery-group images-1\" style=\"width: 320px; height: 218px;\" data-original-width=\"320\" data-original-height=\"218\" > <div class=\"tiled-gallery-item tiled-gallery-item-large\" itemprop=\"associatedMedia\" itemscope itemtype=\"http:\/\/schema.org\/ImageObject\"> <a href=\"https:\/\/eltrabajo.cl\/portal\/consejo-consultivo-del-san-camilo-premio-a-funcionarios-por-su-buen-trato\/sanca3\/\" border=\"0\" itemprop=\"url\"> <meta itemprop=\"width\" content=\"316\"> <meta itemprop=\"height\" content=\"214\"> <img decoding=\"async\" class=\"\" data-attachment-id=\"54029\" data-orig-file=\"https:\/\/eltrabajo.cl\/portal\/wp-content\/uploads\/2014\/12\/Sanca3.jpg\" data-orig-size=\"529,358\" data-comments-opened=\"1\" data-image-meta=\"{&quot;aperture&quot;:&quot;0&quot;,&quot;credit&quot;:&quot;&quot;,&quot;camera&quot;:&quot;&quot;,&quot;caption&quot;:&quot;&quot;,&quot;created_timestamp&quot;:&quot;0&quot;,&quot;copyright&quot;:&quot;&quot;,&quot;focal_length&quot;:&quot;0&quot;,&quot;iso&quot;:&quot;0&quot;,&quot;shutter_speed&quot;:&quot;0&quot;,&quot;title&quot;:&quot;&quot;,&quot;orientation&quot;:&quot;0&quot;}\" data-image-title=\"Sanca3\" data-image-description=\"&lt;p&gt;Pilar Leiva, param\u00e9dico de Pediatr\u00eda, recibe el premio de manos de Max Riquelme, Presidente del Consejo Consultivo y de Graciela Freire, representante de las Damas de Amarillo.&lt;\/p&gt; \" data-medium-file=\"https:\/\/i0.wp.com\/eltrabajo.cl\/portal\/wp-content\/uploads\/2014\/12\/Sanca3.jpg?fit=300%2C203&#038;ssl=1\" data-large-file=\"https:\/\/i0.wp.com\/eltrabajo.cl\/portal\/wp-content\/uploads\/2014\/12\/Sanca3.jpg?fit=529%2C358&#038;ssl=1\" src=\"https:\/\/i0.wp.com\/eltrabajo.cl\/portal\/wp-content\/uploads\/2014\/12\/Sanca3.jpg?w=316&#038;h=214&#038;ssl=1\" srcset=\"https:\/\/i0.wp.com\/eltrabajo.cl\/portal\/wp-content\/uploads\/2014\/12\/Sanca3.jpg?w=529&amp;ssl=1 529w, https:\/\/i0.wp.com\/eltrabajo.cl\/portal\/wp-content\/uploads\/2014\/12\/Sanca3.jpg?resize=200%2C135&amp;ssl=1 200w, https:\/\/i0.wp.com\/eltrabajo.cl\/portal\/wp-content\/uploads\/2014\/12\/Sanca3.jpg?resize=300%2C203&amp;ssl=1 300w, https:\/\/i0.wp.com\/eltrabajo.cl\/portal\/wp-content\/uploads\/2014\/12\/Sanca3.jpg?resize=150%2C101&amp;ssl=1 150w, https:\/\/i0.wp.com\/eltrabajo.cl\/portal\/wp-content\/uploads\/2014\/12\/Sanca3.jpg?resize=400%2C270&amp;ssl=1 400w\" width=\"316\" height=\"214\" loading=\"lazy\" data-original-width=\"316\" data-original-height=\"214\" itemprop=\"http:\/\/schema.org\/image\" title=\"Sanca3\" alt=\"Pilar Leiva, param\u00e9dico de Pediatr\u00eda, recibe el premio de manos de Max Riquelme, Presidente del Consejo Consultivo y de Graciela Freire, representante de las Damas de Amarillo.\" style=\"width: 316px; height: 214px;\" \/> <\/a> <div class=\"tiled-gallery-caption\" itemprop=\"caption description\"> Pilar Leiva, param\u00e9dico de Pediatr\u00eda, recibe el premio de manos de Max Riquelme, Presidente del Consejo Consultivo y de Graciela Freire, representante de las Damas de Amarillo. <\/div> <\/div> <\/div> <!-- close group --> <\/div> <!-- close row --> <\/div>\n","protected":false},"excerpt":{"rendered":"<p>En una colorida ceremonia fueron reconocidos once trabajadores y cuatro servicios como una manera de incentivar y potenciar el buen trato hacia los usuarios. En una sencilla ceremonia realizada en el casino&#8230;<\/p>\n","protected":false},"author":482,"featured_media":54027,"comment_status":"open","ping_status":"closed","sticky":false,"template":"","format":"standard","meta":{"advanced_seo_description":"","jetpack_seo_html_title":"","jetpack_seo_noindex":false,"_jetpack_memberships_contains_paid_content":false,"footnotes":""},"categories":[15],"tags":[],"class_list":["post-54026","post","type-post","status-publish","format-standard","has-post-thumbnail","hentry","category-comunidad"],"jetpack_featured_media_url":"https:\/\/i0.wp.com\/eltrabajo.cl\/portal\/wp-content\/uploads\/2014\/12\/Sanca1.jpg?fit=529%2C358&ssl=1","jetpack_sharing_enabled":true,"jetpack_likes_enabled":true,"jetpack-related-posts":[],"_links":{"self":[{"href":"https:\/\/eltrabajo.cl\/portal\/wp-json\/wp\/v2\/posts\/54026","targetHints":{"allow":["GET"]}}],"collection":[{"href":"https:\/\/eltrabajo.cl\/portal\/wp-json\/wp\/v2\/posts"}],"about":[{"href":"https:\/\/eltrabajo.cl\/portal\/wp-json\/wp\/v2\/types\/post"}],"author":[{"embeddable":true,"href":"https:\/\/eltrabajo.cl\/portal\/wp-json\/wp\/v2\/users\/482"}],"replies":[{"embeddable":true,"href":"https:\/\/eltrabajo.cl\/portal\/wp-json\/wp\/v2\/comments?post=54026"}],"version-history":[{"count":0,"href":"https:\/\/eltrabajo.cl\/portal\/wp-json\/wp\/v2\/posts\/54026\/revisions"}],"wp:featuredmedia":[{"embeddable":true,"href":"https:\/\/eltrabajo.cl\/portal\/wp-json\/wp\/v2\/media\/54027"}],"wp:attachment":[{"href":"https:\/\/eltrabajo.cl\/portal\/wp-json\/wp\/v2\/media?parent=54026"}],"wp:term":[{"taxonomy":"category","embeddable":true,"href":"https:\/\/eltrabajo.cl\/portal\/wp-json\/wp\/v2\/categories?post=54026"},{"taxonomy":"post_tag","embeddable":true,"href":"https:\/\/eltrabajo.cl\/portal\/wp-json\/wp\/v2\/tags?post=54026"}],"curies":[{"name":"wp","href":"https:\/\/api.w.org\/{rel}","templated":true}]}}