{"id":54031,"date":"2014-12-10T08:42:01","date_gmt":"2014-12-10T11:42:01","guid":{"rendered":"http:\/\/www.eltrabajo.cl\/portal\/?p=54031"},"modified":"2014-12-10T08:42:01","modified_gmt":"2014-12-10T11:42:01","slug":"camion-perdio-ruedas-traseras-e-impacto-un-poste-y-cierre-perimetral","status":"publish","type":"post","link":"https:\/\/eltrabajo.cl\/portal\/camion-perdio-ruedas-traseras-e-impacto-un-poste-y-cierre-perimetral\/","title":{"rendered":"Cami\u00f3n perdi\u00f3 ruedas traseras e impact\u00f3 un poste y cierre perimetral"},"content":{"rendered":"<figure id=\"attachment_54032\" aria-describedby=\"caption-attachment-54032\" style=\"width: 528px\" class=\"wp-caption alignnone\"><a href=\"https:\/\/i0.wp.com\/www.eltrabajo.cl\/portal\/wp-content\/uploads\/2014\/12\/Vuelco2.jpg\"><img data-recalc-dims=\"1\" loading=\"lazy\" decoding=\"async\" class=\"size-full wp-image-54032\" src=\"https:\/\/i0.wp.com\/www.eltrabajo.cl\/portal\/wp-content\/uploads\/2014\/12\/Vuelco2.jpg?resize=528%2C304\" alt=\"Afortunadamente y seg\u00fan indicaron testigos, s\u00f3lo segundos antes pas\u00f3 en direcci\u00f3n a San Felipe un peque\u00f1o veh\u00edculo que se salv\u00f3 de ser impactado de lleno por el cami\u00f3n fuera de control.\" width=\"528\" height=\"304\" srcset=\"https:\/\/i0.wp.com\/eltrabajo.cl\/portal\/wp-content\/uploads\/2014\/12\/Vuelco2.jpg?w=528&amp;ssl=1 528w, https:\/\/i0.wp.com\/eltrabajo.cl\/portal\/wp-content\/uploads\/2014\/12\/Vuelco2.jpg?resize=200%2C115&amp;ssl=1 200w, https:\/\/i0.wp.com\/eltrabajo.cl\/portal\/wp-content\/uploads\/2014\/12\/Vuelco2.jpg?resize=300%2C172&amp;ssl=1 300w, https:\/\/i0.wp.com\/eltrabajo.cl\/portal\/wp-content\/uploads\/2014\/12\/Vuelco2.jpg?resize=150%2C86&amp;ssl=1 150w, https:\/\/i0.wp.com\/eltrabajo.cl\/portal\/wp-content\/uploads\/2014\/12\/Vuelco2.jpg?resize=400%2C230&amp;ssl=1 400w\" sizes=\"auto, (max-width: 528px) 100vw, 528px\" \/><\/a><figcaption id=\"caption-attachment-54032\" class=\"wp-caption-text\">Afortunadamente y seg\u00fan indicaron testigos, s\u00f3lo segundos antes pas\u00f3 en direcci\u00f3n a San Felipe un peque\u00f1o veh\u00edculo que se salv\u00f3 de ser impactado de lleno por el cami\u00f3n fuera de control.<\/figcaption><\/figure>\n<p><strong>PUTAENDO.<\/strong>&#8211; Un accidente vehicular que pudo haber tenido consecuencias fatales, termin\u00f3 con un cami\u00f3n \u00be derribando un cierre perimetral y un poste, luego que debido a una falla mec\u00e1nica perdiera las ruedas traseras. El hecho se registr\u00f3 a eso de las 15:00 horas de este martes cuando Guillermo Gonzalo Lizana, de 42 a\u00f1os de edad, guiaba el cami\u00f3n KIA \u00be patente SR-70-98 por la carretera E-71 en direcci\u00f3n a Putaendo y al llegar a las cercan\u00edas de Motel El Bosque, las ruedas traseras del cami\u00f3n que ven\u00eda cargado con arepa y ripio, se salieron de su posici\u00f3n producto de una falla en el eje y la masa del tren trasero, lo que provoc\u00f3 que el veh\u00edculo de carga se arrastrara por un par de metros y producto del peso el conductor no pudo sostener la m\u00e1quina, que fuera de control cruz\u00f3 el eje central de la calzada, impact\u00f3 un cierre perimetral y un poste ubicado a un costado del motel.<br \/>\nAfortunadamente y seg\u00fan indicaron testigos, s\u00f3lo segundos antes pas\u00f3 en direcci\u00f3n a San Felipe un peque\u00f1o veh\u00edculo que se salv\u00f3 de ser impactado de lleno por el cami\u00f3n fuera de control.<br \/>\nEl conductor del cami\u00f3n y su acompa\u00f1ante identificado como Miguel Brito, de 74 a\u00f1os de edad, lograron salir por sus propios medios desde la cabina del cami\u00f3n y fueron trasladados hasta el Hospital San Camilo de San Felipe, donde en forma extraoficial se supo que ambos resultaron con lesiones de car\u00e1cter leve y adem\u00e1s se confirm\u00f3 que Guillermo Lizana guiaba el cami\u00f3n en normales condiciones, aunque sin licencia de conducir y con toda la documentaci\u00f3n del veh\u00edculo al d\u00eda. Personal de Bomberos, el Samu y Carabineros arribaron al lugar y posteriormente mediante uso de un cami\u00f3n de mayor envergadura, el veh\u00edculo involucrado en el accidente fue retirado del lugar.<br \/>\nPatricio Gallardo M.<\/p>\n","protected":false},"excerpt":{"rendered":"<p>PUTAENDO.&#8211; Un accidente vehicular que pudo haber tenido consecuencias fatales, termin\u00f3 con un cami\u00f3n \u00be derribando un cierre perimetral y un poste, luego que debido a una falla mec\u00e1nica perdiera las ruedas&#8230;<\/p>\n","protected":false},"author":482,"featured_media":54032,"comment_status":"open","ping_status":"closed","sticky":false,"template":"","format":"standard","meta":{"advanced_seo_description":"","jetpack_seo_html_title":"","jetpack_seo_noindex":false,"_jetpack_memberships_contains_paid_content":false,"footnotes":""},"categories":[21],"tags":[],"class_list":["post-54031","post","type-post","status-publish","format-standard","has-post-thumbnail","hentry","category-policial"],"jetpack_featured_media_url":"https:\/\/i0.wp.com\/eltrabajo.cl\/portal\/wp-content\/uploads\/2014\/12\/Vuelco2.jpg?fit=528%2C304&ssl=1","jetpack_sharing_enabled":true,"jetpack_likes_enabled":true,"jetpack-related-posts":[],"_links":{"self":[{"href":"https:\/\/eltrabajo.cl\/portal\/wp-json\/wp\/v2\/posts\/54031","targetHints":{"allow":["GET"]}}],"collection":[{"href":"https:\/\/eltrabajo.cl\/portal\/wp-json\/wp\/v2\/posts"}],"about":[{"href":"https:\/\/eltrabajo.cl\/portal\/wp-json\/wp\/v2\/types\/post"}],"author":[{"embeddable":true,"href":"https:\/\/eltrabajo.cl\/portal\/wp-json\/wp\/v2\/users\/482"}],"replies":[{"embeddable":true,"href":"https:\/\/eltrabajo.cl\/portal\/wp-json\/wp\/v2\/comments?post=54031"}],"version-history":[{"count":0,"href":"https:\/\/eltrabajo.cl\/portal\/wp-json\/wp\/v2\/posts\/54031\/revisions"}],"wp:featuredmedia":[{"embeddable":true,"href":"https:\/\/eltrabajo.cl\/portal\/wp-json\/wp\/v2\/media\/54032"}],"wp:attachment":[{"href":"https:\/\/eltrabajo.cl\/portal\/wp-json\/wp\/v2\/media?parent=54031"}],"wp:term":[{"taxonomy":"category","embeddable":true,"href":"https:\/\/eltrabajo.cl\/portal\/wp-json\/wp\/v2\/categories?post=54031"},{"taxonomy":"post_tag","embeddable":true,"href":"https:\/\/eltrabajo.cl\/portal\/wp-json\/wp\/v2\/tags?post=54031"}],"curies":[{"name":"wp","href":"https:\/\/api.w.org\/{rel}","templated":true}]}}