{"id":54034,"date":"2014-12-10T08:44:28","date_gmt":"2014-12-10T11:44:28","guid":{"rendered":"http:\/\/www.eltrabajo.cl\/portal\/?p=54034"},"modified":"2014-12-10T08:44:28","modified_gmt":"2014-12-10T11:44:28","slug":"botin-de-5-millones-en-camaras-fotograficas-se-llevan-de-local-comercial","status":"publish","type":"post","link":"https:\/\/eltrabajo.cl\/portal\/botin-de-5-millones-en-camaras-fotograficas-se-llevan-de-local-comercial\/","title":{"rendered":"Bot\u00edn de $5 millones en c\u00e1maras fotogr\u00e1ficas se llevan de local comercial"},"content":{"rendered":"<figure id=\"attachment_54035\" aria-describedby=\"caption-attachment-54035\" style=\"width: 300px\" class=\"wp-caption alignleft\"><a href=\"https:\/\/i0.wp.com\/www.eltrabajo.cl\/portal\/wp-content\/uploads\/2014\/12\/Ibar-Lemus.jpg\"><img data-recalc-dims=\"1\" loading=\"lazy\" decoding=\"async\" class=\"wp-image-54035 size-medium\" src=\"https:\/\/i0.wp.com\/www.eltrabajo.cl\/portal\/wp-content\/uploads\/2014\/12\/Ibar-Lemus-300x227.jpg?resize=300%2C227\" alt=\"Ibar Lemus, comerciante afectado del robo de m\u00e1s de $5 millones en c\u00e1maras fotogr\u00e1ficas desde su local ubicado en Calle Salinas a pasos de la Plaza de Armas.\" width=\"300\" height=\"227\" srcset=\"https:\/\/i0.wp.com\/eltrabajo.cl\/portal\/wp-content\/uploads\/2014\/12\/Ibar-Lemus.jpg?resize=300%2C227&amp;ssl=1 300w, https:\/\/i0.wp.com\/eltrabajo.cl\/portal\/wp-content\/uploads\/2014\/12\/Ibar-Lemus.jpg?resize=197%2C150&amp;ssl=1 197w, https:\/\/i0.wp.com\/eltrabajo.cl\/portal\/wp-content\/uploads\/2014\/12\/Ibar-Lemus.jpg?resize=150%2C113&amp;ssl=1 150w, https:\/\/i0.wp.com\/eltrabajo.cl\/portal\/wp-content\/uploads\/2014\/12\/Ibar-Lemus.jpg?resize=400%2C303&amp;ssl=1 400w, https:\/\/i0.wp.com\/eltrabajo.cl\/portal\/wp-content\/uploads\/2014\/12\/Ibar-Lemus.jpg?w=529&amp;ssl=1 529w\" sizes=\"auto, (max-width: 300px) 100vw, 300px\" \/><\/a><figcaption id=\"caption-attachment-54035\" class=\"wp-caption-text\">Ibar Lemus, comerciante afectado del robo de m\u00e1s de $5 millones en c\u00e1maras fotogr\u00e1ficas desde su local ubicado en Calle Salinas a pasos de la Plaza de Armas.<\/figcaption><\/figure>\n<p>Un bot\u00edn cercano a los $5 millones entre especies como c\u00e1maras fotogr\u00e1ficas digitales y an\u00e1logas, tablets, bolsos y otros implementos, fue el conseguido por desconocidos que ingresaron hasta Foto Ibar ubicado en calle Salinas en San Felipe, donde los antisociales ingresaron hasta las dependencias desde el segundo piso de un local contiguo deshabitado.<br \/>\nDiario El Trabajo se entrevist\u00f3 con el comerciante afectado, Ibar Lemus, quien indic\u00f3 que el robo de las especies se habr\u00eda cometido en horas de la madrugada del pasado martes, cuando los delincuentes ingresaron hasta su local rompiendo uno de los vidrios del ventanal a gran altura para acceder f\u00e1cilmente a las dependencias, dirigi\u00e9ndose hacia las vitrinas principales y sustraer las c\u00e1maras fotogr\u00e1ficas de alto valor comercial, cuyo aval\u00fao alcanza los $5 millones.<br \/>\nEl accionar de los antisociales se habr\u00eda originado desde el segundo piso de un local en desuso hace siete meses, donde los sujetos habr\u00edan accedido desde el frontis por calle Salinas escalando por un letrero, hasta llegar a una ventana desprotegida, cuyas huellas dactilares quedaron plasmadas en el muro.<br \/>\nEstando en el interior de ese local utilizado anteriormente como preuniversitario, los sujetos con tal desfachatez se dieron el tiempo hasta de defecar en el suelo de una de las salas, pese a la existencia de diversos ba\u00f1os como lo pudimos comprobar en el sitio del suceso, tras el permiso del encargado de esa dependencia utilizada para acceder desde el patio hacia Foto Ibar para cometer el robo.<br \/>\n\u201cYo me estaba escapando de los robos, porque ac\u00e1 otros locales ya hab\u00edan robado. Yo pienso que son las mismas personas que roban y no los han detenido, debe ser alguien que viene a merodear y despu\u00e9s otro viene a cometer el delito. Es inevitable que uno tenga los productos en la vitrina, hay que mostrarlos\u201d, indic\u00f3 a Diario El Trabajo el propietario afectado Ibar Lemus, quien lleva m\u00e1s de 30 a\u00f1os como comerciante.<br \/>\nPor su parte el encargado del local deshabitado, Higinio Gaete, indic\u00f3 a nuestro medio que hasta el momento ni Carabineros ni la Polic\u00eda de Investigaciones han realizado pericias en ese lugar, pese a que ya se recibi\u00f3 la denuncia del afectado.<br \/>\n\u201cVengo para ac\u00e1 a revisar y me encuentro que hay excremento y reviso todas las habitaciones y veo que han entrado por la ventana. Aqu\u00ed en esta casa se han metido otra veces, hicieron un forado en el techo, ac\u00e1 es f\u00e1cil ingresar por el balc\u00f3n\u201d, concluy\u00f3 Gaete.<br \/>\nCabe se\u00f1alar que esta seguidilla de robos a comerciantes sanfelipe\u00f1os se han venido produciendo en gran cantidad durante el \u00faltimo tiempo, en especial atenci\u00f3n durante los largos fines de semana como el de fiestas patrias, el 1 de noviembre y el reciente feriado 8 de diciembre, lo que ha significado millonarias p\u00e9rdidas para los locatarios que han denunciado estos hechos antes las autoridades competentes.<br \/>\nPablo Salinas Sald\u00edas<\/p>\n<div class=\"tiled-gallery type-rectangular tiled-gallery-unresized\" data-original-width=\"640\" data-carousel-extra='null' itemscope itemtype=\"http:\/\/schema.org\/ImageGallery\" > <div class=\"gallery-row\" style=\"width: 640px; height: 325px;\" data-original-width=\"640\" data-original-height=\"325\" > <div class=\"gallery-group images-1\" style=\"width: 427px; height: 325px;\" data-original-width=\"427\" data-original-height=\"325\" > <div class=\"tiled-gallery-item tiled-gallery-item-large\" itemprop=\"associatedMedia\" itemscope itemtype=\"http:\/\/schema.org\/ImageObject\"> <a href=\"https:\/\/eltrabajo.cl\/portal\/botin-de-5-millones-en-camaras-fotograficas-se-llevan-de-local-comercial\/excremento\/\" border=\"0\" itemprop=\"url\"> <meta itemprop=\"width\" content=\"423\"> <meta itemprop=\"height\" content=\"321\"> <img decoding=\"async\" class=\"\" data-attachment-id=\"54036\" data-orig-file=\"https:\/\/eltrabajo.cl\/portal\/wp-content\/uploads\/2014\/12\/excremento.jpg\" data-orig-size=\"529,401\" data-comments-opened=\"1\" data-image-meta=\"{&quot;aperture&quot;:&quot;0&quot;,&quot;credit&quot;:&quot;&quot;,&quot;camera&quot;:&quot;&quot;,&quot;caption&quot;:&quot;&quot;,&quot;created_timestamp&quot;:&quot;0&quot;,&quot;copyright&quot;:&quot;&quot;,&quot;focal_length&quot;:&quot;0&quot;,&quot;iso&quot;:&quot;0&quot;,&quot;shutter_speed&quot;:&quot;0&quot;,&quot;title&quot;:&quot;&quot;,&quot;orientation&quot;:&quot;0&quot;}\" data-image-title=\"excremento\" data-image-description=\"&lt;p&gt;Con tal desfachatez los sujetos se dieron el tiempo hasta de defecar en una de las salas del local en desuso pese a la existencia de ba\u00f1os en el recinto.&lt;\/p&gt; \" data-medium-file=\"https:\/\/i0.wp.com\/eltrabajo.cl\/portal\/wp-content\/uploads\/2014\/12\/excremento.jpg?fit=300%2C227&#038;ssl=1\" data-large-file=\"https:\/\/i0.wp.com\/eltrabajo.cl\/portal\/wp-content\/uploads\/2014\/12\/excremento.jpg?fit=529%2C401&#038;ssl=1\" src=\"https:\/\/i0.wp.com\/eltrabajo.cl\/portal\/wp-content\/uploads\/2014\/12\/excremento.jpg?w=423&#038;h=321&#038;ssl=1\" srcset=\"https:\/\/i0.wp.com\/eltrabajo.cl\/portal\/wp-content\/uploads\/2014\/12\/excremento.jpg?w=529&amp;ssl=1 529w, https:\/\/i0.wp.com\/eltrabajo.cl\/portal\/wp-content\/uploads\/2014\/12\/excremento.jpg?resize=197%2C150&amp;ssl=1 197w, https:\/\/i0.wp.com\/eltrabajo.cl\/portal\/wp-content\/uploads\/2014\/12\/excremento.jpg?resize=300%2C227&amp;ssl=1 300w, https:\/\/i0.wp.com\/eltrabajo.cl\/portal\/wp-content\/uploads\/2014\/12\/excremento.jpg?resize=150%2C113&amp;ssl=1 150w, https:\/\/i0.wp.com\/eltrabajo.cl\/portal\/wp-content\/uploads\/2014\/12\/excremento.jpg?resize=400%2C303&amp;ssl=1 400w\" width=\"423\" height=\"321\" loading=\"lazy\" data-original-width=\"423\" data-original-height=\"321\" itemprop=\"http:\/\/schema.org\/image\" title=\"excremento\" alt=\"Con tal desfachatez los sujetos se dieron el tiempo hasta de defecar en una de las salas del local en desuso pese a la existencia de ba\u00f1os en el recinto.\" style=\"width: 423px; height: 321px;\" \/> <\/a> <div class=\"tiled-gallery-caption\" itemprop=\"caption description\"> Con tal desfachatez los sujetos se dieron el tiempo hasta de defecar en una de las salas del local en desuso pese a la existencia de ba\u00f1os en el recinto. <\/div> <\/div> <\/div> <!-- close group --> <div class=\"gallery-group images-2\" style=\"width: 213px; height: 325px;\" data-original-width=\"213\" data-original-height=\"325\" > <div class=\"tiled-gallery-item tiled-gallery-item-small\" itemprop=\"associatedMedia\" itemscope itemtype=\"http:\/\/schema.org\/ImageObject\"> <a href=\"https:\/\/eltrabajo.cl\/portal\/botin-de-5-millones-en-camaras-fotograficas-se-llevan-de-local-comercial\/huellas-dactilares\/\" border=\"0\" itemprop=\"url\"> <meta itemprop=\"width\" content=\"209\"> <meta itemprop=\"height\" content=\"159\"> <img decoding=\"async\" class=\"\" data-attachment-id=\"54037\" data-orig-file=\"https:\/\/eltrabajo.cl\/portal\/wp-content\/uploads\/2014\/12\/Huellas-dactilares.jpg\" data-orig-size=\"528,401\" data-comments-opened=\"1\" data-image-meta=\"{&quot;aperture&quot;:&quot;0&quot;,&quot;credit&quot;:&quot;&quot;,&quot;camera&quot;:&quot;&quot;,&quot;caption&quot;:&quot;&quot;,&quot;created_timestamp&quot;:&quot;0&quot;,&quot;copyright&quot;:&quot;&quot;,&quot;focal_length&quot;:&quot;0&quot;,&quot;iso&quot;:&quot;0&quot;,&quot;shutter_speed&quot;:&quot;0&quot;,&quot;title&quot;:&quot;&quot;,&quot;orientation&quot;:&quot;0&quot;}\" data-image-title=\"Huellas dactilares\" data-image-description=\"&lt;p&gt;Desde un local contiguo en desuso fueron descubierto estas huellas dactilares presumiblemente plasmadas por los delincuentes que cometieron el robo.&lt;\/p&gt; \" data-medium-file=\"https:\/\/i0.wp.com\/eltrabajo.cl\/portal\/wp-content\/uploads\/2014\/12\/Huellas-dactilares.jpg?fit=300%2C227&#038;ssl=1\" data-large-file=\"https:\/\/i0.wp.com\/eltrabajo.cl\/portal\/wp-content\/uploads\/2014\/12\/Huellas-dactilares.jpg?fit=528%2C401&#038;ssl=1\" src=\"https:\/\/i0.wp.com\/eltrabajo.cl\/portal\/wp-content\/uploads\/2014\/12\/Huellas-dactilares.jpg?w=209&#038;h=159&#038;ssl=1\" srcset=\"https:\/\/i0.wp.com\/eltrabajo.cl\/portal\/wp-content\/uploads\/2014\/12\/Huellas-dactilares.jpg?w=528&amp;ssl=1 528w, https:\/\/i0.wp.com\/eltrabajo.cl\/portal\/wp-content\/uploads\/2014\/12\/Huellas-dactilares.jpg?resize=197%2C150&amp;ssl=1 197w, https:\/\/i0.wp.com\/eltrabajo.cl\/portal\/wp-content\/uploads\/2014\/12\/Huellas-dactilares.jpg?resize=300%2C227&amp;ssl=1 300w, https:\/\/i0.wp.com\/eltrabajo.cl\/portal\/wp-content\/uploads\/2014\/12\/Huellas-dactilares.jpg?resize=150%2C113&amp;ssl=1 150w, https:\/\/i0.wp.com\/eltrabajo.cl\/portal\/wp-content\/uploads\/2014\/12\/Huellas-dactilares.jpg?resize=400%2C303&amp;ssl=1 400w\" width=\"209\" height=\"159\" loading=\"lazy\" data-original-width=\"209\" data-original-height=\"159\" itemprop=\"http:\/\/schema.org\/image\" title=\"Huellas dactilares\" alt=\"Desde un local contiguo en desuso fueron descubierto estas huellas dactilares presumiblemente plasmadas por los delincuentes que cometieron el robo.\" style=\"width: 209px; height: 159px;\" \/> <\/a> <div class=\"tiled-gallery-caption\" itemprop=\"caption description\"> Desde un local contiguo en desuso fueron descubierto estas huellas dactilares presumiblemente plasmadas por los delincuentes que cometieron el robo. <\/div> <\/div> <div class=\"tiled-gallery-item tiled-gallery-item-small\" itemprop=\"associatedMedia\" itemscope itemtype=\"http:\/\/schema.org\/ImageObject\"> <a href=\"https:\/\/eltrabajo.cl\/portal\/botin-de-5-millones-en-camaras-fotograficas-se-llevan-de-local-comercial\/ventana-rota-6\/\" border=\"0\" itemprop=\"url\"> <meta itemprop=\"width\" content=\"209\"> <meta itemprop=\"height\" content=\"158\"> <img decoding=\"async\" class=\"\" data-attachment-id=\"54038\" data-orig-file=\"https:\/\/eltrabajo.cl\/portal\/wp-content\/uploads\/2014\/12\/Ventana-Rota.jpg\" data-orig-size=\"529,401\" data-comments-opened=\"1\" data-image-meta=\"{&quot;aperture&quot;:&quot;0&quot;,&quot;credit&quot;:&quot;&quot;,&quot;camera&quot;:&quot;&quot;,&quot;caption&quot;:&quot;&quot;,&quot;created_timestamp&quot;:&quot;0&quot;,&quot;copyright&quot;:&quot;&quot;,&quot;focal_length&quot;:&quot;0&quot;,&quot;iso&quot;:&quot;0&quot;,&quot;shutter_speed&quot;:&quot;0&quot;,&quot;title&quot;:&quot;&quot;,&quot;orientation&quot;:&quot;0&quot;}\" data-image-title=\"Ventana Rota\" data-image-description=\"&lt;p&gt;Por este ventanal los sujetos ingresaron hasta Foto Ibar para cometer el millonario robo.&lt;\/p&gt; \" data-medium-file=\"https:\/\/i0.wp.com\/eltrabajo.cl\/portal\/wp-content\/uploads\/2014\/12\/Ventana-Rota.jpg?fit=300%2C227&#038;ssl=1\" data-large-file=\"https:\/\/i0.wp.com\/eltrabajo.cl\/portal\/wp-content\/uploads\/2014\/12\/Ventana-Rota.jpg?fit=529%2C401&#038;ssl=1\" src=\"https:\/\/i0.wp.com\/eltrabajo.cl\/portal\/wp-content\/uploads\/2014\/12\/Ventana-Rota.jpg?w=209&#038;h=158&#038;ssl=1\" srcset=\"https:\/\/i0.wp.com\/eltrabajo.cl\/portal\/wp-content\/uploads\/2014\/12\/Ventana-Rota.jpg?w=529&amp;ssl=1 529w, https:\/\/i0.wp.com\/eltrabajo.cl\/portal\/wp-content\/uploads\/2014\/12\/Ventana-Rota.jpg?resize=197%2C150&amp;ssl=1 197w, https:\/\/i0.wp.com\/eltrabajo.cl\/portal\/wp-content\/uploads\/2014\/12\/Ventana-Rota.jpg?resize=300%2C227&amp;ssl=1 300w, https:\/\/i0.wp.com\/eltrabajo.cl\/portal\/wp-content\/uploads\/2014\/12\/Ventana-Rota.jpg?resize=150%2C113&amp;ssl=1 150w, https:\/\/i0.wp.com\/eltrabajo.cl\/portal\/wp-content\/uploads\/2014\/12\/Ventana-Rota.jpg?resize=400%2C303&amp;ssl=1 400w\" width=\"209\" height=\"158\" loading=\"lazy\" data-original-width=\"209\" data-original-height=\"158\" itemprop=\"http:\/\/schema.org\/image\" title=\"Ventana Rota\" alt=\"Por este ventanal los sujetos ingresaron hasta Foto Ibar para cometer el millonario robo.\" style=\"width: 209px; height: 158px;\" \/> <\/a> <div class=\"tiled-gallery-caption\" itemprop=\"caption description\"> Por este ventanal los sujetos ingresaron hasta Foto Ibar para cometer el millonario robo. <\/div> <\/div> <\/div> <!-- close group --> <\/div> <!-- close row --> <\/div>\n","protected":false},"excerpt":{"rendered":"<p>Un bot\u00edn cercano a los $5 millones entre especies como c\u00e1maras fotogr\u00e1ficas digitales y an\u00e1logas, tablets, bolsos y otros implementos, fue el conseguido por desconocidos que ingresaron hasta Foto Ibar ubicado en&#8230;<\/p>\n","protected":false},"author":482,"featured_media":54035,"comment_status":"open","ping_status":"closed","sticky":false,"template":"","format":"standard","meta":{"advanced_seo_description":"","jetpack_seo_html_title":"","jetpack_seo_noindex":false,"_jetpack_memberships_contains_paid_content":false,"footnotes":""},"categories":[21],"tags":[],"class_list":["post-54034","post","type-post","status-publish","format-standard","has-post-thumbnail","hentry","category-policial"],"jetpack_featured_media_url":"https:\/\/i0.wp.com\/eltrabajo.cl\/portal\/wp-content\/uploads\/2014\/12\/Ibar-Lemus.jpg?fit=529%2C401&ssl=1","jetpack_sharing_enabled":true,"jetpack_likes_enabled":true,"jetpack-related-posts":[],"_links":{"self":[{"href":"https:\/\/eltrabajo.cl\/portal\/wp-json\/wp\/v2\/posts\/54034","targetHints":{"allow":["GET"]}}],"collection":[{"href":"https:\/\/eltrabajo.cl\/portal\/wp-json\/wp\/v2\/posts"}],"about":[{"href":"https:\/\/eltrabajo.cl\/portal\/wp-json\/wp\/v2\/types\/post"}],"author":[{"embeddable":true,"href":"https:\/\/eltrabajo.cl\/portal\/wp-json\/wp\/v2\/users\/482"}],"replies":[{"embeddable":true,"href":"https:\/\/eltrabajo.cl\/portal\/wp-json\/wp\/v2\/comments?post=54034"}],"version-history":[{"count":0,"href":"https:\/\/eltrabajo.cl\/portal\/wp-json\/wp\/v2\/posts\/54034\/revisions"}],"wp:featuredmedia":[{"embeddable":true,"href":"https:\/\/eltrabajo.cl\/portal\/wp-json\/wp\/v2\/media\/54035"}],"wp:attachment":[{"href":"https:\/\/eltrabajo.cl\/portal\/wp-json\/wp\/v2\/media?parent=54034"}],"wp:term":[{"taxonomy":"category","embeddable":true,"href":"https:\/\/eltrabajo.cl\/portal\/wp-json\/wp\/v2\/categories?post=54034"},{"taxonomy":"post_tag","embeddable":true,"href":"https:\/\/eltrabajo.cl\/portal\/wp-json\/wp\/v2\/tags?post=54034"}],"curies":[{"name":"wp","href":"https:\/\/api.w.org\/{rel}","templated":true}]}}