{"id":54040,"date":"2014-12-10T08:48:57","date_gmt":"2014-12-10T11:48:57","guid":{"rendered":"http:\/\/www.eltrabajo.cl\/portal\/?p=54040"},"modified":"2014-12-10T08:48:57","modified_gmt":"2014-12-10T11:48:57","slug":"ricardito-confeso-muerte-del-churruca-y-quedo-tras-las-rejas","status":"publish","type":"post","link":"https:\/\/eltrabajo.cl\/portal\/ricardito-confeso-muerte-del-churruca-y-quedo-tras-las-rejas\/","title":{"rendered":"\u2018Ricardito\u2019 confes\u00f3 muerte del \u2018Churruca\u2019 y qued\u00f3 tras las rejas"},"content":{"rendered":"<figure id=\"attachment_54041\" aria-describedby=\"caption-attachment-54041\" style=\"width: 262px\" class=\"wp-caption alignleft\"><a href=\"https:\/\/i0.wp.com\/www.eltrabajo.cl\/portal\/wp-content\/uploads\/2014\/12\/Ricardito1111.jpg\"><img data-recalc-dims=\"1\" loading=\"lazy\" decoding=\"async\" class=\"wp-image-54041 size-medium\" src=\"https:\/\/i0.wp.com\/www.eltrabajo.cl\/portal\/wp-content\/uploads\/2014\/12\/Ricardito1111-262x300.jpg?resize=262%2C300\" alt=\"Ricardo Cataldo Mu\u00f1oz, alias el \u2018Ricardito\u2019, confes\u00f3 su crimen ante la Polic\u00eda de Investigaciones.\" width=\"262\" height=\"300\" srcset=\"https:\/\/i0.wp.com\/eltrabajo.cl\/portal\/wp-content\/uploads\/2014\/12\/Ricardito1111.jpg?resize=262%2C300&amp;ssl=1 262w, https:\/\/i0.wp.com\/eltrabajo.cl\/portal\/wp-content\/uploads\/2014\/12\/Ricardito1111.jpg?resize=131%2C150&amp;ssl=1 131w, https:\/\/i0.wp.com\/eltrabajo.cl\/portal\/wp-content\/uploads\/2014\/12\/Ricardito1111.jpg?resize=400%2C456&amp;ssl=1 400w, https:\/\/i0.wp.com\/eltrabajo.cl\/portal\/wp-content\/uploads\/2014\/12\/Ricardito1111.jpg?w=529&amp;ssl=1 529w\" sizes=\"auto, (max-width: 262px) 100vw, 262px\" \/><\/a><figcaption id=\"caption-attachment-54041\" class=\"wp-caption-text\">Ricardo Cataldo Mu\u00f1oz, alias el \u2018Ricardito\u2019, confes\u00f3 su crimen ante la Polic\u00eda de Investigaciones.<\/figcaption><\/figure>\n<p>Por un plazo de 60 d\u00edas en primera instancia, deber\u00e1 permanecer en Prisi\u00f3n Preventiva Ricardo Cataldo Mu\u00f1oz, alias \u2018El Ricardito\u2019, autor confeso de Homicidio Simple en contra de Hugo Carvajal Rocha, quien falleci\u00f3 v\u00edctima de un certero disparo en la regi\u00f3n del t\u00f3rax que le provoc\u00f3 la muerte de manera instant\u00e1nea tras una violenta ri\u00f1a originada en calle Hugo Parris esquina Abel Zapata de Villa Los \u00c1lamos de San Felipe.<br \/>\nLos primeros antecedentes conocidos durante la Audiencia de Formalizaci\u00f3n por este homicidio realizada en horas de la ma\u00f1ana de ayer martes en el Juzgado de Garant\u00eda de San Felipe, entregados por el Fiscal Eduardo Fajardo, dan cuenta que en horas de la noche del domingo 7 de diciembre, el imputado Ricardo Cataldo sostuvo un enfrentamiento con Carvajal Rocha, conocido como \u2018El Churruca\u2019, aparentemente porque \u00e9ste \u00faltimo agredi\u00f3 a un familiar en la cabeza con un martillo, en un confuso incidente que est\u00e1 siendo investigado por la Polic\u00eda de Investigaciones.<\/p>\n<p><strong>ARMA NO APARECE<\/strong><br \/>\nTestigos de los hechos aseguran que Ricardo Cataldo Mu\u00f1oz manten\u00eda en su poder un arma de fuego que en la actualidad los efectivos policiales a\u00fan no logran encontrar, con la cual dispar\u00f3 al menos en dos oportunidades, siendo una de las balas la que impact\u00f3 en el cuerpo a Hugo Carvajal Rocha, cayendo tendido en la v\u00eda p\u00fablica.<br \/>\nA los pocos minutos \u2018El Churruca\u2019 falleci\u00f3 en el mismo lugar, mientras era asistido por personal del Samu que constat\u00f3 su deceso, quedando su cuerpo custodiado por un alto contingente de Carabineros que adopt\u00f3 los primeros procedimientos a la espera de los peritajes de oficiales de la Brigada de Homicidios de Los Andes, quienes durante ese mismo horario se encontraba en dos procedimientos por suicidio en la comuna de San Felipe.<br \/>\nLa situaci\u00f3n que conmocion\u00f3 a gran parte de la ciudadan\u00eda, especialmente a los vecinos del sector tras escuchar los disparos en las cercan\u00edas de Villa Los \u00c1lamos, mantuvo a ambas Polic\u00edas custodiando el sitio del suceso donde se encontraba el cuerpo de Hugo Carvajal Rocha cubierto con un pl\u00e1stico, para dar paso a las correspondientes pericias de la Brigada Criminal\u00edstica de Valpara\u00edso.<br \/>\nA primeras horas del pasado lunes la Polic\u00eda de Investigaciones captur\u00f3 a Ricardo Cataldo Mu\u00f1oz en la vivienda de su polola en Calle Brasil de la comuna de Putaendo, confesando su participaci\u00f3n como autor del disparo que dio muerte a su contrincante Hugo Carvajal Rocha la noche anterior a su detenci\u00f3n.<br \/>\nEn tanto el Ministerio P\u00fablico formaliz\u00f3 a Cataldo Mu\u00f1oz por el delito de Homicidio Simple, requiriendo ante el tribunal la cautelar de Prisi\u00f3n Preventiva por representar un peligro para la sociedad, cuya medida fue concedida por el Juez Leopoldo Soto, por un plazo de 60 d\u00edas decretados para la investigaci\u00f3n del caso.<br \/>\n\u201cPor el tipo de delito que se formaliz\u00f3 y los delitos esgrimidos en la audiencia, se decret\u00f3 la cautelar de Prisi\u00f3n Preventiva a solicitud de la fiscal\u00eda y decretada por el tribunal. Se fij\u00f3 un plazo de 60 d\u00edas y los argumentos dicen b\u00e1sicamente con el tipo de delito, la declaraci\u00f3n de testigos presenciales. \u00c9l est\u00e1 confeso y sindicado por al menos dos testigos presenciales. El imputado requiri\u00f3 ser trasladado hasta la c\u00e1rcel de Los Andes por alg\u00fan tipo de represalia que pudiese ser objeto por la familia de la v\u00edctima\u201d, inform\u00f3 a Diario El Trabajo el Fiscal Eduardo Fajardo De la Cuba.<\/p>\n<p><strong>OTRO HOMICIDIO<\/strong><br \/>\nEl persecutor, durante su alegato en el tribunal, se\u00f1al\u00f3 que el imputado Cataldo Mu\u00f1oz registra una condena por el Homicidio de Freddy Balbont\u00edn, quien falleci\u00f3 v\u00edctima de una pu\u00f1alada en el coraz\u00f3n el 14 de noviembre del 2010 en Pasaje 5 de Villa Bernardo Cruz en San Felipe.<br \/>\nEl 2 de noviembre del 2011, el Tribunal Oral en Lo Penal de San Felipe conden\u00f3 por Homicidio a Ricardo Cataldo Mu\u00f1oz a la pena de cuatro a\u00f1os de presidio efectivo, m\u00e1s 100 d\u00edas de Firma Mensual por el delito de Lesiones graves, siendo v\u00edctima un muchacho que minutos antes del crimen fue apu\u00f1alado en diferentes partes del cuerpo por el condenado.<br \/>\nEn aquella ocasi\u00f3n los padres de Freddy Balbont\u00edn repudiaron esta condena considerada una burla de la justicia, sin entregar mayores declaraciones a Diario El Trabajo tras la lectura de sentencia.<br \/>\nCabe recordar que tras culminar aquel juicio oral, \u2018El Ricardito\u2019 pidi\u00f3 perd\u00f3n a la familia de Freddy Balbont\u00edn y a Dios por haber cometido el crimen. Sin embargo tras cumplir la mitad de esta condena en la c\u00e1rcel, Gendarmer\u00eda le concedi\u00f3 el beneficio de Salida dominical y posterior a diario, debiendo regresar hasta el Centro de Cumplimiento Penitenciario durante las noches, tras mantener buena conducta. Medida que fue quebrantada durante los \u00faltimos meses permaneciendo en libertad clandestina.<br \/>\nEl Fiscal Eduardo Fajardo asegur\u00f3 que en la actualidad las penas de Homicidio aumentaron desde los diez a\u00f1os y un d\u00eda: \u201cLa pena que arriesga deber\u00e1 determinarla el Tribunal Oral en Lo Penal, ya que la Defensa pudiese alegar la colaboraci\u00f3n sustancial sobre este \u00faltimo hecho, lo concreto que le pesa a \u00e9l es la reincidencia espec\u00edfica al tener una condena por Homicidio, por lo tanto el ejercicio de la ponderaci\u00f3n de la pena tendr\u00e1 que verse m\u00e1s adelante\u201d, concluy\u00f3 el representante del Ministerio P\u00fablico de San Felipe.<br \/>\nPablo Salinas Sald\u00edas<\/p>\n<div class=\"tiled-gallery type-rectangular tiled-gallery-unresized\" data-original-width=\"640\" data-carousel-extra='null' itemscope itemtype=\"http:\/\/schema.org\/ImageGallery\" > <div class=\"gallery-row\" style=\"width: 640px; height: 155px;\" data-original-width=\"640\" data-original-height=\"155\" > <div class=\"gallery-group images-1\" style=\"width: 207px; height: 155px;\" data-original-width=\"207\" data-original-height=\"155\" > <div class=\"tiled-gallery-item tiled-gallery-item-small\" itemprop=\"associatedMedia\" itemscope itemtype=\"http:\/\/schema.org\/ImageObject\"> <a href=\"https:\/\/eltrabajo.cl\/portal\/ricardito-confeso-muerte-del-churruca-y-quedo-tras-las-rejas\/ricardito-tribunal\/\" border=\"0\" itemprop=\"url\"> <meta itemprop=\"width\" content=\"203\"> <meta itemprop=\"height\" content=\"151\"> <img decoding=\"async\" class=\"\" data-attachment-id=\"54045\" data-orig-file=\"https:\/\/eltrabajo.cl\/portal\/wp-content\/uploads\/2014\/12\/Ricardito-Tribunal.jpg\" data-orig-size=\"528,392\" data-comments-opened=\"1\" data-image-meta=\"{&quot;aperture&quot;:&quot;0&quot;,&quot;credit&quot;:&quot;&quot;,&quot;camera&quot;:&quot;&quot;,&quot;caption&quot;:&quot;&quot;,&quot;created_timestamp&quot;:&quot;0&quot;,&quot;copyright&quot;:&quot;&quot;,&quot;focal_length&quot;:&quot;0&quot;,&quot;iso&quot;:&quot;0&quot;,&quot;shutter_speed&quot;:&quot;0&quot;,&quot;title&quot;:&quot;&quot;,&quot;orientation&quot;:&quot;0&quot;}\" data-image-title=\"Ricardito Tribunal\" data-image-description=\"&lt;p&gt;Ricardo Cataldo Mu\u00f1oz ingres\u00f3 hasta la sala del Juzgado de Garant\u00eda de San Felipe para ser formalizado por la Fiscal\u00eda.&lt;\/p&gt; \" data-medium-file=\"https:\/\/i0.wp.com\/eltrabajo.cl\/portal\/wp-content\/uploads\/2014\/12\/Ricardito-Tribunal.jpg?fit=300%2C222&#038;ssl=1\" data-large-file=\"https:\/\/i0.wp.com\/eltrabajo.cl\/portal\/wp-content\/uploads\/2014\/12\/Ricardito-Tribunal.jpg?fit=528%2C392&#038;ssl=1\" src=\"https:\/\/i0.wp.com\/eltrabajo.cl\/portal\/wp-content\/uploads\/2014\/12\/Ricardito-Tribunal.jpg?w=203&#038;h=151&#038;ssl=1\" srcset=\"https:\/\/i0.wp.com\/eltrabajo.cl\/portal\/wp-content\/uploads\/2014\/12\/Ricardito-Tribunal.jpg?w=528&amp;ssl=1 528w, https:\/\/i0.wp.com\/eltrabajo.cl\/portal\/wp-content\/uploads\/2014\/12\/Ricardito-Tribunal.jpg?resize=200%2C148&amp;ssl=1 200w, https:\/\/i0.wp.com\/eltrabajo.cl\/portal\/wp-content\/uploads\/2014\/12\/Ricardito-Tribunal.jpg?resize=300%2C222&amp;ssl=1 300w, https:\/\/i0.wp.com\/eltrabajo.cl\/portal\/wp-content\/uploads\/2014\/12\/Ricardito-Tribunal.jpg?resize=150%2C111&amp;ssl=1 150w, https:\/\/i0.wp.com\/eltrabajo.cl\/portal\/wp-content\/uploads\/2014\/12\/Ricardito-Tribunal.jpg?resize=400%2C296&amp;ssl=1 400w\" width=\"203\" height=\"151\" loading=\"lazy\" data-original-width=\"203\" data-original-height=\"151\" itemprop=\"http:\/\/schema.org\/image\" title=\"Ricardito Tribunal\" alt=\"Ricardo Cataldo Mu\u00f1oz ingres\u00f3 hasta la sala del Juzgado de Garant\u00eda de San Felipe para ser formalizado por la Fiscal\u00eda.\" style=\"width: 203px; height: 151px;\" \/> <\/a> <div class=\"tiled-gallery-caption\" itemprop=\"caption description\"> Ricardo Cataldo Mu\u00f1oz ingres\u00f3 hasta la sala del Juzgado de Garant\u00eda de San Felipe para ser formalizado por la Fiscal\u00eda. <\/div> <\/div> <\/div> <!-- close group --> <div class=\"gallery-group images-1\" style=\"width: 117px; height: 155px;\" data-original-width=\"117\" data-original-height=\"155\" > <div class=\"tiled-gallery-item tiled-gallery-item-small\" itemprop=\"associatedMedia\" itemscope itemtype=\"http:\/\/schema.org\/ImageObject\"> <a href=\"https:\/\/eltrabajo.cl\/portal\/ricardito-confeso-muerte-del-churruca-y-quedo-tras-las-rejas\/cuerpo-homicidio-2\/\" border=\"0\" itemprop=\"url\"> <meta itemprop=\"width\" content=\"113\"> <meta itemprop=\"height\" content=\"151\"> <img decoding=\"async\" class=\"\" data-attachment-id=\"54042\" data-orig-file=\"https:\/\/eltrabajo.cl\/portal\/wp-content\/uploads\/2014\/12\/cuerpo-homicidio1.jpg\" data-orig-size=\"529,705\" data-comments-opened=\"1\" data-image-meta=\"{&quot;aperture&quot;:&quot;0&quot;,&quot;credit&quot;:&quot;Picasa&quot;,&quot;camera&quot;:&quot;&quot;,&quot;caption&quot;:&quot;&quot;,&quot;created_timestamp&quot;:&quot;0&quot;,&quot;copyright&quot;:&quot;&quot;,&quot;focal_length&quot;:&quot;0&quot;,&quot;iso&quot;:&quot;0&quot;,&quot;shutter_speed&quot;:&quot;0&quot;,&quot;title&quot;:&quot;&quot;,&quot;orientation&quot;:&quot;0&quot;}\" data-image-title=\"cuerpo homicidio\" data-image-description=\"&lt;p&gt;Hugo Carvajal Rocha falleci\u00f3 v\u00edctima de un certero disparo en el t\u00f3rax el pasado domingo cerca de las 21:00 horas en Villa Los \u00c1lamos de San Felipe.&lt;\/p&gt; \" data-medium-file=\"https:\/\/i0.wp.com\/eltrabajo.cl\/portal\/wp-content\/uploads\/2014\/12\/cuerpo-homicidio1.jpg?fit=225%2C300&#038;ssl=1\" data-large-file=\"https:\/\/i0.wp.com\/eltrabajo.cl\/portal\/wp-content\/uploads\/2014\/12\/cuerpo-homicidio1.jpg?fit=529%2C705&#038;ssl=1\" src=\"https:\/\/i0.wp.com\/eltrabajo.cl\/portal\/wp-content\/uploads\/2014\/12\/cuerpo-homicidio1.jpg?w=113&#038;h=151&#038;ssl=1\" srcset=\"https:\/\/i0.wp.com\/eltrabajo.cl\/portal\/wp-content\/uploads\/2014\/12\/cuerpo-homicidio1.jpg?w=529&amp;ssl=1 529w, https:\/\/i0.wp.com\/eltrabajo.cl\/portal\/wp-content\/uploads\/2014\/12\/cuerpo-homicidio1.jpg?resize=112%2C150&amp;ssl=1 112w, https:\/\/i0.wp.com\/eltrabajo.cl\/portal\/wp-content\/uploads\/2014\/12\/cuerpo-homicidio1.jpg?resize=225%2C300&amp;ssl=1 225w, https:\/\/i0.wp.com\/eltrabajo.cl\/portal\/wp-content\/uploads\/2014\/12\/cuerpo-homicidio1.jpg?resize=400%2C533&amp;ssl=1 400w\" width=\"113\" height=\"151\" loading=\"lazy\" data-original-width=\"113\" data-original-height=\"151\" itemprop=\"http:\/\/schema.org\/image\" title=\"cuerpo homicidio\" alt=\"Hugo Carvajal Rocha falleci\u00f3 v\u00edctima de un certero disparo en el t\u00f3rax el pasado domingo cerca de las 21:00 horas en Villa Los \u00c1lamos de San Felipe.\" style=\"width: 113px; height: 151px;\" \/> <\/a> <div class=\"tiled-gallery-caption\" itemprop=\"caption description\"> Hugo Carvajal Rocha falleci\u00f3 v\u00edctima de un certero disparo en el t\u00f3rax el pasado domingo cerca de las 21:00 horas en Villa Los \u00c1lamos de San Felipe. <\/div> <\/div> <\/div> <!-- close group --> <div class=\"gallery-group images-1\" style=\"width: 156px; height: 155px;\" data-original-width=\"156\" data-original-height=\"155\" > <div class=\"tiled-gallery-item tiled-gallery-item-small\" itemprop=\"associatedMedia\" itemscope itemtype=\"http:\/\/schema.org\/ImageObject\"> <a href=\"https:\/\/eltrabajo.cl\/portal\/ricardito-confeso-muerte-del-churruca-y-quedo-tras-las-rejas\/fiscal-eduardo-fajardo-10\/\" border=\"0\" itemprop=\"url\"> <meta itemprop=\"width\" content=\"152\"> <meta itemprop=\"height\" content=\"151\"> <img decoding=\"async\" class=\"\" data-attachment-id=\"54043\" data-orig-file=\"https:\/\/eltrabajo.cl\/portal\/wp-content\/uploads\/2014\/12\/Fiscal-Eduardo-Fajardo.jpg\" data-orig-size=\"529,526\" data-comments-opened=\"1\" data-image-meta=\"{&quot;aperture&quot;:&quot;0&quot;,&quot;credit&quot;:&quot;&quot;,&quot;camera&quot;:&quot;&quot;,&quot;caption&quot;:&quot;&quot;,&quot;created_timestamp&quot;:&quot;0&quot;,&quot;copyright&quot;:&quot;&quot;,&quot;focal_length&quot;:&quot;0&quot;,&quot;iso&quot;:&quot;0&quot;,&quot;shutter_speed&quot;:&quot;0&quot;,&quot;title&quot;:&quot;&quot;,&quot;orientation&quot;:&quot;0&quot;}\" data-image-title=\"Fiscal Eduardo Fajardo\" data-image-description=\"&lt;p&gt;Fiscal Eduardo Fajardo formaliz\u00f3 a Ricardo Cataldo por Homicidio Simple.&lt;\/p&gt; \" data-medium-file=\"https:\/\/i0.wp.com\/eltrabajo.cl\/portal\/wp-content\/uploads\/2014\/12\/Fiscal-Eduardo-Fajardo.jpg?fit=300%2C298&#038;ssl=1\" data-large-file=\"https:\/\/i0.wp.com\/eltrabajo.cl\/portal\/wp-content\/uploads\/2014\/12\/Fiscal-Eduardo-Fajardo.jpg?fit=529%2C526&#038;ssl=1\" src=\"https:\/\/i0.wp.com\/eltrabajo.cl\/portal\/wp-content\/uploads\/2014\/12\/Fiscal-Eduardo-Fajardo.jpg?w=152&#038;h=151&#038;ssl=1\" srcset=\"https:\/\/i0.wp.com\/eltrabajo.cl\/portal\/wp-content\/uploads\/2014\/12\/Fiscal-Eduardo-Fajardo.jpg?w=529&amp;ssl=1 529w, https:\/\/i0.wp.com\/eltrabajo.cl\/portal\/wp-content\/uploads\/2014\/12\/Fiscal-Eduardo-Fajardo.jpg?resize=150%2C150&amp;ssl=1 150w, https:\/\/i0.wp.com\/eltrabajo.cl\/portal\/wp-content\/uploads\/2014\/12\/Fiscal-Eduardo-Fajardo.jpg?resize=300%2C298&amp;ssl=1 300w, https:\/\/i0.wp.com\/eltrabajo.cl\/portal\/wp-content\/uploads\/2014\/12\/Fiscal-Eduardo-Fajardo.jpg?resize=400%2C397&amp;ssl=1 400w\" width=\"152\" height=\"151\" loading=\"lazy\" data-original-width=\"152\" data-original-height=\"151\" itemprop=\"http:\/\/schema.org\/image\" title=\"Fiscal Eduardo Fajardo\" alt=\"Fiscal Eduardo Fajardo formaliz\u00f3 a Ricardo Cataldo por Homicidio Simple.\" style=\"width: 152px; height: 151px;\" \/> <\/a> <div class=\"tiled-gallery-caption\" itemprop=\"caption description\"> Fiscal Eduardo Fajardo formaliz\u00f3 a Ricardo Cataldo por Homicidio Simple. <\/div> <\/div> <\/div> <!-- close group --> <div class=\"gallery-group images-1\" style=\"width: 160px; height: 155px;\" data-original-width=\"160\" data-original-height=\"155\" > <div class=\"tiled-gallery-item tiled-gallery-item-small\" itemprop=\"associatedMedia\" itemscope itemtype=\"http:\/\/schema.org\/ImageObject\"> <a href=\"https:\/\/eltrabajo.cl\/portal\/ricardito-confeso-muerte-del-churruca-y-quedo-tras-las-rejas\/fredy-2\/\" border=\"0\" itemprop=\"url\"> <meta itemprop=\"width\" content=\"156\"> <meta itemprop=\"height\" content=\"151\"> <img decoding=\"async\" class=\"\" data-attachment-id=\"54044\" data-orig-file=\"https:\/\/eltrabajo.cl\/portal\/wp-content\/uploads\/2014\/12\/fredy.jpg\" data-orig-size=\"529,513\" data-comments-opened=\"1\" data-image-meta=\"{&quot;aperture&quot;:&quot;0&quot;,&quot;credit&quot;:&quot;&quot;,&quot;camera&quot;:&quot;&quot;,&quot;caption&quot;:&quot;&quot;,&quot;created_timestamp&quot;:&quot;0&quot;,&quot;copyright&quot;:&quot;&quot;,&quot;focal_length&quot;:&quot;0&quot;,&quot;iso&quot;:&quot;0&quot;,&quot;shutter_speed&quot;:&quot;0&quot;,&quot;title&quot;:&quot;&quot;,&quot;orientation&quot;:&quot;0&quot;}\" data-image-title=\"fredy\" data-image-description=\"&lt;p&gt;Freddy Balbont\u00edn fue una de las v\u00edctimas de \u2018Ricardito\u2019, siendo asesinado con un arma blanca el 14 de noviembre del 2010 en Pasaje 5 de Villa Bernardo Cruz en San Felipe.&lt;\/p&gt; \" data-medium-file=\"https:\/\/i0.wp.com\/eltrabajo.cl\/portal\/wp-content\/uploads\/2014\/12\/fredy.jpg?fit=300%2C290&#038;ssl=1\" data-large-file=\"https:\/\/i0.wp.com\/eltrabajo.cl\/portal\/wp-content\/uploads\/2014\/12\/fredy.jpg?fit=529%2C513&#038;ssl=1\" src=\"https:\/\/i0.wp.com\/eltrabajo.cl\/portal\/wp-content\/uploads\/2014\/12\/fredy.jpg?w=156&#038;h=151&#038;ssl=1\" srcset=\"https:\/\/i0.wp.com\/eltrabajo.cl\/portal\/wp-content\/uploads\/2014\/12\/fredy.jpg?w=529&amp;ssl=1 529w, https:\/\/i0.wp.com\/eltrabajo.cl\/portal\/wp-content\/uploads\/2014\/12\/fredy.jpg?resize=154%2C150&amp;ssl=1 154w, https:\/\/i0.wp.com\/eltrabajo.cl\/portal\/wp-content\/uploads\/2014\/12\/fredy.jpg?resize=300%2C290&amp;ssl=1 300w, https:\/\/i0.wp.com\/eltrabajo.cl\/portal\/wp-content\/uploads\/2014\/12\/fredy.jpg?resize=150%2C145&amp;ssl=1 150w, https:\/\/i0.wp.com\/eltrabajo.cl\/portal\/wp-content\/uploads\/2014\/12\/fredy.jpg?resize=400%2C387&amp;ssl=1 400w\" width=\"156\" height=\"151\" loading=\"lazy\" data-original-width=\"156\" data-original-height=\"151\" itemprop=\"http:\/\/schema.org\/image\" title=\"fredy\" alt=\"Freddy Balbont\u00edn fue una de las v\u00edctimas de \u2018Ricardito\u2019, siendo asesinado con un arma blanca el 14 de noviembre del 2010 en Pasaje 5 de Villa Bernardo Cruz en San Felipe.\" style=\"width: 156px; height: 151px;\" \/> <\/a> <div class=\"tiled-gallery-caption\" itemprop=\"caption description\"> Freddy Balbont\u00edn fue una de las v\u00edctimas de \u2018Ricardito\u2019, siendo asesinado con un arma blanca el 14 de noviembre del 2010 en Pasaje 5 de Villa Bernardo Cruz en San Felipe. <\/div> <\/div> <\/div> <!-- close group --> <\/div> <!-- close row --> <\/div>\n","protected":false},"excerpt":{"rendered":"<p>Por un plazo de 60 d\u00edas en primera instancia, deber\u00e1 permanecer en Prisi\u00f3n Preventiva Ricardo Cataldo Mu\u00f1oz, alias \u2018El Ricardito\u2019, autor confeso de Homicidio Simple en contra de Hugo Carvajal Rocha, quien&#8230;<\/p>\n","protected":false},"author":482,"featured_media":54041,"comment_status":"open","ping_status":"closed","sticky":false,"template":"","format":"standard","meta":{"advanced_seo_description":"","jetpack_seo_html_title":"","jetpack_seo_noindex":false,"_jetpack_memberships_contains_paid_content":false,"footnotes":""},"categories":[21],"tags":[],"class_list":["post-54040","post","type-post","status-publish","format-standard","has-post-thumbnail","hentry","category-policial"],"jetpack_featured_media_url":"https:\/\/i0.wp.com\/eltrabajo.cl\/portal\/wp-content\/uploads\/2014\/12\/Ricardito1111.jpg?fit=529%2C604&ssl=1","jetpack_sharing_enabled":true,"jetpack_likes_enabled":true,"jetpack-related-posts":[],"_links":{"self":[{"href":"https:\/\/eltrabajo.cl\/portal\/wp-json\/wp\/v2\/posts\/54040","targetHints":{"allow":["GET"]}}],"collection":[{"href":"https:\/\/eltrabajo.cl\/portal\/wp-json\/wp\/v2\/posts"}],"about":[{"href":"https:\/\/eltrabajo.cl\/portal\/wp-json\/wp\/v2\/types\/post"}],"author":[{"embeddable":true,"href":"https:\/\/eltrabajo.cl\/portal\/wp-json\/wp\/v2\/users\/482"}],"replies":[{"embeddable":true,"href":"https:\/\/eltrabajo.cl\/portal\/wp-json\/wp\/v2\/comments?post=54040"}],"version-history":[{"count":0,"href":"https:\/\/eltrabajo.cl\/portal\/wp-json\/wp\/v2\/posts\/54040\/revisions"}],"wp:featuredmedia":[{"embeddable":true,"href":"https:\/\/eltrabajo.cl\/portal\/wp-json\/wp\/v2\/media\/54041"}],"wp:attachment":[{"href":"https:\/\/eltrabajo.cl\/portal\/wp-json\/wp\/v2\/media?parent=54040"}],"wp:term":[{"taxonomy":"category","embeddable":true,"href":"https:\/\/eltrabajo.cl\/portal\/wp-json\/wp\/v2\/categories?post=54040"},{"taxonomy":"post_tag","embeddable":true,"href":"https:\/\/eltrabajo.cl\/portal\/wp-json\/wp\/v2\/tags?post=54040"}],"curies":[{"name":"wp","href":"https:\/\/api.w.org\/{rel}","templated":true}]}}