{"id":54052,"date":"2014-12-11T09:15:12","date_gmt":"2014-12-11T12:15:12","guid":{"rendered":"http:\/\/www.eltrabajo.cl\/portal\/?p=54052"},"modified":"2014-12-11T09:15:12","modified_gmt":"2014-12-11T12:15:12","slug":"inauguran-nueva-planta-de-agua-potable-en-santa-filomena","status":"publish","type":"post","link":"https:\/\/eltrabajo.cl\/portal\/inauguran-nueva-planta-de-agua-potable-en-santa-filomena\/","title":{"rendered":"Inauguran nueva planta de agua potable en Santa Filomena"},"content":{"rendered":"<figure id=\"attachment_54054\" aria-describedby=\"caption-attachment-54054\" style=\"width: 528px\" class=\"wp-caption alignnone\"><a href=\"https:\/\/i0.wp.com\/www.eltrabajo.cl\/portal\/wp-content\/uploads\/2014\/12\/Planta11.jpg\"><img data-recalc-dims=\"1\" loading=\"lazy\" decoding=\"async\" class=\"size-full wp-image-54054\" src=\"https:\/\/i0.wp.com\/www.eltrabajo.cl\/portal\/wp-content\/uploads\/2014\/12\/Planta11.jpg?resize=528%2C332\" alt=\"La Planta el Calvario de la Cooperativa de Santa Filomena en Jahuel, fue inaugurada en una celebraci\u00f3n en la cima de Cerro de la cruz en Santa Filomena.\" width=\"528\" height=\"332\" srcset=\"https:\/\/i0.wp.com\/eltrabajo.cl\/portal\/wp-content\/uploads\/2014\/12\/Planta11.jpg?w=528&amp;ssl=1 528w, https:\/\/i0.wp.com\/eltrabajo.cl\/portal\/wp-content\/uploads\/2014\/12\/Planta11.jpg?resize=200%2C125&amp;ssl=1 200w, https:\/\/i0.wp.com\/eltrabajo.cl\/portal\/wp-content\/uploads\/2014\/12\/Planta11.jpg?resize=300%2C188&amp;ssl=1 300w, https:\/\/i0.wp.com\/eltrabajo.cl\/portal\/wp-content\/uploads\/2014\/12\/Planta11.jpg?resize=150%2C94&amp;ssl=1 150w, https:\/\/i0.wp.com\/eltrabajo.cl\/portal\/wp-content\/uploads\/2014\/12\/Planta11.jpg?resize=400%2C251&amp;ssl=1 400w\" sizes=\"auto, (max-width: 528px) 100vw, 528px\" \/><\/a><figcaption id=\"caption-attachment-54054\" class=\"wp-caption-text\">La Planta el Calvario de la Cooperativa de Santa Filomena en Jahuel, fue inaugurada en una celebraci\u00f3n en la cima de Cerro de la cruz en Santa Filomena.<\/figcaption><\/figure>\n<p><strong>SANTA MAR\u00cdA<\/strong>.- La Planta el Calvario de la Cooperativa de Santa Filomena en Jahuel, fue inaugurada en una celebraci\u00f3n en la cima de Cerro de la cruz en Santa Filomena. La planta que es una de las m\u00e1s modernas de la regi\u00f3n, tom\u00f3 tres a\u00f1os entre dise\u00f1arla y construirla, consta con una sala de generador que la hace aut\u00f3noma del la red el\u00e9ctrica en caso de emergencias.<\/p>\n<figure id=\"attachment_54055\" aria-describedby=\"caption-attachment-54055\" style=\"width: 300px\" class=\"wp-caption alignright\"><a href=\"https:\/\/i0.wp.com\/www.eltrabajo.cl\/portal\/wp-content\/uploads\/2014\/12\/Ariel-Gonz%C3%A1lez.jpg\"><img data-recalc-dims=\"1\" loading=\"lazy\" decoding=\"async\" class=\"wp-image-54055 size-medium\" src=\"https:\/\/i0.wp.com\/www.eltrabajo.cl\/portal\/wp-content\/uploads\/2014\/12\/Ariel-Gonz%C3%A1lez-300x227.jpg?resize=300%2C227\" alt=\"Gerente de Cooperativa de Santa Filomena, Ariel Gonz\u00e1lez. \" width=\"300\" height=\"227\" srcset=\"https:\/\/i0.wp.com\/eltrabajo.cl\/portal\/wp-content\/uploads\/2014\/12\/Ariel-Gonz%C3%A1lez.jpg?resize=300%2C227&amp;ssl=1 300w, https:\/\/i0.wp.com\/eltrabajo.cl\/portal\/wp-content\/uploads\/2014\/12\/Ariel-Gonz%C3%A1lez.jpg?resize=197%2C150&amp;ssl=1 197w, https:\/\/i0.wp.com\/eltrabajo.cl\/portal\/wp-content\/uploads\/2014\/12\/Ariel-Gonz%C3%A1lez.jpg?resize=150%2C113&amp;ssl=1 150w, https:\/\/i0.wp.com\/eltrabajo.cl\/portal\/wp-content\/uploads\/2014\/12\/Ariel-Gonz%C3%A1lez.jpg?resize=400%2C303&amp;ssl=1 400w, https:\/\/i0.wp.com\/eltrabajo.cl\/portal\/wp-content\/uploads\/2014\/12\/Ariel-Gonz%C3%A1lez.jpg?w=529&amp;ssl=1 529w\" sizes=\"auto, (max-width: 300px) 100vw, 300px\" \/><\/a><figcaption id=\"caption-attachment-54055\" class=\"wp-caption-text\">Gerente de Cooperativa de Santa Filomena, Ariel Gonz\u00e1lez.<\/figcaption><\/figure>\n<p>Tiene tambi\u00e9n una bodega de petr\u00f3leo que mantiene una posibilidad de autonom\u00eda de dos semanas al equipo electr\u00f3geno. Mantiene una sala de m\u00e1quinas en donde est\u00e1n los tableros el\u00e9ctricos altamente sofisticados desde donde se comandan las bombas y macro medidores. Para el Gerente de cooperativa, Ariel Gonz\u00e1lez, la planta cumple con las expectativas pero la cooperativa no cesa de crecer y aspirar m\u00e1s, \u00abqueremos ser un sistema de agua potable rural que se destaque entre sus pares tanto a nivel regional como nacional.<br \/>\nEntregando productos y servicios de calidad, brindando bienestar a sus asociados y siendo un agente participativo e integrador de la comunidad\u00bb.<br \/>\nEl evento que se llev\u00f3 a cabo a las once de la ma\u00f1ana en las dependencias de la planta y con una hermosa vista de Jahuel de este hermoso cerro, tuvo a diversas autoridades y vecinos como testigos de la tremenda ayuda social que lleva a cabo la cooperativa, ayudando a los clubes deportivos, a los jardines infantiles, y colegios donde est\u00e1n precisamente los arranques asociados que actualmente componen la red de abastecimiento de agua potable de este vasto sector de Jahuel, como lo es La Higuera, Lo Gald\u00e1mez y Santa Filomena.<br \/>\nSeg\u00fan Claudio Zurita Alcalde de la comuna, esta es una obra fant\u00e1stica de una cooperativa con sello social: \u00abCuando hay un sello social y una responsabilidad social de una cooperativa se nota. Esta es una cooperativa que ha crecido, que ha invertido, que est\u00e1 preocupada de cumplir con un mejor servicio y tambi\u00e9n preocupada de mejorar su aspecto t\u00e9cnico. Aqu\u00ed hay una tremenda inversi\u00f3n y con recursos de la cooperativa, por lo tanto solo me resta felicitar al equipo de trabajo y a la directiva\u00bb.<br \/>\nCabe destacar que la Cooperativa de Agua Potable Santa Filomena, cuanta ya con diez propiedades, todas adquiridas con recursos propios y su ayuda social se incrementa a\u00f1o a a\u00f1o, traspasando parte de sus utilidades al resto de la comunidad del sector.<br \/>\nRoberto Mercado Aced<\/p>\n","protected":false},"excerpt":{"rendered":"<p>SANTA MAR\u00cdA.- La Planta el Calvario de la Cooperativa de Santa Filomena en Jahuel, fue inaugurada en una celebraci\u00f3n en la cima de Cerro de la cruz en Santa Filomena. La planta&#8230;<\/p>\n","protected":false},"author":482,"featured_media":54054,"comment_status":"open","ping_status":"closed","sticky":false,"template":"","format":"standard","meta":{"advanced_seo_description":"","jetpack_seo_html_title":"","jetpack_seo_noindex":false,"_jetpack_memberships_contains_paid_content":false,"footnotes":""},"categories":[15],"tags":[],"class_list":["post-54052","post","type-post","status-publish","format-standard","has-post-thumbnail","hentry","category-comunidad"],"jetpack_featured_media_url":"https:\/\/i0.wp.com\/eltrabajo.cl\/portal\/wp-content\/uploads\/2014\/12\/Planta11.jpg?fit=528%2C332&ssl=1","jetpack_sharing_enabled":true,"jetpack_likes_enabled":true,"jetpack-related-posts":[],"_links":{"self":[{"href":"https:\/\/eltrabajo.cl\/portal\/wp-json\/wp\/v2\/posts\/54052","targetHints":{"allow":["GET"]}}],"collection":[{"href":"https:\/\/eltrabajo.cl\/portal\/wp-json\/wp\/v2\/posts"}],"about":[{"href":"https:\/\/eltrabajo.cl\/portal\/wp-json\/wp\/v2\/types\/post"}],"author":[{"embeddable":true,"href":"https:\/\/eltrabajo.cl\/portal\/wp-json\/wp\/v2\/users\/482"}],"replies":[{"embeddable":true,"href":"https:\/\/eltrabajo.cl\/portal\/wp-json\/wp\/v2\/comments?post=54052"}],"version-history":[{"count":0,"href":"https:\/\/eltrabajo.cl\/portal\/wp-json\/wp\/v2\/posts\/54052\/revisions"}],"wp:featuredmedia":[{"embeddable":true,"href":"https:\/\/eltrabajo.cl\/portal\/wp-json\/wp\/v2\/media\/54054"}],"wp:attachment":[{"href":"https:\/\/eltrabajo.cl\/portal\/wp-json\/wp\/v2\/media?parent=54052"}],"wp:term":[{"taxonomy":"category","embeddable":true,"href":"https:\/\/eltrabajo.cl\/portal\/wp-json\/wp\/v2\/categories?post=54052"},{"taxonomy":"post_tag","embeddable":true,"href":"https:\/\/eltrabajo.cl\/portal\/wp-json\/wp\/v2\/tags?post=54052"}],"curies":[{"name":"wp","href":"https:\/\/api.w.org\/{rel}","templated":true}]}}