{"id":54057,"date":"2014-12-11T09:16:12","date_gmt":"2014-12-11T12:16:12","guid":{"rendered":"http:\/\/www.eltrabajo.cl\/portal\/?p=54057"},"modified":"2014-12-11T09:16:12","modified_gmt":"2014-12-11T12:16:12","slug":"prodesal-agricola-y-ganadero-entrega-maquinaria-a-parceleros","status":"publish","type":"post","link":"https:\/\/eltrabajo.cl\/portal\/prodesal-agricola-y-ganadero-entrega-maquinaria-a-parceleros\/","title":{"rendered":"Prodesal Agr\u00edcola y Ganadero entrega maquinaria a parceleros"},"content":{"rendered":"<figure id=\"attachment_54058\" aria-describedby=\"caption-attachment-54058\" style=\"width: 528px\" class=\"wp-caption alignnone\"><a href=\"https:\/\/i0.wp.com\/www.eltrabajo.cl\/portal\/wp-content\/uploads\/2014\/12\/Prodesal1.jpg\"><img data-recalc-dims=\"1\" loading=\"lazy\" decoding=\"async\" class=\"size-full wp-image-54058\" src=\"https:\/\/i0.wp.com\/www.eltrabajo.cl\/portal\/wp-content\/uploads\/2014\/12\/Prodesal1.jpg?resize=528%2C401\" alt=\"Peque\u00f1os agricultores de la comuna del Viento Viento fueron beneficiados con la entrega de maquinaria en el marco de los proyectos IFP (Inversiones de Fomento Productivo) para mejorar su trabajo y estar a la vanguardia agr\u00edcola.\" width=\"528\" height=\"401\" srcset=\"https:\/\/i0.wp.com\/eltrabajo.cl\/portal\/wp-content\/uploads\/2014\/12\/Prodesal1.jpg?w=528&amp;ssl=1 528w, https:\/\/i0.wp.com\/eltrabajo.cl\/portal\/wp-content\/uploads\/2014\/12\/Prodesal1.jpg?resize=197%2C150&amp;ssl=1 197w, https:\/\/i0.wp.com\/eltrabajo.cl\/portal\/wp-content\/uploads\/2014\/12\/Prodesal1.jpg?resize=300%2C227&amp;ssl=1 300w, https:\/\/i0.wp.com\/eltrabajo.cl\/portal\/wp-content\/uploads\/2014\/12\/Prodesal1.jpg?resize=150%2C113&amp;ssl=1 150w, https:\/\/i0.wp.com\/eltrabajo.cl\/portal\/wp-content\/uploads\/2014\/12\/Prodesal1.jpg?resize=400%2C303&amp;ssl=1 400w\" sizes=\"auto, (max-width: 528px) 100vw, 528px\" \/><\/a><figcaption id=\"caption-attachment-54058\" class=\"wp-caption-text\">Peque\u00f1os agricultores de la comuna del Viento Viento fueron beneficiados con la entrega de maquinaria en el marco de los proyectos IFP (Inversiones de Fomento Productivo) para mejorar su trabajo y estar a la vanguardia agr\u00edcola.<\/figcaption><\/figure>\n<p><strong>LLAY LLA<\/strong>Y.- Peque\u00f1os agricultores de la comuna del Viento Viento fueron beneficiados con la entrega de maquinaria en el marco de los proyectos IFP (Inversiones de Fomento Productivo) para mejorar su trabajo y estar a la vanguardia agr\u00edcola. Esta actividad es un trabajo en equipo realizado por Prodesal Agr\u00edcola y Prodesal Ganadero de la ciudad.<br \/>\nAl respecto el encargado de Prodesal Agr\u00edcola, Jos\u00e9 Tom\u00e1s Undurraga, manifest\u00f3 que \u201cIndap financia el 90% y los beneficiarios agregan el 10% restante. Fueron 16 proyectos que se entregaron consistentes en maquinaria por un valor de $1.200.000 a un $1.500.000 por proyecto, donde incluy\u00f3 moto-pulverizadoras de espalda, que va enfocada a mejorar la aplicaci\u00f3n de productos fitosanitarios para el control de plagas en los cultivos, las otras m\u00e1quinas son moto-cultivadores de gran HP (caballos de fuerza) y se usan para clabores de suelo, y esta m\u00e1quina vendr\u00eda a reemplazar el trabajo que hac\u00eda el caballo\u201d.<br \/>\nLa maquinaria entregada mejora el trabajo de los peque\u00f1os agricultores e introduce innovaci\u00f3n a la agricultura, lo que se transfiere socialmente a la comunidad en mejores productos, mejor calidad de trabajo para los agricultores y por ende su calidad de vida. A lo largo del a\u00f1o, Prodesal Agr\u00edcola en conjunto con Prodesal Agropecuario han llamado a siete concursos y entregado 35 proyectos a peque\u00f1os agricultores de Llay Llay.<\/p>\n","protected":false},"excerpt":{"rendered":"<p>LLAY LLAY.- Peque\u00f1os agricultores de la comuna del Viento Viento fueron beneficiados con la entrega de maquinaria en el marco de los proyectos IFP (Inversiones de Fomento Productivo) para mejorar su trabajo&#8230;<\/p>\n","protected":false},"author":482,"featured_media":54058,"comment_status":"open","ping_status":"closed","sticky":false,"template":"","format":"standard","meta":{"advanced_seo_description":"","jetpack_seo_html_title":"","jetpack_seo_noindex":false,"_jetpack_memberships_contains_paid_content":false,"footnotes":""},"categories":[15],"tags":[],"class_list":["post-54057","post","type-post","status-publish","format-standard","has-post-thumbnail","hentry","category-comunidad"],"jetpack_featured_media_url":"https:\/\/i0.wp.com\/eltrabajo.cl\/portal\/wp-content\/uploads\/2014\/12\/Prodesal1.jpg?fit=528%2C401&ssl=1","jetpack_sharing_enabled":true,"jetpack_likes_enabled":true,"jetpack-related-posts":[],"_links":{"self":[{"href":"https:\/\/eltrabajo.cl\/portal\/wp-json\/wp\/v2\/posts\/54057","targetHints":{"allow":["GET"]}}],"collection":[{"href":"https:\/\/eltrabajo.cl\/portal\/wp-json\/wp\/v2\/posts"}],"about":[{"href":"https:\/\/eltrabajo.cl\/portal\/wp-json\/wp\/v2\/types\/post"}],"author":[{"embeddable":true,"href":"https:\/\/eltrabajo.cl\/portal\/wp-json\/wp\/v2\/users\/482"}],"replies":[{"embeddable":true,"href":"https:\/\/eltrabajo.cl\/portal\/wp-json\/wp\/v2\/comments?post=54057"}],"version-history":[{"count":0,"href":"https:\/\/eltrabajo.cl\/portal\/wp-json\/wp\/v2\/posts\/54057\/revisions"}],"wp:featuredmedia":[{"embeddable":true,"href":"https:\/\/eltrabajo.cl\/portal\/wp-json\/wp\/v2\/media\/54058"}],"wp:attachment":[{"href":"https:\/\/eltrabajo.cl\/portal\/wp-json\/wp\/v2\/media?parent=54057"}],"wp:term":[{"taxonomy":"category","embeddable":true,"href":"https:\/\/eltrabajo.cl\/portal\/wp-json\/wp\/v2\/categories?post=54057"},{"taxonomy":"post_tag","embeddable":true,"href":"https:\/\/eltrabajo.cl\/portal\/wp-json\/wp\/v2\/tags?post=54057"}],"curies":[{"name":"wp","href":"https:\/\/api.w.org\/{rel}","templated":true}]}}