{"id":54060,"date":"2014-12-11T09:18:13","date_gmt":"2014-12-11T12:18:13","guid":{"rendered":"http:\/\/www.eltrabajo.cl\/portal\/?p=54060"},"modified":"2014-12-11T09:18:13","modified_gmt":"2014-12-11T12:18:13","slug":"vecinos-de-villa-san-alberto-reclaman-a-esval-por-cobros-excesivos","status":"publish","type":"post","link":"https:\/\/eltrabajo.cl\/portal\/vecinos-de-villa-san-alberto-reclaman-a-esval-por-cobros-excesivos\/","title":{"rendered":"Vecinos de Villa San Alberto reclaman a Esval por cobros excesivos"},"content":{"rendered":"<figure id=\"attachment_54061\" aria-describedby=\"caption-attachment-54061\" style=\"width: 528px\" class=\"wp-caption alignnone\"><a href=\"https:\/\/i0.wp.com\/www.eltrabajo.cl\/portal\/wp-content\/uploads\/2014\/12\/Esval1.jpg\"><img data-recalc-dims=\"1\" loading=\"lazy\" decoding=\"async\" class=\"size-full wp-image-54061\" src=\"https:\/\/i0.wp.com\/www.eltrabajo.cl\/portal\/wp-content\/uploads\/2014\/12\/Esval1.jpg?resize=528%2C401\" alt=\"Vecinos de Poblaci\u00f3n San Alberto solicitan a Esval aclarar los \u00faltimos cobros de agua potable, facturadas en el mes de noviembre.\" width=\"528\" height=\"401\" srcset=\"https:\/\/i0.wp.com\/eltrabajo.cl\/portal\/wp-content\/uploads\/2014\/12\/Esval1.jpg?w=528&amp;ssl=1 528w, https:\/\/i0.wp.com\/eltrabajo.cl\/portal\/wp-content\/uploads\/2014\/12\/Esval1.jpg?resize=197%2C150&amp;ssl=1 197w, https:\/\/i0.wp.com\/eltrabajo.cl\/portal\/wp-content\/uploads\/2014\/12\/Esval1.jpg?resize=300%2C227&amp;ssl=1 300w, https:\/\/i0.wp.com\/eltrabajo.cl\/portal\/wp-content\/uploads\/2014\/12\/Esval1.jpg?resize=150%2C113&amp;ssl=1 150w, https:\/\/i0.wp.com\/eltrabajo.cl\/portal\/wp-content\/uploads\/2014\/12\/Esval1.jpg?resize=400%2C303&amp;ssl=1 400w\" sizes=\"auto, (max-width: 528px) 100vw, 528px\" \/><\/a><figcaption id=\"caption-attachment-54061\" class=\"wp-caption-text\">Vecinos de Poblaci\u00f3n San Alberto solicitan a Esval aclarar los \u00faltimos cobros de agua potable, facturadas en el mes de noviembre.<\/figcaption><\/figure>\n<p><strong>LOS ANDES.<\/strong>&#8211; Vecinos de Poblaci\u00f3n San Alberto, apoyados por la Agrupaci\u00f3n Ciudadana nueva ciudad, solicitan a Esval aclarar los \u00faltimos cobros de agua potable, facturadas en el mes de noviembre, y que han significado un aumento de hasta un 400% en las tarifas de consumo efectivo.<br \/>\nElizabeth Mar\u00edn, Presidente de la junta de vecinos, todo comenz\u00f3 desde que se gener\u00f3 una fuga de agua en la plazoleta del sector, y que fue puesto en antecedentes a Esval. \u00abLos marcadores centrales son responsabilidad de Esval y la mantenci\u00f3n de esta fuga a ellos les corresponde, nosotros no tenemos las herramientas para sellar estas fugas. La empresa nos respondi\u00f3 que deb\u00edamos cancelar las tarifas abultadas, hablamos de $75.000, $80.000 y $90.000 por familia, y habitualmente nuestro consumo mensual es de $5.000 a $20.000.<\/p>\n<figure id=\"attachment_54062\" aria-describedby=\"caption-attachment-54062\" style=\"width: 400px\" class=\"wp-caption alignright\"><a href=\"https:\/\/i0.wp.com\/www.eltrabajo.cl\/portal\/wp-content\/uploads\/2014\/12\/Fuga1.jpg\"><img data-recalc-dims=\"1\" loading=\"lazy\" decoding=\"async\" class=\"wp-image-54062\" src=\"https:\/\/i0.wp.com\/www.eltrabajo.cl\/portal\/wp-content\/uploads\/2014\/12\/Fuga1-300x227.jpg?resize=400%2C303\" alt=\"Los marcadores centrales son responsabilidad de Esval y la mantenci\u00f3n de esta fuga a ellos les corresponde.\" width=\"400\" height=\"303\" srcset=\"https:\/\/i0.wp.com\/eltrabajo.cl\/portal\/wp-content\/uploads\/2014\/12\/Fuga1.jpg?resize=300%2C227&amp;ssl=1 300w, https:\/\/i0.wp.com\/eltrabajo.cl\/portal\/wp-content\/uploads\/2014\/12\/Fuga1.jpg?resize=197%2C150&amp;ssl=1 197w, https:\/\/i0.wp.com\/eltrabajo.cl\/portal\/wp-content\/uploads\/2014\/12\/Fuga1.jpg?resize=150%2C113&amp;ssl=1 150w, https:\/\/i0.wp.com\/eltrabajo.cl\/portal\/wp-content\/uploads\/2014\/12\/Fuga1.jpg?resize=400%2C303&amp;ssl=1 400w, https:\/\/i0.wp.com\/eltrabajo.cl\/portal\/wp-content\/uploads\/2014\/12\/Fuga1.jpg?w=529&amp;ssl=1 529w\" sizes=\"auto, (max-width: 400px) 100vw, 400px\" \/><\/a><figcaption id=\"caption-attachment-54062\" class=\"wp-caption-text\">Los marcadores centrales son responsabilidad de Esval y la mantenci\u00f3n de esta fuga a ellos les corresponde.<\/figcaption><\/figure>\n<p>Por su parte Marcelo Merino, Presidente de Agrupaci\u00f3n Ciudadana nueva ciudad, quien apoy\u00f3 esta actividad de los vecinos, expres\u00f3 que es inaceptable, que los vecinos no sean escuchados, ellos solicitaron a la empresa realizar las mantenciones respectivas a las matrices de agua, y la aclaraci\u00f3n de este prorrateo, que no ha sido igual para todos los vecinos, ya que s\u00f3lo fue cargado a las cuentas de algunos vecinos, sin explicar el procedimiento t\u00e9cnico. Adem\u00e1s estas facturaciones no tienen relaci\u00f3n con el promedio mensual habitual del sector, trat\u00e1ndose de familias de bajos ingresos, y lamentar estos cobros abultados en un mes como diciembre, d\u00f3nde se gasta por navidad y fiestas de fin de a\u00f1o\u00bb.<br \/>\nEl dirigente ciudadano recalc\u00f3 una lamentable situaci\u00f3n, el caso de una vecina que deber\u00e1 cancelar $140.000, y s\u00f3lo recibe una pensi\u00f3n de $80.000 mensuales. Por lo mismo este mi\u00e9rcoles ya fue presentada una carta de reclamo a la Superintendencia de Servicios Sanitarios en Valpara\u00edso para que se pronuncie, y en caso de no ser escuchados, se pondr\u00e1n los antecedentes en la Comisi\u00f3n Defensora Ciudadana.<\/p>\n","protected":false},"excerpt":{"rendered":"<p>LOS ANDES.&#8211; Vecinos de Poblaci\u00f3n San Alberto, apoyados por la Agrupaci\u00f3n Ciudadana nueva ciudad, solicitan a Esval aclarar los \u00faltimos cobros de agua potable, facturadas en el mes de noviembre, y que&#8230;<\/p>\n","protected":false},"author":482,"featured_media":54061,"comment_status":"open","ping_status":"closed","sticky":false,"template":"","format":"standard","meta":{"advanced_seo_description":"","jetpack_seo_html_title":"","jetpack_seo_noindex":false,"_jetpack_memberships_contains_paid_content":false,"footnotes":""},"categories":[15],"tags":[],"class_list":["post-54060","post","type-post","status-publish","format-standard","has-post-thumbnail","hentry","category-comunidad"],"jetpack_featured_media_url":"https:\/\/i0.wp.com\/eltrabajo.cl\/portal\/wp-content\/uploads\/2014\/12\/Esval1.jpg?fit=528%2C401&ssl=1","jetpack_sharing_enabled":true,"jetpack_likes_enabled":true,"jetpack-related-posts":[],"_links":{"self":[{"href":"https:\/\/eltrabajo.cl\/portal\/wp-json\/wp\/v2\/posts\/54060","targetHints":{"allow":["GET"]}}],"collection":[{"href":"https:\/\/eltrabajo.cl\/portal\/wp-json\/wp\/v2\/posts"}],"about":[{"href":"https:\/\/eltrabajo.cl\/portal\/wp-json\/wp\/v2\/types\/post"}],"author":[{"embeddable":true,"href":"https:\/\/eltrabajo.cl\/portal\/wp-json\/wp\/v2\/users\/482"}],"replies":[{"embeddable":true,"href":"https:\/\/eltrabajo.cl\/portal\/wp-json\/wp\/v2\/comments?post=54060"}],"version-history":[{"count":0,"href":"https:\/\/eltrabajo.cl\/portal\/wp-json\/wp\/v2\/posts\/54060\/revisions"}],"wp:featuredmedia":[{"embeddable":true,"href":"https:\/\/eltrabajo.cl\/portal\/wp-json\/wp\/v2\/media\/54061"}],"wp:attachment":[{"href":"https:\/\/eltrabajo.cl\/portal\/wp-json\/wp\/v2\/media?parent=54060"}],"wp:term":[{"taxonomy":"category","embeddable":true,"href":"https:\/\/eltrabajo.cl\/portal\/wp-json\/wp\/v2\/categories?post=54060"},{"taxonomy":"post_tag","embeddable":true,"href":"https:\/\/eltrabajo.cl\/portal\/wp-json\/wp\/v2\/tags?post=54060"}],"curies":[{"name":"wp","href":"https:\/\/api.w.org\/{rel}","templated":true}]}}