{"id":54064,"date":"2014-12-11T09:20:11","date_gmt":"2014-12-11T12:20:11","guid":{"rendered":"http:\/\/www.eltrabajo.cl\/portal\/?p=54064"},"modified":"2014-12-11T09:20:11","modified_gmt":"2014-12-11T12:20:11","slug":"coristas-sanfelipenos-nuevamente-sorprenden-en-argentina","status":"publish","type":"post","link":"https:\/\/eltrabajo.cl\/portal\/coristas-sanfelipenos-nuevamente-sorprenden-en-argentina\/","title":{"rendered":"Coristas sanfelipe\u00f1os nuevamente sorprenden en Argentina"},"content":{"rendered":"<figure id=\"attachment_54065\" aria-describedby=\"caption-attachment-54065\" style=\"width: 529px\" class=\"wp-caption alignnone\"><a href=\"https:\/\/i0.wp.com\/www.eltrabajo.cl\/portal\/wp-content\/uploads\/2014\/12\/Coro2.jpg\"><img data-recalc-dims=\"1\" loading=\"lazy\" decoding=\"async\" class=\"size-full wp-image-54065\" src=\"https:\/\/i0.wp.com\/www.eltrabajo.cl\/portal\/wp-content\/uploads\/2014\/12\/Coro2.jpg?resize=529%2C328\" alt=\"Nuestros embajadores art\u00edsticos viajaron tambi\u00e9n por ciudades argentinas como C\u00f3rdoba, Mendoza, San Luis, Carlos Paz y Capilla del Monte.\" width=\"529\" height=\"328\" srcset=\"https:\/\/i0.wp.com\/eltrabajo.cl\/portal\/wp-content\/uploads\/2014\/12\/Coro2.jpg?w=529&amp;ssl=1 529w, https:\/\/i0.wp.com\/eltrabajo.cl\/portal\/wp-content\/uploads\/2014\/12\/Coro2.jpg?resize=200%2C124&amp;ssl=1 200w, https:\/\/i0.wp.com\/eltrabajo.cl\/portal\/wp-content\/uploads\/2014\/12\/Coro2.jpg?resize=300%2C186&amp;ssl=1 300w, https:\/\/i0.wp.com\/eltrabajo.cl\/portal\/wp-content\/uploads\/2014\/12\/Coro2.jpg?resize=150%2C93&amp;ssl=1 150w, https:\/\/i0.wp.com\/eltrabajo.cl\/portal\/wp-content\/uploads\/2014\/12\/Coro2.jpg?resize=400%2C248&amp;ssl=1 400w\" sizes=\"auto, (max-width: 529px) 100vw, 529px\" \/><\/a><figcaption id=\"caption-attachment-54065\" class=\"wp-caption-text\">Nuestros embajadores art\u00edsticos viajaron tambi\u00e9n por ciudades argentinas como C\u00f3rdoba, Mendoza, San Luis, Carlos Paz y Capilla del Monte.<\/figcaption><\/figure>\n<p>M\u00e1s que brillante, espectacular fue la s\u00f3lida presentaci\u00f3n que los 35 coristas del Coro Adulto Mayor San Felipe realizaron durante el 6\u00ba Encuentro coral Serrano en Capilla del Monte, C\u00f3rdoba Argentina. El encuentro internacional se desarroll\u00f3 los d\u00edas 5 y 6 de diciembre, en el mismo participaron artistas de Brasil, Argentina y chilenos.<br \/>\n\u00abFue una experiencia colosal para todos, en donde fuimos recibidos con mucho cari\u00f1o y respeto por los organizadores, p\u00fablico en general y dem\u00e1s coros participantes del congreso, tuvimos el evento principal en la Iglesia San Antonio de Padua, tambi\u00e9n pudimos actuar en el teatro principal de Capilla del Monte, con capacidad para 600 personas y estaba lleno a reventar\u00bb, coment\u00f3 el vocero de prensa del grupo coral El\u00edas Tapia a Diario El Trabajo.<br \/>\nNuestros embajadores art\u00edsticos viajaron tambi\u00e9n por ciudades argentinas como C\u00f3rdoba, Mendoza, San Luis, Carlos Paz y Capilla del Monte, en donde dejaron m\u00e1s que una alegre canci\u00f3n durante las cantatas que ejecutaron en la v\u00eda p\u00fablica del hermano pa\u00eds.<br \/>\nRoberto Gonz\u00e1lez Short<\/p>\n<div class=\"tiled-gallery type-rectangular tiled-gallery-unresized\" data-original-width=\"640\" data-carousel-extra='null' itemscope itemtype=\"http:\/\/schema.org\/ImageGallery\" > <div class=\"gallery-row\" style=\"width: 640px; height: 230px;\" data-original-width=\"640\" data-original-height=\"230\" > <div class=\"gallery-group images-1\" style=\"width: 410px; height: 230px;\" data-original-width=\"410\" data-original-height=\"230\" > <div class=\"tiled-gallery-item tiled-gallery-item-large\" itemprop=\"associatedMedia\" itemscope itemtype=\"http:\/\/schema.org\/ImageObject\"> <a href=\"https:\/\/eltrabajo.cl\/portal\/coristas-sanfelipenos-nuevamente-sorprenden-en-argentina\/coro1-4\/\" border=\"0\" itemprop=\"url\"> <meta itemprop=\"width\" content=\"406\"> <meta itemprop=\"height\" content=\"226\"> <img decoding=\"async\" class=\"\" data-attachment-id=\"54066\" data-orig-file=\"https:\/\/eltrabajo.cl\/portal\/wp-content\/uploads\/2014\/12\/Coro1.jpg\" data-orig-size=\"529,294\" data-comments-opened=\"1\" data-image-meta=\"{&quot;aperture&quot;:&quot;0&quot;,&quot;credit&quot;:&quot;&quot;,&quot;camera&quot;:&quot;&quot;,&quot;caption&quot;:&quot;&quot;,&quot;created_timestamp&quot;:&quot;0&quot;,&quot;copyright&quot;:&quot;&quot;,&quot;focal_length&quot;:&quot;0&quot;,&quot;iso&quot;:&quot;0&quot;,&quot;shutter_speed&quot;:&quot;0&quot;,&quot;title&quot;:&quot;&quot;,&quot;orientation&quot;:&quot;0&quot;}\" data-image-title=\"Coro1\" data-image-description=\"&lt;p&gt;M\u00e1s que brillante, espectacular fue la s\u00f3lida presentaci\u00f3n que los 35 coristas del Coro Adulto Mayor San Felipe realizaron durante el 6\u00ba Encuentro coral Serrano en Capilla del Monte, C\u00f3rdoba Argentina.&lt;\/p&gt; \" data-medium-file=\"https:\/\/i0.wp.com\/eltrabajo.cl\/portal\/wp-content\/uploads\/2014\/12\/Coro1.jpg?fit=300%2C166&#038;ssl=1\" data-large-file=\"https:\/\/i0.wp.com\/eltrabajo.cl\/portal\/wp-content\/uploads\/2014\/12\/Coro1.jpg?fit=529%2C294&#038;ssl=1\" src=\"https:\/\/i0.wp.com\/eltrabajo.cl\/portal\/wp-content\/uploads\/2014\/12\/Coro1.jpg?w=406&#038;h=226&#038;ssl=1\" srcset=\"https:\/\/i0.wp.com\/eltrabajo.cl\/portal\/wp-content\/uploads\/2014\/12\/Coro1.jpg?w=529&amp;ssl=1 529w, https:\/\/i0.wp.com\/eltrabajo.cl\/portal\/wp-content\/uploads\/2014\/12\/Coro1.jpg?resize=200%2C111&amp;ssl=1 200w, https:\/\/i0.wp.com\/eltrabajo.cl\/portal\/wp-content\/uploads\/2014\/12\/Coro1.jpg?resize=300%2C166&amp;ssl=1 300w, https:\/\/i0.wp.com\/eltrabajo.cl\/portal\/wp-content\/uploads\/2014\/12\/Coro1.jpg?resize=150%2C83&amp;ssl=1 150w, https:\/\/i0.wp.com\/eltrabajo.cl\/portal\/wp-content\/uploads\/2014\/12\/Coro1.jpg?resize=400%2C222&amp;ssl=1 400w\" width=\"406\" height=\"226\" loading=\"lazy\" data-original-width=\"406\" data-original-height=\"226\" itemprop=\"http:\/\/schema.org\/image\" title=\"Coro1\" alt=\"M\u00e1s que brillante, espectacular fue la s\u00f3lida presentaci\u00f3n que los 35 coristas del Coro Adulto Mayor San Felipe realizaron durante el 6\u00ba Encuentro coral Serrano en Capilla del Monte, C\u00f3rdoba Argentina.\" style=\"width: 406px; height: 226px;\" \/> <\/a> <div class=\"tiled-gallery-caption\" itemprop=\"caption description\"> M\u00e1s que brillante, espectacular fue la s\u00f3lida presentaci\u00f3n que los 35 coristas del Coro Adulto Mayor San Felipe realizaron durante el 6\u00ba Encuentro coral Serrano en Capilla del Monte, C\u00f3rdoba Argentina. <\/div> <\/div> <\/div> <!-- close group --> <div class=\"gallery-group images-1\" style=\"width: 230px; height: 230px;\" data-original-width=\"230\" data-original-height=\"230\" > <div class=\"tiled-gallery-item tiled-gallery-item-small\" itemprop=\"associatedMedia\" itemscope itemtype=\"http:\/\/schema.org\/ImageObject\"> <a href=\"https:\/\/eltrabajo.cl\/portal\/coristas-sanfelipenos-nuevamente-sorprenden-en-argentina\/elias-tapia\/\" border=\"0\" itemprop=\"url\"> <meta itemprop=\"width\" content=\"226\"> <meta itemprop=\"height\" content=\"226\"> <img decoding=\"async\" class=\"\" data-attachment-id=\"54067\" data-orig-file=\"https:\/\/eltrabajo.cl\/portal\/wp-content\/uploads\/2014\/12\/Elias-Tapia.jpg\" data-orig-size=\"529,528\" data-comments-opened=\"1\" data-image-meta=\"{&quot;aperture&quot;:&quot;0&quot;,&quot;credit&quot;:&quot;&quot;,&quot;camera&quot;:&quot;&quot;,&quot;caption&quot;:&quot;&quot;,&quot;created_timestamp&quot;:&quot;0&quot;,&quot;copyright&quot;:&quot;&quot;,&quot;focal_length&quot;:&quot;0&quot;,&quot;iso&quot;:&quot;0&quot;,&quot;shutter_speed&quot;:&quot;0&quot;,&quot;title&quot;:&quot;&quot;,&quot;orientation&quot;:&quot;0&quot;}\" data-image-title=\"Elias Tapia\" data-image-description=\"&lt;p&gt;Vocero de prensa del Coro Adulto Mayor San Felipe, El\u00edas Tapia Guerrero.&lt;\/p&gt; \" data-medium-file=\"https:\/\/i0.wp.com\/eltrabajo.cl\/portal\/wp-content\/uploads\/2014\/12\/Elias-Tapia.jpg?fit=300%2C300&#038;ssl=1\" data-large-file=\"https:\/\/i0.wp.com\/eltrabajo.cl\/portal\/wp-content\/uploads\/2014\/12\/Elias-Tapia.jpg?fit=529%2C528&#038;ssl=1\" src=\"https:\/\/i0.wp.com\/eltrabajo.cl\/portal\/wp-content\/uploads\/2014\/12\/Elias-Tapia.jpg?w=226&#038;h=226&#038;crop=1&#038;ssl=1\" srcset=\"https:\/\/i0.wp.com\/eltrabajo.cl\/portal\/wp-content\/uploads\/2014\/12\/Elias-Tapia.jpg?w=529&amp;ssl=1 529w, https:\/\/i0.wp.com\/eltrabajo.cl\/portal\/wp-content\/uploads\/2014\/12\/Elias-Tapia.jpg?resize=150%2C150&amp;ssl=1 150w, https:\/\/i0.wp.com\/eltrabajo.cl\/portal\/wp-content\/uploads\/2014\/12\/Elias-Tapia.jpg?resize=300%2C300&amp;ssl=1 300w, https:\/\/i0.wp.com\/eltrabajo.cl\/portal\/wp-content\/uploads\/2014\/12\/Elias-Tapia.jpg?resize=400%2C399&amp;ssl=1 400w\" width=\"226\" height=\"226\" loading=\"lazy\" data-original-width=\"226\" data-original-height=\"226\" itemprop=\"http:\/\/schema.org\/image\" title=\"Elias Tapia\" alt=\"Vocero de prensa del Coro Adulto Mayor San Felipe, El\u00edas Tapia Guerrero.\" style=\"width: 226px; height: 226px;\" \/> <\/a> <div class=\"tiled-gallery-caption\" itemprop=\"caption description\"> Vocero de prensa del Coro Adulto Mayor San Felipe, El\u00edas Tapia Guerrero. <\/div> <\/div> <\/div> <!-- close group --> <\/div> <!-- close row --> <\/div>\n","protected":false},"excerpt":{"rendered":"<p>M\u00e1s que brillante, espectacular fue la s\u00f3lida presentaci\u00f3n que los 35 coristas del Coro Adulto Mayor San Felipe realizaron durante el 6\u00ba Encuentro coral Serrano en Capilla del Monte, C\u00f3rdoba Argentina. El&#8230;<\/p>\n","protected":false},"author":482,"featured_media":54065,"comment_status":"open","ping_status":"closed","sticky":false,"template":"","format":"standard","meta":{"advanced_seo_description":"","jetpack_seo_html_title":"","jetpack_seo_noindex":false,"_jetpack_memberships_contains_paid_content":false,"footnotes":""},"categories":[15],"tags":[],"class_list":["post-54064","post","type-post","status-publish","format-standard","has-post-thumbnail","hentry","category-comunidad"],"jetpack_featured_media_url":"https:\/\/i0.wp.com\/eltrabajo.cl\/portal\/wp-content\/uploads\/2014\/12\/Coro2.jpg?fit=529%2C328&ssl=1","jetpack_sharing_enabled":true,"jetpack_likes_enabled":true,"jetpack-related-posts":[],"_links":{"self":[{"href":"https:\/\/eltrabajo.cl\/portal\/wp-json\/wp\/v2\/posts\/54064","targetHints":{"allow":["GET"]}}],"collection":[{"href":"https:\/\/eltrabajo.cl\/portal\/wp-json\/wp\/v2\/posts"}],"about":[{"href":"https:\/\/eltrabajo.cl\/portal\/wp-json\/wp\/v2\/types\/post"}],"author":[{"embeddable":true,"href":"https:\/\/eltrabajo.cl\/portal\/wp-json\/wp\/v2\/users\/482"}],"replies":[{"embeddable":true,"href":"https:\/\/eltrabajo.cl\/portal\/wp-json\/wp\/v2\/comments?post=54064"}],"version-history":[{"count":0,"href":"https:\/\/eltrabajo.cl\/portal\/wp-json\/wp\/v2\/posts\/54064\/revisions"}],"wp:featuredmedia":[{"embeddable":true,"href":"https:\/\/eltrabajo.cl\/portal\/wp-json\/wp\/v2\/media\/54065"}],"wp:attachment":[{"href":"https:\/\/eltrabajo.cl\/portal\/wp-json\/wp\/v2\/media?parent=54064"}],"wp:term":[{"taxonomy":"category","embeddable":true,"href":"https:\/\/eltrabajo.cl\/portal\/wp-json\/wp\/v2\/categories?post=54064"},{"taxonomy":"post_tag","embeddable":true,"href":"https:\/\/eltrabajo.cl\/portal\/wp-json\/wp\/v2\/tags?post=54064"}],"curies":[{"name":"wp","href":"https:\/\/api.w.org\/{rel}","templated":true}]}}