{"id":54069,"date":"2014-12-11T09:21:16","date_gmt":"2014-12-11T12:21:16","guid":{"rendered":"http:\/\/www.eltrabajo.cl\/portal\/?p=54069"},"modified":"2014-12-11T09:21:16","modified_gmt":"2014-12-11T12:21:16","slug":"santa-filomena-mejora-su-entorno-con-nuevas-veredas","status":"publish","type":"post","link":"https:\/\/eltrabajo.cl\/portal\/santa-filomena-mejora-su-entorno-con-nuevas-veredas\/","title":{"rendered":"Santa Filomena mejora su entorno con nuevas veredas"},"content":{"rendered":"<figure id=\"attachment_54070\" aria-describedby=\"caption-attachment-54070\" style=\"width: 529px\" class=\"wp-caption alignnone\"><a href=\"https:\/\/i0.wp.com\/www.eltrabajo.cl\/portal\/wp-content\/uploads\/2014\/12\/Fril1.jpg\"><img data-recalc-dims=\"1\" loading=\"lazy\" decoding=\"async\" class=\"size-full wp-image-54070\" src=\"https:\/\/i0.wp.com\/www.eltrabajo.cl\/portal\/wp-content\/uploads\/2014\/12\/Fril1.jpg?resize=529%2C360\" alt=\"La ceremonia cont\u00f3 con la presencia del Alcalde Claudio Zurita Ibarra, el Gobernador de San Felipe Eduardo Le\u00f3n, los consejeros regionales Mario Sottolichio e Iv\u00e1n Reyes.\" width=\"529\" height=\"360\" srcset=\"https:\/\/i0.wp.com\/eltrabajo.cl\/portal\/wp-content\/uploads\/2014\/12\/Fril1.jpg?w=529&amp;ssl=1 529w, https:\/\/i0.wp.com\/eltrabajo.cl\/portal\/wp-content\/uploads\/2014\/12\/Fril1.jpg?resize=200%2C136&amp;ssl=1 200w, https:\/\/i0.wp.com\/eltrabajo.cl\/portal\/wp-content\/uploads\/2014\/12\/Fril1.jpg?resize=300%2C204&amp;ssl=1 300w, https:\/\/i0.wp.com\/eltrabajo.cl\/portal\/wp-content\/uploads\/2014\/12\/Fril1.jpg?resize=150%2C102&amp;ssl=1 150w, https:\/\/i0.wp.com\/eltrabajo.cl\/portal\/wp-content\/uploads\/2014\/12\/Fril1.jpg?resize=400%2C272&amp;ssl=1 400w\" sizes=\"auto, (max-width: 529px) 100vw, 529px\" \/><\/a><figcaption id=\"caption-attachment-54070\" class=\"wp-caption-text\">La ceremonia cont\u00f3 con la presencia del Alcalde Claudio Zurita Ibarra, el Gobernador de San Felipe Eduardo Le\u00f3n, los consejeros regionales Mario Sottolichio e Iv\u00e1n Reyes.<\/figcaption><\/figure>\n<p><strong>SANTA MAR\u00cdA.<\/strong>&#8211; Con la inauguraci\u00f3n de 504 metros de veredas construidas en el sector de Santa Filomena, por un valor de $12.763.000, la Municipalidad de Santa Mar\u00eda contin\u00faa con la entrega a la comunidad de proyectos para el a\u00f1o 2014, financiados por el Fondo Regional de Inversi\u00f3n Local (Fril).<br \/>\nA trav\u00e9s de la construcci\u00f3n de veredas en un importante tramo de la localidad, en donde se ubica la Escuela David del Curto y Jard\u00edn infantil campanitas de Jahuel, se mejorar\u00e1 la fluidez en el tr\u00e1nsito de peatones, la accesibilidad y de paso, contribuir\u00e1 a cambiar la imagen de este sector de Santa Mar\u00eda.<br \/>\nEl Alcalde Claudio Zurita destac\u00f3 las obras realizadas y las que se encuentran en ejecuci\u00f3n, \u00ablas cuales reafirman la confianza en el Fondo Regional de Inversi\u00f3n Local, que invertir\u00e1 cerca de $124 millones para cambiarle el rostro a la comuna.<br \/>\n\u00abEste sector requer\u00eda de una importante inversi\u00f3n para que sus habitantes disfruten de mejores condiciones de vida y puedan hacer frente a la gran cantidad de peregrinos y visitantes que recibe cada a\u00f1o, con ocasi\u00f3n de sus fiestas religiosas y eventos. La celebraci\u00f3n de Santa Filomena es una festividad religiosa tradicional que ha llegado a congregar a m\u00e1s de 10.000 peregrinos, constituy\u00e9ndose junto con Auco, en uno de los templos religiosos m\u00e1s importantes del Valle Aconcagua y la Quinta Regi\u00f3n. En la \u00faltima Feria del Olivo tuvimos m\u00e1s de 5.000 visitas, por lo que la localidad debe estar preparada\u00bb, expres\u00f3 el edil.<br \/>\nSanta Filomena alberga a cerca de 1.000 habitantes, quienes en un par de meses han visto avances en su localidad, luego de la restauraci\u00f3n del templo con una inversi\u00f3n de m\u00e1s de $1.200 millones, la pavimentaci\u00f3n de m\u00e1s de 500 metros lineales de nuevas veredas, la pr\u00f3xima entrega de una nueva sala y mejoramiento de techo en Jard\u00edn infantil campanitas de Jahuel, que permitir\u00e1 un aumento de cobertura y la reposici\u00f3n de la multi-cancha, esta \u00faltima a la espera de financiamiento.<\/p>\n","protected":false},"excerpt":{"rendered":"<p>SANTA MAR\u00cdA.&#8211; Con la inauguraci\u00f3n de 504 metros de veredas construidas en el sector de Santa Filomena, por un valor de $12.763.000, la Municipalidad de Santa Mar\u00eda contin\u00faa con la entrega a&#8230;<\/p>\n","protected":false},"author":482,"featured_media":54070,"comment_status":"open","ping_status":"closed","sticky":false,"template":"","format":"standard","meta":{"advanced_seo_description":"","jetpack_seo_html_title":"","jetpack_seo_noindex":false,"_jetpack_memberships_contains_paid_content":false,"footnotes":""},"categories":[15],"tags":[],"class_list":["post-54069","post","type-post","status-publish","format-standard","has-post-thumbnail","hentry","category-comunidad"],"jetpack_featured_media_url":"https:\/\/i0.wp.com\/eltrabajo.cl\/portal\/wp-content\/uploads\/2014\/12\/Fril1.jpg?fit=529%2C360&ssl=1","jetpack_sharing_enabled":true,"jetpack_likes_enabled":true,"jetpack-related-posts":[],"_links":{"self":[{"href":"https:\/\/eltrabajo.cl\/portal\/wp-json\/wp\/v2\/posts\/54069","targetHints":{"allow":["GET"]}}],"collection":[{"href":"https:\/\/eltrabajo.cl\/portal\/wp-json\/wp\/v2\/posts"}],"about":[{"href":"https:\/\/eltrabajo.cl\/portal\/wp-json\/wp\/v2\/types\/post"}],"author":[{"embeddable":true,"href":"https:\/\/eltrabajo.cl\/portal\/wp-json\/wp\/v2\/users\/482"}],"replies":[{"embeddable":true,"href":"https:\/\/eltrabajo.cl\/portal\/wp-json\/wp\/v2\/comments?post=54069"}],"version-history":[{"count":0,"href":"https:\/\/eltrabajo.cl\/portal\/wp-json\/wp\/v2\/posts\/54069\/revisions"}],"wp:featuredmedia":[{"embeddable":true,"href":"https:\/\/eltrabajo.cl\/portal\/wp-json\/wp\/v2\/media\/54070"}],"wp:attachment":[{"href":"https:\/\/eltrabajo.cl\/portal\/wp-json\/wp\/v2\/media?parent=54069"}],"wp:term":[{"taxonomy":"category","embeddable":true,"href":"https:\/\/eltrabajo.cl\/portal\/wp-json\/wp\/v2\/categories?post=54069"},{"taxonomy":"post_tag","embeddable":true,"href":"https:\/\/eltrabajo.cl\/portal\/wp-json\/wp\/v2\/tags?post=54069"}],"curies":[{"name":"wp","href":"https:\/\/api.w.org\/{rel}","templated":true}]}}