{"id":54084,"date":"2014-12-11T09:29:31","date_gmt":"2014-12-11T12:29:31","guid":{"rendered":"http:\/\/www.eltrabajo.cl\/portal\/?p=54084"},"modified":"2014-12-11T09:29:31","modified_gmt":"2014-12-11T12:29:31","slug":"el-rambo-sigue-sin-aparecer-tras-casi-un-mes-perdido-en-las-calles","status":"publish","type":"post","link":"https:\/\/eltrabajo.cl\/portal\/el-rambo-sigue-sin-aparecer-tras-casi-un-mes-perdido-en-las-calles\/","title":{"rendered":"\u2018El Rambo\u2019 sigue sin aparecer tras casi un mes perdido en las calles"},"content":{"rendered":"<figure id=\"attachment_54085\" aria-describedby=\"caption-attachment-54085\" style=\"width: 300px\" class=\"wp-caption alignleft\"><a href=\"https:\/\/i0.wp.com\/www.eltrabajo.cl\/portal\/wp-content\/uploads\/2014\/12\/Tolo-desaparecido.jpg\"><img data-recalc-dims=\"1\" loading=\"lazy\" decoding=\"async\" class=\"wp-image-54085 size-medium\" src=\"https:\/\/i0.wp.com\/www.eltrabajo.cl\/portal\/wp-content\/uploads\/2014\/12\/Tolo-desaparecido-300x223.jpg?resize=300%2C223\" alt=\"Adolfo P\u00e9rez Igor conocido por los vecinos de Llay Llay como \u2018El Tolo\u2019 y \u2018El Rambo\u2019, desapareci\u00f3 el 20 de noviembre sin dejar rastros de su paradero.  \" width=\"300\" height=\"223\" srcset=\"https:\/\/i0.wp.com\/eltrabajo.cl\/portal\/wp-content\/uploads\/2014\/12\/Tolo-desaparecido.jpg?resize=300%2C223&amp;ssl=1 300w, https:\/\/i0.wp.com\/eltrabajo.cl\/portal\/wp-content\/uploads\/2014\/12\/Tolo-desaparecido.jpg?resize=200%2C148&amp;ssl=1 200w, https:\/\/i0.wp.com\/eltrabajo.cl\/portal\/wp-content\/uploads\/2014\/12\/Tolo-desaparecido.jpg?resize=150%2C111&amp;ssl=1 150w, https:\/\/i0.wp.com\/eltrabajo.cl\/portal\/wp-content\/uploads\/2014\/12\/Tolo-desaparecido.jpg?resize=400%2C297&amp;ssl=1 400w, https:\/\/i0.wp.com\/eltrabajo.cl\/portal\/wp-content\/uploads\/2014\/12\/Tolo-desaparecido.jpg?w=528&amp;ssl=1 528w\" sizes=\"auto, (max-width: 300px) 100vw, 300px\" \/><\/a><figcaption id=\"caption-attachment-54085\" class=\"wp-caption-text\">Adolfo P\u00e9rez Igor conocido por los vecinos de Llay Llay como \u2018El Tolo\u2019 y \u2018El Rambo\u2019, desapareci\u00f3 el 20 de noviembre sin dejar rastros de su paradero.<\/figcaption><\/figure>\n<p>Han transcurrido 22 d\u00edas desde que Adolfo Joaqu\u00edn P\u00e9rez Igor, conocido en la comuna de Llay Llay como \u2018El Tolo\u2019 o \u2018El Rambo\u2019, desapareci\u00f3 sin dejar rastros de su paradero. Sus familiares han agotado todas las instancias en su b\u00fasqueda debido a que este hombre de 37 a\u00f1os padece de un severo cuadro de esquizofrenia que debe ser tratada y medicamentada.<br \/>\nAdolfo antes de su desaparici\u00f3n, se encontraba viviendo en casa de su madre ubicada en calle Hugo Fuentes S\u00e1nchez de Villa Renacer en Llay Llay, pero durante sus crisis mentales, decidi\u00f3 escapar para vivir s\u00f3lo en una casa abandonada ubicada en Avenida Las Palmas con Manuel Rodr\u00edguez, a un costado de la l\u00ednea f\u00e9rrea perteneciente a Villa Juan Cort\u00e9s en la misma comuna.<br \/>\nLa madre de Adolfo y sus hermanos lo convenc\u00edan para que concurriera a retomar su tratamiento m\u00e9dico que estaba recibiendo en el Centro de Salud Familiar (Cesfam) de esa localidad, con el objetivo que pudiese controlar sus impulsos de deambular por las calles y vivir de la caridad de los vecinos.<br \/>\nSin embargo frente a la actual circunstancia de su desaparici\u00f3n, la familia de Adolfo acusa de una negligencia y total despreocupaci\u00f3n por la salud mental de este paciente, ya que seg\u00fan manifiestan, en reiteradas ocasiones hasta el mes de octubre concurrieron hasta ese centro hospitalario para exponer el caso a dos asistentes sociales con la finalidad que el afectado pudiese recibir un tratamiento m\u00e9dico de mayor complejidad en el Hospital Psiqui\u00e1trico de Putaendo, con internaci\u00f3n provisoria.<br \/>\n\u201cYo en reiteradas oportunidades le dije que mi hermano es esquizofr\u00e9nico y se pierde, yo le dije \u2018ni Dios lo quiera le llegue a pasar una desgracia, y \u00bfqu\u00e9 paso?, ahora se ven los resultados. Un d\u00eda domingo lo llevamos a Urgencias y la doctora que estaba de turno dijo que mi hermano no estaba apto para ser trasladado al Psiqui\u00e1trico de Putaendo, porque sus crisis eran tratables\u201d, indic\u00f3 a Diario El Trabajo Patricio P\u00e9rez, hermano mayor de Adolfo.<br \/>\nLa familia se encontraba a brazos cruzados a la espera de una respuesta de los profesionales de la salud que emitieran un informe m\u00e9dico y social que revirtiera la actual situaci\u00f3n de calle que Adolfo decidi\u00f3 para vivir hace tres meses, lejos de sus familiares quienes hoy lamentan su desafortunada desaparici\u00f3n.<br \/>\n\u201cA veces se descontrolaba pero yo iba a verlo a esa casa vieja, le llevaba comida y ropa. El Cesfam neg\u00f3 toda la ayuda que nosotros necesit\u00e1bamos, hab\u00eda que sacarlo de ese lugar porque \u00e9l est\u00e1 mal, no est\u00e1 apto para que est\u00e9 viviendo solo, pero obten\u00edamos como respuesta que no hab\u00edan camas ni ambulancias\u201d, acus\u00f3 Patricio P\u00e9rez.<br \/>\nEl pasado 20 de noviembre, \u2018El Tolo\u2019 no fue visto en las calles y los vecinos que le daban labores peque\u00f1as como cortar el pasto o simplemente hacer el aseo, comenzaron a extra\u00f1arlo cuando en su vida cotidiana golpeaba alguna puerta simplemente para pedir un plato de comida o algo de dinero.<br \/>\nSus familiares que lo visitaban en su refugio, ya no lo encontraron en ese lugar y comenzaron a buscarlo por todos los rincones de Llay Llay, sin obtener pistas de su paradero, presumiendo alg\u00fan tipo de desgracia.<br \/>\nEl 25 de noviembre su hermano mayor, Patricio, interpuso una denuncia por su desaparici\u00f3n en la Subcomisar\u00eda de Carabineros de esa comuna por lo que se procedi\u00f3 oficialmente a su b\u00fasqueda por la Polic\u00eda. \u201c\u00c9l es una persona muy tranquila, tiene la mentalidad de ni\u00f1o, no le hace mal a nadie, es muy querido y conocido por la comunidad\u201d, destac\u00f3 el hermano.<br \/>\nPasaron diez d\u00edas y los familiares de Adolfo pensaban en lo peor, su fotograf\u00eda comenz\u00f3 a difundirse por las redes sociales, obteniendo una posible pista de su paradero en la ciudad de Valpara\u00edso, lugar hasta donde se traslad\u00f3 Patricio, moviliz\u00e1ndose por las calles, preguntando a los transe\u00fantes si lo hab\u00edan visto, llegando incluso hasta el Servicio M\u00e9dico Legal adelantando una posible tragedia.<br \/>\n\u201cLo estuve buscando dos d\u00edas en Vi\u00f1a, Valpara\u00edso y Con Con, he vuelto nuevamente a esos lugares preguntando en el Servicio M\u00e9dico Legal, en la Polic\u00eda de Investigaciones lo he buscado hasta por debajo de los puentes, en los bosques. En Facebook recib\u00ed un mensaje donde al parecer una persona lo habr\u00eda visto en el sector de Placilla en Valpara\u00edso, pero lamentablemente no he logrado encontrarlo\u201d, dice Patricio.<br \/>\nLos d\u00edas y las horas van pasando y los familiares de Adolfo P\u00e9rez siguen devastados, acusan que las labores de b\u00fasqueda por las autoridades pertinentes han sido escasas. En todas las ciudades y lugares visitados por los integrantes de la familia van pegando un afiche con su foto y tel\u00e9fonos de contacto para obtener alg\u00fan tipo de informaci\u00f3n sobre \u2018El Tolo\u2019.<br \/>\nDesafortunadamente los primeros rumores de algunos usuarios en Internet divulgaron la presunta muerte de Adolfo P\u00e9rez Igor, situaci\u00f3n que afect\u00f3 a sus familiares cuando recib\u00edan este tipo de mensajes inescrupulosos. El desesperado llamado es a la comunidad a proporcionar cualquier informaci\u00f3n que pudiese dar con su ubicaci\u00f3n al tel\u00e9fono 8452 9185.<br \/>\nPablo Salinas Sald\u00edas<\/p>\n","protected":false},"excerpt":{"rendered":"<p>Han transcurrido 22 d\u00edas desde que Adolfo Joaqu\u00edn P\u00e9rez Igor, conocido en la comuna de Llay Llay como \u2018El Tolo\u2019 o \u2018El Rambo\u2019, desapareci\u00f3 sin dejar rastros de su paradero. Sus familiares&#8230;<\/p>\n","protected":false},"author":482,"featured_media":54085,"comment_status":"open","ping_status":"closed","sticky":false,"template":"","format":"standard","meta":{"advanced_seo_description":"","jetpack_seo_html_title":"","jetpack_seo_noindex":false,"_jetpack_memberships_contains_paid_content":false,"footnotes":""},"categories":[21],"tags":[],"class_list":["post-54084","post","type-post","status-publish","format-standard","has-post-thumbnail","hentry","category-policial"],"jetpack_featured_media_url":"https:\/\/i0.wp.com\/eltrabajo.cl\/portal\/wp-content\/uploads\/2014\/12\/Tolo-desaparecido.jpg?fit=528%2C393&ssl=1","jetpack_sharing_enabled":true,"jetpack_likes_enabled":true,"jetpack-related-posts":[],"_links":{"self":[{"href":"https:\/\/eltrabajo.cl\/portal\/wp-json\/wp\/v2\/posts\/54084","targetHints":{"allow":["GET"]}}],"collection":[{"href":"https:\/\/eltrabajo.cl\/portal\/wp-json\/wp\/v2\/posts"}],"about":[{"href":"https:\/\/eltrabajo.cl\/portal\/wp-json\/wp\/v2\/types\/post"}],"author":[{"embeddable":true,"href":"https:\/\/eltrabajo.cl\/portal\/wp-json\/wp\/v2\/users\/482"}],"replies":[{"embeddable":true,"href":"https:\/\/eltrabajo.cl\/portal\/wp-json\/wp\/v2\/comments?post=54084"}],"version-history":[{"count":0,"href":"https:\/\/eltrabajo.cl\/portal\/wp-json\/wp\/v2\/posts\/54084\/revisions"}],"wp:featuredmedia":[{"embeddable":true,"href":"https:\/\/eltrabajo.cl\/portal\/wp-json\/wp\/v2\/media\/54085"}],"wp:attachment":[{"href":"https:\/\/eltrabajo.cl\/portal\/wp-json\/wp\/v2\/media?parent=54084"}],"wp:term":[{"taxonomy":"category","embeddable":true,"href":"https:\/\/eltrabajo.cl\/portal\/wp-json\/wp\/v2\/categories?post=54084"},{"taxonomy":"post_tag","embeddable":true,"href":"https:\/\/eltrabajo.cl\/portal\/wp-json\/wp\/v2\/tags?post=54084"}],"curies":[{"name":"wp","href":"https:\/\/api.w.org\/{rel}","templated":true}]}}