{"id":54087,"date":"2014-12-11T09:30:27","date_gmt":"2014-12-11T12:30:27","guid":{"rendered":"http:\/\/www.eltrabajo.cl\/portal\/?p=54087"},"modified":"2014-12-11T09:30:27","modified_gmt":"2014-12-11T12:30:27","slug":"anciano-acusado-de-abusar-sexualmente-de-escolar-de-11-anos","status":"publish","type":"post","link":"https:\/\/eltrabajo.cl\/portal\/anciano-acusado-de-abusar-sexualmente-de-escolar-de-11-anos\/","title":{"rendered":"Anciano acusado de abusar sexualmente de escolar de 11 a\u00f1os"},"content":{"rendered":"<figure id=\"attachment_54088\" aria-describedby=\"caption-attachment-54088\" style=\"width: 300px\" class=\"wp-caption alignleft\"><a href=\"https:\/\/i0.wp.com\/www.eltrabajo.cl\/portal\/wp-content\/uploads\/2014\/12\/Abusador1.jpg\"><img data-recalc-dims=\"1\" loading=\"lazy\" decoding=\"async\" class=\"wp-image-54088 size-medium\" src=\"https:\/\/i0.wp.com\/www.eltrabajo.cl\/portal\/wp-content\/uploads\/2014\/12\/Abusador1-300x231.jpg?resize=300%2C231\" alt=\"A pesar de la gravedad del delito y existiendo s\u00f3lo la declaraci\u00f3n de la v\u00edctima, el anciano qued\u00f3 en libertad pero con las medidas cautelares de Arraigo Nacional, Firma Mensual y Prohibici\u00f3n de acercarse a la menor.\" width=\"300\" height=\"231\" srcset=\"https:\/\/i0.wp.com\/eltrabajo.cl\/portal\/wp-content\/uploads\/2014\/12\/Abusador1.jpg?resize=300%2C231&amp;ssl=1 300w, https:\/\/i0.wp.com\/eltrabajo.cl\/portal\/wp-content\/uploads\/2014\/12\/Abusador1.jpg?resize=194%2C150&amp;ssl=1 194w, https:\/\/i0.wp.com\/eltrabajo.cl\/portal\/wp-content\/uploads\/2014\/12\/Abusador1.jpg?resize=150%2C115&amp;ssl=1 150w, https:\/\/i0.wp.com\/eltrabajo.cl\/portal\/wp-content\/uploads\/2014\/12\/Abusador1.jpg?resize=400%2C309&amp;ssl=1 400w, https:\/\/i0.wp.com\/eltrabajo.cl\/portal\/wp-content\/uploads\/2014\/12\/Abusador1.jpg?w=529&amp;ssl=1 529w\" sizes=\"auto, (max-width: 300px) 100vw, 300px\" \/><\/a><figcaption id=\"caption-attachment-54088\" class=\"wp-caption-text\">A pesar de la gravedad del delito y existiendo s\u00f3lo la declaraci\u00f3n de la v\u00edctima, el anciano qued\u00f3 en libertad pero con las medidas cautelares de Arraigo Nacional, Firma Mensual y Prohibici\u00f3n de acercarse a la menor.<\/figcaption><\/figure>\n<p><strong>SAN ESTEBAN<\/strong>.- Un anciano, quien se desempe\u00f1a como guardia en un predio del sector Cari\u00f1o Botado en San Esteban, identificado con las iniciales V.M.I.U. (70), fue acusado de cometer presuntos abusos sexuales en contra de una escolar de once a\u00f1os. El hecho ocurri\u00f3 la semana pasada cuando la ni\u00f1a fue acompa\u00f1ada por una hermana mayor hasta un paradero del sector a fin de tomar micro para dirigirse a su colegio.<br \/>\nEn esas circunstancias se acerc\u00f3 hasta ellas una anciana que le pidi\u00f3 a la hermana mayor ayudarla con unas bolsas para ingresar a Termas del coraz\u00f3n. La mujer decidi\u00f3 ayudar a la anciana, dejando a su hermana menor en la caseta de un guardia de seguridad del sector.<br \/>\nEn primera instancia el guardia le ofreci\u00f3 agua a la ni\u00f1a, a lo cual la menor acept\u00f3 dirigi\u00e9ndose a un ba\u00f1o. En esos instante el anciano se le acerc\u00f3 y le realiz\u00f3 por la fuerza tocaciones en sus partes \u00edntimas, adem\u00e1s de darle besos en diferentes partes del cuerpo.<br \/>\nLa menor logr\u00f3 zafarse y huy\u00f3 a su domicilio, en donde esper\u00f3 la llegada de sus padres a quienes relat\u00f3 la traum\u00e1tica experiencia. Los progenitores se dirigieron hasta la Tenencia de Carabineros de San Esteban, en donde realizaron la denuncia correspondiente. El personal policial se dirigi\u00f3 raudamente hasta el sector del Cari\u00f1o Botado, en donde ubicaron al anciano y lo detuvieron por encontrarse el delito dentro de los plazos de flagrancia.<br \/>\nEl hombre fue puesto a disposici\u00f3n del Tribunal de Garant\u00eda de Los Andes, siendo formalizado por el delito de Abuso Sexual Impropio.<br \/>\nA pesar de la gravedad del delito y existiendo s\u00f3lo la declaraci\u00f3n de la v\u00edctima, el anciano qued\u00f3 en libertad pero con las medidas cautelares de Arraigo Nacional, Firma Mensual en el Ministerio P\u00fablico y Prohibici\u00f3n de acercarse a la menor, fij\u00e1ndose un plazo de cierre judicial de la investigaci\u00f3n de cuatro meses.<\/p>\n","protected":false},"excerpt":{"rendered":"<p>SAN ESTEBAN.- Un anciano, quien se desempe\u00f1a como guardia en un predio del sector Cari\u00f1o Botado en San Esteban, identificado con las iniciales V.M.I.U. (70), fue acusado de cometer presuntos abusos sexuales&#8230;<\/p>\n","protected":false},"author":482,"featured_media":54088,"comment_status":"open","ping_status":"closed","sticky":false,"template":"","format":"standard","meta":{"advanced_seo_description":"","jetpack_seo_html_title":"","jetpack_seo_noindex":false,"_jetpack_memberships_contains_paid_content":false,"footnotes":""},"categories":[21],"tags":[],"class_list":["post-54087","post","type-post","status-publish","format-standard","has-post-thumbnail","hentry","category-policial"],"jetpack_featured_media_url":"https:\/\/i0.wp.com\/eltrabajo.cl\/portal\/wp-content\/uploads\/2014\/12\/Abusador1.jpg?fit=529%2C409&ssl=1","jetpack_sharing_enabled":true,"jetpack_likes_enabled":true,"jetpack-related-posts":[],"_links":{"self":[{"href":"https:\/\/eltrabajo.cl\/portal\/wp-json\/wp\/v2\/posts\/54087","targetHints":{"allow":["GET"]}}],"collection":[{"href":"https:\/\/eltrabajo.cl\/portal\/wp-json\/wp\/v2\/posts"}],"about":[{"href":"https:\/\/eltrabajo.cl\/portal\/wp-json\/wp\/v2\/types\/post"}],"author":[{"embeddable":true,"href":"https:\/\/eltrabajo.cl\/portal\/wp-json\/wp\/v2\/users\/482"}],"replies":[{"embeddable":true,"href":"https:\/\/eltrabajo.cl\/portal\/wp-json\/wp\/v2\/comments?post=54087"}],"version-history":[{"count":0,"href":"https:\/\/eltrabajo.cl\/portal\/wp-json\/wp\/v2\/posts\/54087\/revisions"}],"wp:featuredmedia":[{"embeddable":true,"href":"https:\/\/eltrabajo.cl\/portal\/wp-json\/wp\/v2\/media\/54088"}],"wp:attachment":[{"href":"https:\/\/eltrabajo.cl\/portal\/wp-json\/wp\/v2\/media?parent=54087"}],"wp:term":[{"taxonomy":"category","embeddable":true,"href":"https:\/\/eltrabajo.cl\/portal\/wp-json\/wp\/v2\/categories?post=54087"},{"taxonomy":"post_tag","embeddable":true,"href":"https:\/\/eltrabajo.cl\/portal\/wp-json\/wp\/v2\/tags?post=54087"}],"curies":[{"name":"wp","href":"https:\/\/api.w.org\/{rel}","templated":true}]}}