{"id":54093,"date":"2014-12-12T09:06:01","date_gmt":"2014-12-12T12:06:01","guid":{"rendered":"http:\/\/www.eltrabajo.cl\/portal\/?p=54093"},"modified":"2014-12-12T09:06:01","modified_gmt":"2014-12-12T12:06:01","slug":"cierre-de-talleres-de-intercambio-de-saberes-en-el-asiento","status":"publish","type":"post","link":"https:\/\/eltrabajo.cl\/portal\/cierre-de-talleres-de-intercambio-de-saberes-en-el-asiento\/","title":{"rendered":"Cierre de Talleres de Intercambio de Saberes en El Asiento"},"content":{"rendered":"<figure id=\"attachment_54094\" aria-describedby=\"caption-attachment-54094\" style=\"width: 528px\" class=\"wp-caption alignnone\"><a href=\"https:\/\/i0.wp.com\/www.eltrabajo.cl\/portal\/wp-content\/uploads\/2014\/12\/Asiento1.jpg\"><img data-recalc-dims=\"1\" loading=\"lazy\" decoding=\"async\" class=\"size-full wp-image-54094\" src=\"https:\/\/i0.wp.com\/www.eltrabajo.cl\/portal\/wp-content\/uploads\/2014\/12\/Asiento1.jpg?resize=528%2C322\" alt=\"Los participantes de El Asiento hicieron especial \u00e9nfasis en la necesidad fortalecer los v\u00ednculos al interior de la localidad.\" width=\"528\" height=\"322\" srcset=\"https:\/\/i0.wp.com\/eltrabajo.cl\/portal\/wp-content\/uploads\/2014\/12\/Asiento1.jpg?w=528&amp;ssl=1 528w, https:\/\/i0.wp.com\/eltrabajo.cl\/portal\/wp-content\/uploads\/2014\/12\/Asiento1.jpg?resize=200%2C121&amp;ssl=1 200w, https:\/\/i0.wp.com\/eltrabajo.cl\/portal\/wp-content\/uploads\/2014\/12\/Asiento1.jpg?resize=300%2C182&amp;ssl=1 300w, https:\/\/i0.wp.com\/eltrabajo.cl\/portal\/wp-content\/uploads\/2014\/12\/Asiento1.jpg?resize=150%2C91&amp;ssl=1 150w, https:\/\/i0.wp.com\/eltrabajo.cl\/portal\/wp-content\/uploads\/2014\/12\/Asiento1.jpg?resize=400%2C243&amp;ssl=1 400w\" sizes=\"auto, (max-width: 528px) 100vw, 528px\" \/><\/a><figcaption id=\"caption-attachment-54094\" class=\"wp-caption-text\">Los participantes de El Asiento hicieron especial \u00e9nfasis en la necesidad fortalecer los v\u00ednculos al interior de la localidad.<\/figcaption><\/figure>\n<p>El pasado mi\u00e9rcoles 3 de diciembre se realiz\u00f3 la \u00faltima sesi\u00f3n y cierre de los Talleres de intercambio de Saberes en El Asiento. En esta ocasi\u00f3n se continu\u00f3 trabajando la tem\u00e1tica de turismo comunitario sustentable junto a V\u00edctor Leiva, ge\u00f3grafo especialista en turismo de intereses especiales. Trabajando en modalidad de taller, compartiendo saberes y puntos de vista, se reflexion\u00f3 sobre las potencialidades tur\u00edsticas de la zona, dando curso a imaginar v\u00edas para ir potenciando la actividad en El Asiento y el Santuario de la Naturaleza Serran\u00eda del Cipr\u00e9s, con miras hacia la conservaci\u00f3n ambiental y el desarrollo comunitario.<br \/>\nLos participantes de El Asiento hicieron especial \u00e9nfasis en la necesidad fortalecer los v\u00ednculos al interior de la localidad, para poder continuar y potenciar el trabajo conjunto, como tambi\u00e9n la b\u00fasqueda de redes con otras instituciones y actores de la zona. Una vez finalizado el m\u00f3dulo de turismo comunitario, se realiz\u00f3 la evaluaci\u00f3n grupal de los talleres, a partir de la cual los participantes se\u00f1alaron estar muy satisfechos con la metodolog\u00eda de trabajo y contenidos de los talleres. Entusiasmados, manifestaron su deseo de seguir trabajando a futuro con la Corporaci\u00f3n Ciem Aconcagua, para darle continuidad al proceso.<br \/>\nA partir de esto Hanny Suckel, coordinadora del proyecto se\u00f1al\u00f3 que \u201ctodo esto nos tiene muy satisfechos y esperamos poder continuar el trabajo con la localidad, iniciado hace ya unos diez a\u00f1os. Hemos aprendido mucho unos de otros, y esperamos que estos espacios de intercambios de saberes y de di\u00e1logo entre distintos actores contin\u00faen en el tiempo, puesto que aportan a la construcci\u00f3n de una sociedad que valore y conserve los distintos tipos de conocimientos y pr\u00e1cticas sobre nuestro patrimonio natural y cultural\u201d.<br \/>\nLos participantes de todo el ciclo de talleres, recibieron un certificado por su constancia, motivaci\u00f3n y compromiso. Para finalizar, se realiz\u00f3 el cierre del taller, donde se compartieron sabores cl\u00e1sicos de la cocina chilena y de El Asiento. Pan amasado, pebre, tablillas y ponche de frutilla, estuvieron en la mesa para compartir un buen momento y celebrar.<\/p>\n","protected":false},"excerpt":{"rendered":"<p>El pasado mi\u00e9rcoles 3 de diciembre se realiz\u00f3 la \u00faltima sesi\u00f3n y cierre de los Talleres de intercambio de Saberes en El Asiento. En esta ocasi\u00f3n se continu\u00f3 trabajando la tem\u00e1tica de&#8230;<\/p>\n","protected":false},"author":482,"featured_media":54094,"comment_status":"open","ping_status":"closed","sticky":false,"template":"","format":"standard","meta":{"advanced_seo_description":"","jetpack_seo_html_title":"","jetpack_seo_noindex":false,"_jetpack_memberships_contains_paid_content":false,"footnotes":""},"categories":[15],"tags":[],"class_list":["post-54093","post","type-post","status-publish","format-standard","has-post-thumbnail","hentry","category-comunidad"],"jetpack_featured_media_url":"https:\/\/i0.wp.com\/eltrabajo.cl\/portal\/wp-content\/uploads\/2014\/12\/Asiento1.jpg?fit=528%2C322&ssl=1","jetpack_sharing_enabled":true,"jetpack_likes_enabled":true,"jetpack-related-posts":[],"_links":{"self":[{"href":"https:\/\/eltrabajo.cl\/portal\/wp-json\/wp\/v2\/posts\/54093","targetHints":{"allow":["GET"]}}],"collection":[{"href":"https:\/\/eltrabajo.cl\/portal\/wp-json\/wp\/v2\/posts"}],"about":[{"href":"https:\/\/eltrabajo.cl\/portal\/wp-json\/wp\/v2\/types\/post"}],"author":[{"embeddable":true,"href":"https:\/\/eltrabajo.cl\/portal\/wp-json\/wp\/v2\/users\/482"}],"replies":[{"embeddable":true,"href":"https:\/\/eltrabajo.cl\/portal\/wp-json\/wp\/v2\/comments?post=54093"}],"version-history":[{"count":0,"href":"https:\/\/eltrabajo.cl\/portal\/wp-json\/wp\/v2\/posts\/54093\/revisions"}],"wp:featuredmedia":[{"embeddable":true,"href":"https:\/\/eltrabajo.cl\/portal\/wp-json\/wp\/v2\/media\/54094"}],"wp:attachment":[{"href":"https:\/\/eltrabajo.cl\/portal\/wp-json\/wp\/v2\/media?parent=54093"}],"wp:term":[{"taxonomy":"category","embeddable":true,"href":"https:\/\/eltrabajo.cl\/portal\/wp-json\/wp\/v2\/categories?post=54093"},{"taxonomy":"post_tag","embeddable":true,"href":"https:\/\/eltrabajo.cl\/portal\/wp-json\/wp\/v2\/tags?post=54093"}],"curies":[{"name":"wp","href":"https:\/\/api.w.org\/{rel}","templated":true}]}}