{"id":54096,"date":"2014-12-12T09:12:41","date_gmt":"2014-12-12T12:12:41","guid":{"rendered":"http:\/\/www.eltrabajo.cl\/portal\/?p=54096"},"modified":"2014-12-12T09:12:41","modified_gmt":"2014-12-12T12:12:41","slug":"el-proximo-viernes-entregan-distinciones-por-123o-aniversario-de-catemu","status":"publish","type":"post","link":"https:\/\/eltrabajo.cl\/portal\/el-proximo-viernes-entregan-distinciones-por-123o-aniversario-de-catemu\/","title":{"rendered":"El pr\u00f3ximo viernes entregan distinciones por 123\u00ba Aniversario de Catemu"},"content":{"rendered":"<figure id=\"attachment_54097\" aria-describedby=\"caption-attachment-54097\" style=\"width: 529px\" class=\"wp-caption alignnone\"><a href=\"https:\/\/i0.wp.com\/www.eltrabajo.cl\/portal\/wp-content\/uploads\/2014\/12\/aniversario2013-catemu.jpg\"><img data-recalc-dims=\"1\" loading=\"lazy\" decoding=\"async\" class=\"size-full wp-image-54097\" src=\"https:\/\/i0.wp.com\/www.eltrabajo.cl\/portal\/wp-content\/uploads\/2014\/12\/aniversario2013-catemu.jpg?resize=529%2C360\" alt=\"En la foto, parte de las distinciones entregadas el a\u00f1o 2013.\" width=\"529\" height=\"360\" srcset=\"https:\/\/i0.wp.com\/eltrabajo.cl\/portal\/wp-content\/uploads\/2014\/12\/aniversario2013-catemu.jpg?w=529&amp;ssl=1 529w, https:\/\/i0.wp.com\/eltrabajo.cl\/portal\/wp-content\/uploads\/2014\/12\/aniversario2013-catemu.jpg?resize=200%2C136&amp;ssl=1 200w, https:\/\/i0.wp.com\/eltrabajo.cl\/portal\/wp-content\/uploads\/2014\/12\/aniversario2013-catemu.jpg?resize=300%2C204&amp;ssl=1 300w, https:\/\/i0.wp.com\/eltrabajo.cl\/portal\/wp-content\/uploads\/2014\/12\/aniversario2013-catemu.jpg?resize=150%2C102&amp;ssl=1 150w, https:\/\/i0.wp.com\/eltrabajo.cl\/portal\/wp-content\/uploads\/2014\/12\/aniversario2013-catemu.jpg?resize=400%2C272&amp;ssl=1 400w\" sizes=\"auto, (max-width: 529px) 100vw, 529px\" \/><\/a><figcaption id=\"caption-attachment-54097\" class=\"wp-caption-text\">En la foto, parte de las distinciones entregadas el a\u00f1o 2013.<\/figcaption><\/figure>\n<p>Para el pr\u00f3ximo viernes 19 de diciembre qued\u00f3 contemplada la ceremonia oficial de celebraci\u00f3n de los 123 a\u00f1os de la fundaci\u00f3n de Catemu, ocasi\u00f3n en que adem\u00e1s se proceder\u00e1 a la entrega de reconocimientos a personas e instituciones destacadas de la comuna.<br \/>\nLa tradicional actividad con que se celebra este nuevo cumplea\u00f1os de la comuna, tendr\u00e1 lugar a partir de las 19,00 horas en el frontis de la Municipalidad de Catemu, ocasi\u00f3n en que se proceder\u00e1 a la entrega de la m\u00e1xima distinci\u00f3n que puede recibir un vecino, como lo es ser nombrado Hijo Ilustre de Catemu, nominaci\u00f3n que este a\u00f1o recay\u00f3 en Rita Valencia Saldivia, Escritora.<br \/>\nOtros de los premiados en la oportunidad ser\u00e1n:<br \/>\nPREMIO 22 DE DICIEMBRE, Fernanda S\u00e1ez Mart\u00ednez, Teniente de Carabineros Comisar\u00eda de la Florida.<br \/>\nCIUDADANO ILUSTRE: Jos\u00e9 Luis Dur\u00e1n Beltr\u00e1n, Profesor<br \/>\nCIUDADANO BENEM\u00c9RITO: Armando Gonz\u00e1lez Chacana, Dirigente, y Mario Galleguillos Vera, jugador profesional de f\u00fatbol.<br \/>\nINSTITUCI\u00d3N BENEM\u00c9RITA: Asociaci\u00f3n de F\u00fatbol y Club de Rayuela Catemu, ambas en la categor\u00eda Organizaci\u00f3n Comunitaria.<br \/>\nEMPRESA DESTACADA: Sergio Qui\u00f1ones Mart\u00ednez, Contratista faenas agr\u00edcolas, y Peluquer\u00eda Chechia en categor\u00eda Peluquer\u00eda.<br \/>\nTALENTO JOVEN: Orquesta de Cuerdas de Catemu y el futbolista Carlos Avallay Vargas.<br \/>\nSERVIDOR P\u00daBLICO: Mar\u00eda Ver\u00f3nica Valle Estay y Rub\u00e9n Zamora Aguilera, ambos funcionarios municipales.<br \/>\nDIRIGENTE DESTACADO: Marta Gallardo, Dirigente Club Adulto Mayor Los Jazmines; y Carlos Vald\u00e9s Maraboli, Dirigente Asociaci\u00f3n de F\u00fatbol.<br \/>\nDISTINCI\u00d3N A LA TRAYECTORIA: Agrupaci\u00f3n Art\u00edstica Grupo Tumbao, y Mirtha N\u00fa\u00f1ez Vald\u00e9s, ex funcionaria municipal.<br \/>\nDISTINCI\u00d3N ESPECIAL: Mario Silva Olivares y Jos\u00e9 Alfaro Allende, funcionarios municipales.<br \/>\nHOMENAJE P\u00d3STUMO: Jos\u00e9 Su\u00e1rez Su\u00e1rez, ex Comandante del Cuerpo de Bomberos Catemu.<\/p>\n","protected":false},"excerpt":{"rendered":"<p>Para el pr\u00f3ximo viernes 19 de diciembre qued\u00f3 contemplada la ceremonia oficial de celebraci\u00f3n de los 123 a\u00f1os de la fundaci\u00f3n de Catemu, ocasi\u00f3n en que adem\u00e1s se proceder\u00e1 a la entrega&#8230;<\/p>\n","protected":false},"author":482,"featured_media":54097,"comment_status":"open","ping_status":"closed","sticky":false,"template":"","format":"standard","meta":{"advanced_seo_description":"","jetpack_seo_html_title":"","jetpack_seo_noindex":false,"_jetpack_memberships_contains_paid_content":false,"footnotes":""},"categories":[15],"tags":[],"class_list":["post-54096","post","type-post","status-publish","format-standard","has-post-thumbnail","hentry","category-comunidad"],"jetpack_featured_media_url":"https:\/\/i0.wp.com\/eltrabajo.cl\/portal\/wp-content\/uploads\/2014\/12\/aniversario2013-catemu.jpg?fit=529%2C360&ssl=1","jetpack_sharing_enabled":true,"jetpack_likes_enabled":true,"jetpack-related-posts":[],"_links":{"self":[{"href":"https:\/\/eltrabajo.cl\/portal\/wp-json\/wp\/v2\/posts\/54096","targetHints":{"allow":["GET"]}}],"collection":[{"href":"https:\/\/eltrabajo.cl\/portal\/wp-json\/wp\/v2\/posts"}],"about":[{"href":"https:\/\/eltrabajo.cl\/portal\/wp-json\/wp\/v2\/types\/post"}],"author":[{"embeddable":true,"href":"https:\/\/eltrabajo.cl\/portal\/wp-json\/wp\/v2\/users\/482"}],"replies":[{"embeddable":true,"href":"https:\/\/eltrabajo.cl\/portal\/wp-json\/wp\/v2\/comments?post=54096"}],"version-history":[{"count":0,"href":"https:\/\/eltrabajo.cl\/portal\/wp-json\/wp\/v2\/posts\/54096\/revisions"}],"wp:featuredmedia":[{"embeddable":true,"href":"https:\/\/eltrabajo.cl\/portal\/wp-json\/wp\/v2\/media\/54097"}],"wp:attachment":[{"href":"https:\/\/eltrabajo.cl\/portal\/wp-json\/wp\/v2\/media?parent=54096"}],"wp:term":[{"taxonomy":"category","embeddable":true,"href":"https:\/\/eltrabajo.cl\/portal\/wp-json\/wp\/v2\/categories?post=54096"},{"taxonomy":"post_tag","embeddable":true,"href":"https:\/\/eltrabajo.cl\/portal\/wp-json\/wp\/v2\/tags?post=54096"}],"curies":[{"name":"wp","href":"https:\/\/api.w.org\/{rel}","templated":true}]}}