{"id":54108,"date":"2014-12-12T09:16:36","date_gmt":"2014-12-12T12:16:36","guid":{"rendered":"http:\/\/www.eltrabajo.cl\/portal\/?p=54108"},"modified":"2014-12-12T09:16:36","modified_gmt":"2014-12-12T12:16:36","slug":"en-hospital-psiquiatrico-rescatan-tucuquere-con-problemas-para-volar","status":"publish","type":"post","link":"https:\/\/eltrabajo.cl\/portal\/en-hospital-psiquiatrico-rescatan-tucuquere-con-problemas-para-volar\/","title":{"rendered":"En hospital psiqui\u00e1trico rescatan tuc\u00faquere con problemas para volar"},"content":{"rendered":"<figure id=\"attachment_54109\" aria-describedby=\"caption-attachment-54109\" style=\"width: 529px\" class=\"wp-caption alignnone\"><a href=\"https:\/\/i0.wp.com\/www.eltrabajo.cl\/portal\/wp-content\/uploads\/2014\/12\/TUCUQUERE1.jpg\"><img data-recalc-dims=\"1\" loading=\"lazy\" decoding=\"async\" class=\"size-full wp-image-54109\" src=\"https:\/\/i0.wp.com\/www.eltrabajo.cl\/portal\/wp-content\/uploads\/2014\/12\/TUCUQUERE1.jpg?resize=529%2C305\" alt=\"Durante la ma\u00f1ana de este jueves, un grupo de funcionarios del hospital psiqui\u00e1trico encontr\u00f3 y rescat\u00f3 un tuc\u00faquere que ten\u00eda problemas para volar.\" width=\"529\" height=\"305\" srcset=\"https:\/\/i0.wp.com\/eltrabajo.cl\/portal\/wp-content\/uploads\/2014\/12\/TUCUQUERE1.jpg?w=529&amp;ssl=1 529w, https:\/\/i0.wp.com\/eltrabajo.cl\/portal\/wp-content\/uploads\/2014\/12\/TUCUQUERE1.jpg?resize=200%2C115&amp;ssl=1 200w, https:\/\/i0.wp.com\/eltrabajo.cl\/portal\/wp-content\/uploads\/2014\/12\/TUCUQUERE1.jpg?resize=300%2C172&amp;ssl=1 300w, https:\/\/i0.wp.com\/eltrabajo.cl\/portal\/wp-content\/uploads\/2014\/12\/TUCUQUERE1.jpg?resize=150%2C86&amp;ssl=1 150w, https:\/\/i0.wp.com\/eltrabajo.cl\/portal\/wp-content\/uploads\/2014\/12\/TUCUQUERE1.jpg?resize=400%2C230&amp;ssl=1 400w\" sizes=\"auto, (max-width: 529px) 100vw, 529px\" \/><\/a><figcaption id=\"caption-attachment-54109\" class=\"wp-caption-text\">Durante la ma\u00f1ana de este jueves, un grupo de funcionarios del hospital psiqui\u00e1trico encontr\u00f3 y rescat\u00f3 un tuc\u00faquere que ten\u00eda problemas para volar.<\/figcaption><\/figure>\n<p><strong>PUTAENDO<\/strong>.- Durante la ma\u00f1ana de este jueves, un grupo de funcionarios del hospital psiqui\u00e1trico encontr\u00f3 y rescat\u00f3 un tuc\u00faquere que ten\u00eda problemas para volar. Aldo Montenegro, funcionario del Philippe Pinel, sostuvo que algunos de sus colegas se dieron cuenta que el ave chocaba con un muro y unos \u00e1rboles, adem\u00e1s de evidenciar bastantes problemas para volar, por lo que junto a otro funcionario decidi\u00f3 tomarlo y revisarlo con el cuidado necesario, pues pensaron que estaba herido.<\/p>\n<figure id=\"attachment_54110\" aria-describedby=\"caption-attachment-54110\" style=\"width: 400px\" class=\"wp-caption alignright\"><a href=\"https:\/\/i0.wp.com\/www.eltrabajo.cl\/portal\/wp-content\/uploads\/2014\/12\/TUCUQUERE2.jpg\"><img data-recalc-dims=\"1\" loading=\"lazy\" decoding=\"async\" class=\"wp-image-54110\" src=\"https:\/\/i0.wp.com\/www.eltrabajo.cl\/portal\/wp-content\/uploads\/2014\/12\/TUCUQUERE2.jpg?resize=400%2C271\" alt=\"El Tuc\u00faquere, muy parecido a un b\u00faho, incluso trat\u00f3 de defenderse de los funcionarios quienes intentaban ayudarlo.\" width=\"400\" height=\"271\" srcset=\"https:\/\/i0.wp.com\/eltrabajo.cl\/portal\/wp-content\/uploads\/2014\/12\/TUCUQUERE2.jpg?w=529&amp;ssl=1 529w, https:\/\/i0.wp.com\/eltrabajo.cl\/portal\/wp-content\/uploads\/2014\/12\/TUCUQUERE2.jpg?resize=200%2C135&amp;ssl=1 200w, https:\/\/i0.wp.com\/eltrabajo.cl\/portal\/wp-content\/uploads\/2014\/12\/TUCUQUERE2.jpg?resize=300%2C203&amp;ssl=1 300w, https:\/\/i0.wp.com\/eltrabajo.cl\/portal\/wp-content\/uploads\/2014\/12\/TUCUQUERE2.jpg?resize=150%2C101&amp;ssl=1 150w, https:\/\/i0.wp.com\/eltrabajo.cl\/portal\/wp-content\/uploads\/2014\/12\/TUCUQUERE2.jpg?resize=400%2C270&amp;ssl=1 400w\" sizes=\"auto, (max-width: 400px) 100vw, 400px\" \/><\/a><figcaption id=\"caption-attachment-54110\" class=\"wp-caption-text\">El Tuc\u00faquere, muy parecido a un b\u00faho, incluso trat\u00f3 de defenderse de los funcionarios quienes intentaban ayudarlo.<\/figcaption><\/figure>\n<p>El Tuc\u00faquere, muy parecido a un b\u00faho, incluso trat\u00f3 de defenderse de los funcionarios, quienes intentaban ayudarlo, por lo que luego de contactar al m\u00e9dico veterinario Luis Vergara, fue trasladado hasta Cl\u00ednica Alc\u00e1ntara de San Felipe. El profesional confirm\u00f3 que se trata de un tuc\u00faquere juvenil y que tras ser examinado no se le encontraron lesiones y tampoco presenta alg\u00fan s\u00edntoma relacionado a una infecci\u00f3n, por lo que estima que este ejemplar estaba aprendiendo a cazar y a volar en espacios reducidos.<br \/>\nLuis Vergara asegur\u00f3 que como corresponde, inform\u00f3 a personal del SAG que r\u00e1pidamente arrib\u00f3 a la cl\u00ednica para trasladar al ave hasta un centro especializado y luego a un centro de recuperaci\u00f3n de aves silvestres.<br \/>\nEl m\u00e9dico veterinario indic\u00f3 que luego que el tuc\u00faquere reciba los cuidados correspondientes, el SAG lo reinsertar\u00e1 en su h\u00e1bitat natural en el mismo lugar donde fue rescatado por los funcionarios del hospital psiqui\u00e1trico. El hallazgo de este tuc\u00faquere al interior del hospital psiqui\u00e1trico es el segundo en poco m\u00e1s de una semana, ya que la vez anterior trabajadores de la reconstrucci\u00f3n del Philippe Pinel tambi\u00e9n encontraron un ave que presentaba los mismos problemas para volar.<br \/>\nPatricio Gallardo M.<\/p>\n","protected":false},"excerpt":{"rendered":"<p>PUTAENDO.- Durante la ma\u00f1ana de este jueves, un grupo de funcionarios del hospital psiqui\u00e1trico encontr\u00f3 y rescat\u00f3 un tuc\u00faquere que ten\u00eda problemas para volar. Aldo Montenegro, funcionario del Philippe Pinel, sostuvo que&#8230;<\/p>\n","protected":false},"author":482,"featured_media":54109,"comment_status":"open","ping_status":"closed","sticky":false,"template":"","format":"standard","meta":{"advanced_seo_description":"","jetpack_seo_html_title":"","jetpack_seo_noindex":false,"_jetpack_memberships_contains_paid_content":false,"footnotes":""},"categories":[15],"tags":[],"class_list":["post-54108","post","type-post","status-publish","format-standard","has-post-thumbnail","hentry","category-comunidad"],"jetpack_featured_media_url":"https:\/\/i0.wp.com\/eltrabajo.cl\/portal\/wp-content\/uploads\/2014\/12\/TUCUQUERE1.jpg?fit=529%2C305&ssl=1","jetpack_sharing_enabled":true,"jetpack_likes_enabled":true,"jetpack-related-posts":[],"_links":{"self":[{"href":"https:\/\/eltrabajo.cl\/portal\/wp-json\/wp\/v2\/posts\/54108","targetHints":{"allow":["GET"]}}],"collection":[{"href":"https:\/\/eltrabajo.cl\/portal\/wp-json\/wp\/v2\/posts"}],"about":[{"href":"https:\/\/eltrabajo.cl\/portal\/wp-json\/wp\/v2\/types\/post"}],"author":[{"embeddable":true,"href":"https:\/\/eltrabajo.cl\/portal\/wp-json\/wp\/v2\/users\/482"}],"replies":[{"embeddable":true,"href":"https:\/\/eltrabajo.cl\/portal\/wp-json\/wp\/v2\/comments?post=54108"}],"version-history":[{"count":0,"href":"https:\/\/eltrabajo.cl\/portal\/wp-json\/wp\/v2\/posts\/54108\/revisions"}],"wp:featuredmedia":[{"embeddable":true,"href":"https:\/\/eltrabajo.cl\/portal\/wp-json\/wp\/v2\/media\/54109"}],"wp:attachment":[{"href":"https:\/\/eltrabajo.cl\/portal\/wp-json\/wp\/v2\/media?parent=54108"}],"wp:term":[{"taxonomy":"category","embeddable":true,"href":"https:\/\/eltrabajo.cl\/portal\/wp-json\/wp\/v2\/categories?post=54108"},{"taxonomy":"post_tag","embeddable":true,"href":"https:\/\/eltrabajo.cl\/portal\/wp-json\/wp\/v2\/tags?post=54108"}],"curies":[{"name":"wp","href":"https:\/\/api.w.org\/{rel}","templated":true}]}}