{"id":54120,"date":"2014-12-12T09:22:08","date_gmt":"2014-12-12T12:22:08","guid":{"rendered":"http:\/\/www.eltrabajo.cl\/portal\/?p=54120"},"modified":"2014-12-12T09:22:15","modified_gmt":"2014-12-12T12:22:15","slug":"trabajador-violo-en-forma-reiterada-a-nina-de-13-anos","status":"publish","type":"post","link":"https:\/\/eltrabajo.cl\/portal\/trabajador-violo-en-forma-reiterada-a-nina-de-13-anos\/","title":{"rendered":"Trabajador viol\u00f3 en forma reiterada a ni\u00f1a de 13 a\u00f1os"},"content":{"rendered":"<figure id=\"attachment_54121\" aria-describedby=\"caption-attachment-54121\" style=\"width: 300px\" class=\"wp-caption alignleft\"><a href=\"https:\/\/i0.wp.com\/www.eltrabajo.cl\/portal\/wp-content\/uploads\/2014\/12\/Violacion1.jpg\"><img data-recalc-dims=\"1\" loading=\"lazy\" decoding=\"async\" class=\"wp-image-54121 size-medium\" src=\"https:\/\/i0.wp.com\/www.eltrabajo.cl\/portal\/wp-content\/uploads\/2014\/12\/Violacion1-300x204.jpg?resize=300%2C204\" alt=\"Imputado reconoci\u00f3 haber mantenido relaciones sexuales con la menor, pensando que ten\u00eda m\u00e1s edad.\" width=\"300\" height=\"204\" srcset=\"https:\/\/i0.wp.com\/eltrabajo.cl\/portal\/wp-content\/uploads\/2014\/12\/Violacion1.jpg?resize=300%2C204&amp;ssl=1 300w, https:\/\/i0.wp.com\/eltrabajo.cl\/portal\/wp-content\/uploads\/2014\/12\/Violacion1.jpg?resize=200%2C136&amp;ssl=1 200w, https:\/\/i0.wp.com\/eltrabajo.cl\/portal\/wp-content\/uploads\/2014\/12\/Violacion1.jpg?resize=150%2C102&amp;ssl=1 150w, https:\/\/i0.wp.com\/eltrabajo.cl\/portal\/wp-content\/uploads\/2014\/12\/Violacion1.jpg?resize=400%2C272&amp;ssl=1 400w, https:\/\/i0.wp.com\/eltrabajo.cl\/portal\/wp-content\/uploads\/2014\/12\/Violacion1.jpg?w=529&amp;ssl=1 529w\" sizes=\"auto, (max-width: 300px) 100vw, 300px\" \/><\/a><figcaption id=\"caption-attachment-54121\" class=\"wp-caption-text\">Imputado reconoci\u00f3 haber mantenido relaciones sexuales con la menor, pensando que ten\u00eda m\u00e1s edad.<\/figcaption><\/figure>\n<p><strong>RINCONADA<\/strong>.- Un auxiliar de aseo fue acusado de violar y abusar sexualmente en forma reiterada de una escolar de trece a\u00f1os de edad en la comuna de Rinconada. La detenci\u00f3n del imputado identificado como Cristi\u00e1n Marcelo U.C., de 34 a\u00f1os, se produjo la noche del mi\u00e9rcoles, luego que la madre de la menor fuera informada por una profesora de la escuela donde la ni\u00f1a cursa sexto b\u00e1sico, que hab\u00eda sido ultrajada y \u00e9sta presentar\u00e1 la denuncia ante Brigada de Delitos Sexuales de la PDI.<br \/>\nConforme a los antecedentes que obran en manos del Ministerio P\u00fablico, a principios de enero de este a\u00f1o, el imputado quien reside en la casa de la abuela de la menor, ubicada un sitio donde tambi\u00e9n est\u00e1 la vivienda de los padres de la ni\u00f1a en Carretera San Mart\u00edn de esa comuna, se encontraba viendo un partido de f\u00fatbol en su pieza.<br \/>\nEn esos momentos lleg\u00f3 a la casa la v\u00edctima, que se acost\u00f3 junto a \u00e9l a ver televisi\u00f3n y se aprovech\u00f3 de eso para efectuarle tocaciones en sus partes \u00edntimas por sobre la ropa y luego bajarle su ropa interior para proceder a violarla vaginalmente. Bajo estas misma circunstancias la habr\u00eda violado en al menos otras ocho ocasiones, lleg\u00f3 incluso a obligarla a que mantuviera sexo oral con \u00e9l.<br \/>\nA\u00fan cuando no habr\u00eda existido amenaza ni fuerza para cometer los ultrajes, la menor no opuso resistencia a los ataques debido a que se encontraba en estado de shock. Pese a ello, la ni\u00f1a comenz\u00f3 a tener cambios en su conducta y fue as\u00ed como el d\u00eda martes cont\u00f3 de los ultrajes a una de sus amigas en el colegio y fue \u00e9sta quien denunci\u00f3 el hecho a una profesora.<br \/>\nLa docente se entrevist\u00f3 con la menor y corrobor\u00f3 su relato, tras lo cual llam\u00f3 a la madre a quien inform\u00f3 de esta situaci\u00f3n y una vez que fue llevada a constatar lesiones al Hospital San Juan de Dios de Los Andes, se estamp\u00f3 la denuncia en la Polic\u00eda, dict\u00e1ndose orden detenci\u00f3n en contra del imputado.<\/p>\n<p><strong>QUEDA EN PRISI\u00d3N<\/strong><\/p>\n<p>Una vez puesto en manos del Tribunal de Garant\u00eda, el Fiscal jefe del Ministerio P\u00fablico, Ricardo Reinoso, lo formaliz\u00f3 por los delitos de Violaci\u00f3n impropia por v\u00eda vaginal y bucal, adem\u00e1s de Abuso sexual, ambos en calidad de Reiterados. En la audiencia, el fiscal expuso que en reiteradas oportunidades durante el a\u00f1o 2014 y aprovech\u00e1ndose de la confianza que exist\u00eda entre el imputado con la ni\u00f1a por el hecho de vivir en el mismo sitio, \u201ceste la tomaba y la llevaba hasta su dormitorio, en donde procedi\u00f3 a efectuar tocaciones por los senos, trasero y vagina de la menor\u201d, para luego violarla vaginalmente.<br \/>\nAgreg\u00f3 que tambi\u00e9n en forma reiterada el sujeto obligo a la menor a que le practicara sexo oral, \u201csituaci\u00f3n que perdur\u00f3 hasta que la ni\u00f1a devela esta situaci\u00f3n abusiva que le estaba ocurriendo a una compa\u00f1era de curso y de esta forma se pone en conocimiento de los profesores de ese establecimiento educacional\u201d.<br \/>\nAsimismo, el persecutor mencion\u00f3 parte de la declaraci\u00f3n de la v\u00edctima en la que se\u00f1ala que el imputado le enviaba por Whatsap fotograf\u00edas de sus genitales y es por ello que el celular del sujeto se encuentra incautado para ser sometido a pericias y as\u00ed determinar si almacenaba o produc\u00eda material pornogr\u00e1fico infantil.<\/p>\n<p><strong>SIN PRUEBAS<\/strong><\/p>\n<p>Respecto del informe emitido por el Servicio M\u00e9dico Legal, \u00e9ste se\u00f1ala que la v\u00edctima no registra lesiones traum\u00e1ticas intra-genitales y ni tampoco desfloramiento, no obstante que ello podr\u00eda ser producto de que presenta un himen complaciente y ser efectiva la violaci\u00f3n sin que se hayan producido desgarros.<br \/>\nA\u00fan cuando el imputado no posee antecedentes penales anteriores, el fiscal solicit\u00f3 la medida cautelar de prisi\u00f3n preventiva por la gravedad de los delitos y porque representa un peligro para la seguridad de la ni\u00f1a. Sin embargo, la Defensora Blanca Poblete se opuso a esta cautelar, argumentando que conforme a las propias pericias del servicio m\u00e9dico legal no existen lesiones atribuibles a una violaci\u00f3n.<\/p>\n<p><strong>ELLA LO BUSCABA<\/strong><\/p>\n<p>Adem\u00e1s se\u00f1al\u00f3 que su representado siempre pens\u00f3 que la menor ten\u00eda m\u00e1s de catorce a\u00f1os, por lo cambia el tipo penal y que incluso por contextura f\u00edsica representaba m\u00e1s, \u201cincluso la ni\u00f1a lo dijo en su declaraci\u00f3n, que el imputado jam\u00e1s la tom\u00f3 del brazo y la llev\u00f3 a su pieza o la encontr\u00f3 sola viendo televisi\u00f3n y la llev\u00f3 a su pieza\u201d.<br \/>\nAgreg\u00f3 que era la menor quien iba al dormitorio del imputado, a\u00fan despu\u00e9s de haber ocurrido el primer episodio de violaci\u00f3n, \u201co sea, ella se siente superada por el primer hecho, pero vuelve a ir pudiendo haber quedado traumada por este episodio\u201d. Sopesados los argumentos de las partes, la Magistrado Carolina Encalada consider\u00f3 acreditado los hechos y la participaci\u00f3n del imputado, estimando que su libertad representa un peligro para la ni\u00f1a, por lo que decret\u00f3 la Prisi\u00f3n Preventiva. La jueza fij\u00f3 adem\u00e1s un plazo de investigaci\u00f3n de cuatro meses, ya que la ni\u00f1a ser\u00e1 sometida a pericias psicol\u00f3gicas para acreditar la veracidad de su relato.<\/p>\n","protected":false},"excerpt":{"rendered":"<p>RINCONADA.- Un auxiliar de aseo fue acusado de violar y abusar sexualmente en forma reiterada de una escolar de trece a\u00f1os de edad en la comuna de Rinconada. La detenci\u00f3n del imputado&#8230;<\/p>\n","protected":false},"author":482,"featured_media":54121,"comment_status":"open","ping_status":"closed","sticky":false,"template":"","format":"standard","meta":{"advanced_seo_description":"","jetpack_seo_html_title":"","jetpack_seo_noindex":false,"_jetpack_memberships_contains_paid_content":false,"footnotes":""},"categories":[21],"tags":[],"class_list":["post-54120","post","type-post","status-publish","format-standard","has-post-thumbnail","hentry","category-policial"],"jetpack_featured_media_url":"https:\/\/i0.wp.com\/eltrabajo.cl\/portal\/wp-content\/uploads\/2014\/12\/Violacion1.jpg?fit=529%2C360&ssl=1","jetpack_sharing_enabled":true,"jetpack_likes_enabled":true,"jetpack-related-posts":[],"_links":{"self":[{"href":"https:\/\/eltrabajo.cl\/portal\/wp-json\/wp\/v2\/posts\/54120","targetHints":{"allow":["GET"]}}],"collection":[{"href":"https:\/\/eltrabajo.cl\/portal\/wp-json\/wp\/v2\/posts"}],"about":[{"href":"https:\/\/eltrabajo.cl\/portal\/wp-json\/wp\/v2\/types\/post"}],"author":[{"embeddable":true,"href":"https:\/\/eltrabajo.cl\/portal\/wp-json\/wp\/v2\/users\/482"}],"replies":[{"embeddable":true,"href":"https:\/\/eltrabajo.cl\/portal\/wp-json\/wp\/v2\/comments?post=54120"}],"version-history":[{"count":0,"href":"https:\/\/eltrabajo.cl\/portal\/wp-json\/wp\/v2\/posts\/54120\/revisions"}],"wp:featuredmedia":[{"embeddable":true,"href":"https:\/\/eltrabajo.cl\/portal\/wp-json\/wp\/v2\/media\/54121"}],"wp:attachment":[{"href":"https:\/\/eltrabajo.cl\/portal\/wp-json\/wp\/v2\/media?parent=54120"}],"wp:term":[{"taxonomy":"category","embeddable":true,"href":"https:\/\/eltrabajo.cl\/portal\/wp-json\/wp\/v2\/categories?post=54120"},{"taxonomy":"post_tag","embeddable":true,"href":"https:\/\/eltrabajo.cl\/portal\/wp-json\/wp\/v2\/tags?post=54120"}],"curies":[{"name":"wp","href":"https:\/\/api.w.org\/{rel}","templated":true}]}}