{"id":54123,"date":"2014-12-12T09:24:02","date_gmt":"2014-12-12T12:24:02","guid":{"rendered":"http:\/\/www.eltrabajo.cl\/portal\/?p=54123"},"modified":"2014-12-12T09:24:02","modified_gmt":"2014-12-12T12:24:02","slug":"hoy-culmina-juicio-contra-el-tarzan-por-crimenes-en-catemu","status":"publish","type":"post","link":"https:\/\/eltrabajo.cl\/portal\/hoy-culmina-juicio-contra-el-tarzan-por-crimenes-en-catemu\/","title":{"rendered":"Hoy culmina juicio contra &#8216;El Tarz\u00e1n\u2019 por cr\u00edmenes en Catemu"},"content":{"rendered":"<figure id=\"attachment_54124\" aria-describedby=\"caption-attachment-54124\" style=\"width: 400px\" class=\"wp-caption alignleft\"><a href=\"https:\/\/i0.wp.com\/www.eltrabajo.cl\/portal\/wp-content\/uploads\/2014\/12\/CArabineros-Heridos.jpg\"><img data-recalc-dims=\"1\" loading=\"lazy\" decoding=\"async\" class=\"wp-image-54124\" src=\"https:\/\/i0.wp.com\/www.eltrabajo.cl\/portal\/wp-content\/uploads\/2014\/12\/CArabineros-Heridos.jpg?resize=400%2C308\" alt=\"El Cabo 1\u00ba de Carabineros Juan Santib\u00e1\u00f1ez Sanhueza y el Sargento 2\u00ba Carlos Apablaza Guzm\u00e1n, resultaron heridos de consideraci\u00f3n leve y grave luego de impedir el robo con violencia e intimidaci\u00f3n a un hombre v\u00edctima en la comuna de Catemu.  \" width=\"400\" height=\"308\" srcset=\"https:\/\/i0.wp.com\/eltrabajo.cl\/portal\/wp-content\/uploads\/2014\/12\/CArabineros-Heridos.jpg?w=529&amp;ssl=1 529w, https:\/\/i0.wp.com\/eltrabajo.cl\/portal\/wp-content\/uploads\/2014\/12\/CArabineros-Heridos.jpg?resize=194%2C150&amp;ssl=1 194w, https:\/\/i0.wp.com\/eltrabajo.cl\/portal\/wp-content\/uploads\/2014\/12\/CArabineros-Heridos.jpg?resize=300%2C230&amp;ssl=1 300w, https:\/\/i0.wp.com\/eltrabajo.cl\/portal\/wp-content\/uploads\/2014\/12\/CArabineros-Heridos.jpg?resize=150%2C115&amp;ssl=1 150w, https:\/\/i0.wp.com\/eltrabajo.cl\/portal\/wp-content\/uploads\/2014\/12\/CArabineros-Heridos.jpg?resize=400%2C307&amp;ssl=1 400w\" sizes=\"auto, (max-width: 400px) 100vw, 400px\" \/><\/a><figcaption id=\"caption-attachment-54124\" class=\"wp-caption-text\">El Cabo 1\u00ba de Carabineros Juan Santib\u00e1\u00f1ez Sanhueza y el Sargento 2\u00ba Carlos Apablaza Guzm\u00e1n, resultaron heridos de consideraci\u00f3n leve y grave luego de impedir el robo con violencia e intimidaci\u00f3n a un hombre v\u00edctima en la comuna de Catemu.<\/figcaption><\/figure>\n<p>En pleno proceso de debate se desarrolla el juicio oral en contra de Juan Manuel Tapia Tapia, apodado \u2018El Tarz\u00e1n\u2019, a quien se le imputan delitos de Lesiones graves; Homicidio Simple en grado de frustrado; Robo con violencia e Intimidaci\u00f3n; Maltrato de obra a Carabineros con resultado de lesiones leves y graves hacia un funcionario policial, quien sufri\u00f3 una mordedura por parte del imputado, cercen\u00e1ndole parte del pabell\u00f3n auricular, il\u00edcitos todos que se cometieron en la comuna de Catemu.<br \/>\nEl proceso judicial comenz\u00f3 el d\u00eda de ayer jueves en el Tribunal Oral en Lo Penal de San Felipe, donde la fiscal\u00eda persigue penas que alcanzar\u00edan los 26 a\u00f1os de presidio en contra de Tapia Tapia por sus cr\u00edmenes que son materia de juicio hasta el d\u00eda de hoy viernes, cuando la terna de jueces pondere las pruebas presentadas tanto por la Defensa como las del Ministerio P\u00fablico con el relato de las v\u00edctimas que participan en el juicio.<br \/>\nEl Fiscal Osvaldo Basso elev\u00f3 las acusaciones en contra del imputado por los hechos cometidos el 9 de septiembre del 2012 en Poblaci\u00f3n El Esplendor de Catemu, cuando surgi\u00f3 una ri\u00f1a al interior de una vivienda. En ese lugar el imputado discut\u00eda con la v\u00edctima de iniciales C.A.E.A., a quien habr\u00eda apu\u00f1alado con un cuchillo que sac\u00f3 de sus vestimentas, caus\u00e1ndole heridas de car\u00e1cter grave en su ojo izquierdo.<br \/>\nEl enfrenamiento continu\u00f3 cuando un hermano de la v\u00edctima sali\u00f3 en su defensa, resultando herido de gravedad tras ser apu\u00f1alado con la misma arma blanca que manten\u00eda \u2018El Tarz\u00e1n\u2019, recibiendo estocadas en el t\u00f3rax y muslos de car\u00e1cter grave con riesgo vital.<\/p>\n<p><strong>SEGUNDO CASO<\/strong><br \/>\nEl segundo hecho ocurri\u00f3 el 29 de septiembre del 2013 cuando la v\u00edctima, un hombre de iniciales C.E.C.V. fue asaltado por Tapia Tapia en Calle Garc\u00eda Huidobro de Catemu, en los momentos en que el afectado se encontraba esperando locomoci\u00f3n colectiva, cuando fue abordado por el acusado que lo intimid\u00f3 con un cuchillo exigi\u00e9ndole que le entregara su billetera que conten\u00eda la suma de $70.000.<br \/>\nA punta de cuchillo la v\u00edctima fue obligada a trasladarse hasta otro punto de la v\u00eda p\u00fablica donde se produjo una disputa entre ambos, logrando el delincuente apoderarse de la especie luego de empujar al propietario hacia el suelo, quien ped\u00eda a gritos auxilio. Al lugar lleg\u00f3 Carabineros que trataban de reducir al \u2018Tarz\u00e1n\u2019, quien se opon\u00eda a la detenci\u00f3n lanzando golpes de pies y pu\u00f1os a los polic\u00edas.<br \/>\nDurante el violento procedimiento, el Sargento 2\u00ba Carlos Apablaza Guzm\u00e1n result\u00f3 lesionado por el imputado, sufriendo una herida cortante en su ojo izquierdo y contusiones en sus brazos, diagnosticadas de car\u00e1cter leve. Mientras que el Cabo 1\u00ba Juan Santib\u00e1\u00f1ez Sanhueza, result\u00f3 con su oreja izquierda cercenada, luego que \u2018El Tarz\u00e1n\u2019, de una mordida le cortara parte del pabell\u00f3n auricular, lesi\u00f3n de car\u00e1cter grave que le provoc\u00f3 al funcionario policial una secuela est\u00e9tica. Tras todos estos cr\u00edmenes que se imputan hoy a Manuel Tapia Tapia, el Tribunal deber\u00e1 resolver emitiendo un fallo condenatorio o de absoluci\u00f3n de cargos por los delitos anteriormente signados por el Ministerio P\u00fablico. El proceso judicial se resolver\u00e1 dentro de cinco d\u00edas cuando los jueces emitan la lectura de sentencia.<br \/>\nPablo Salinas Sald\u00edas<\/p>\n","protected":false},"excerpt":{"rendered":"<p>En pleno proceso de debate se desarrolla el juicio oral en contra de Juan Manuel Tapia Tapia, apodado \u2018El Tarz\u00e1n\u2019, a quien se le imputan delitos de Lesiones graves; Homicidio Simple en&#8230;<\/p>\n","protected":false},"author":482,"featured_media":54124,"comment_status":"open","ping_status":"closed","sticky":false,"template":"","format":"standard","meta":{"advanced_seo_description":"","jetpack_seo_html_title":"","jetpack_seo_noindex":false,"_jetpack_memberships_contains_paid_content":false,"footnotes":""},"categories":[21],"tags":[],"class_list":["post-54123","post","type-post","status-publish","format-standard","has-post-thumbnail","hentry","category-policial"],"jetpack_featured_media_url":"https:\/\/i0.wp.com\/eltrabajo.cl\/portal\/wp-content\/uploads\/2014\/12\/CArabineros-Heridos.jpg?fit=529%2C407&ssl=1","jetpack_sharing_enabled":true,"jetpack_likes_enabled":true,"jetpack-related-posts":[],"_links":{"self":[{"href":"https:\/\/eltrabajo.cl\/portal\/wp-json\/wp\/v2\/posts\/54123","targetHints":{"allow":["GET"]}}],"collection":[{"href":"https:\/\/eltrabajo.cl\/portal\/wp-json\/wp\/v2\/posts"}],"about":[{"href":"https:\/\/eltrabajo.cl\/portal\/wp-json\/wp\/v2\/types\/post"}],"author":[{"embeddable":true,"href":"https:\/\/eltrabajo.cl\/portal\/wp-json\/wp\/v2\/users\/482"}],"replies":[{"embeddable":true,"href":"https:\/\/eltrabajo.cl\/portal\/wp-json\/wp\/v2\/comments?post=54123"}],"version-history":[{"count":0,"href":"https:\/\/eltrabajo.cl\/portal\/wp-json\/wp\/v2\/posts\/54123\/revisions"}],"wp:featuredmedia":[{"embeddable":true,"href":"https:\/\/eltrabajo.cl\/portal\/wp-json\/wp\/v2\/media\/54124"}],"wp:attachment":[{"href":"https:\/\/eltrabajo.cl\/portal\/wp-json\/wp\/v2\/media?parent=54123"}],"wp:term":[{"taxonomy":"category","embeddable":true,"href":"https:\/\/eltrabajo.cl\/portal\/wp-json\/wp\/v2\/categories?post=54123"},{"taxonomy":"post_tag","embeddable":true,"href":"https:\/\/eltrabajo.cl\/portal\/wp-json\/wp\/v2\/tags?post=54123"}],"curies":[{"name":"wp","href":"https:\/\/api.w.org\/{rel}","templated":true}]}}