{"id":54126,"date":"2014-12-12T09:25:11","date_gmt":"2014-12-12T12:25:11","guid":{"rendered":"http:\/\/www.eltrabajo.cl\/portal\/?p=54126"},"modified":"2014-12-12T09:25:11","modified_gmt":"2014-12-12T12:25:11","slug":"denuncian-supuesto-robo-a-camionero-con-nueces-y-pasas","status":"publish","type":"post","link":"https:\/\/eltrabajo.cl\/portal\/denuncian-supuesto-robo-a-camionero-con-nueces-y-pasas\/","title":{"rendered":"Denuncian supuesto robo a camionero con nueces y pasas"},"content":{"rendered":"<figure id=\"attachment_54127\" aria-describedby=\"caption-attachment-54127\" style=\"width: 529px\" class=\"wp-caption alignnone\"><a href=\"https:\/\/i0.wp.com\/www.eltrabajo.cl\/portal\/wp-content\/uploads\/2014\/12\/Camion1.jpg\"><img data-recalc-dims=\"1\" loading=\"lazy\" decoding=\"async\" class=\"size-full wp-image-54127\" src=\"https:\/\/i0.wp.com\/www.eltrabajo.cl\/portal\/wp-content\/uploads\/2014\/12\/Camion1.jpg?resize=529%2C289\" alt=\"El empresario Luis Arancibia asegur\u00f3 que pasado el mediod\u00eda de este jueves reci\u00e9n se enter\u00f3 que el cami\u00f3n hab\u00eda sido robado y por sus propios medios, ante la nula informaci\u00f3n de la empresa Decre.\" width=\"529\" height=\"289\" srcset=\"https:\/\/i0.wp.com\/eltrabajo.cl\/portal\/wp-content\/uploads\/2014\/12\/Camion1.jpg?w=529&amp;ssl=1 529w, https:\/\/i0.wp.com\/eltrabajo.cl\/portal\/wp-content\/uploads\/2014\/12\/Camion1.jpg?resize=200%2C109&amp;ssl=1 200w, https:\/\/i0.wp.com\/eltrabajo.cl\/portal\/wp-content\/uploads\/2014\/12\/Camion1.jpg?resize=300%2C163&amp;ssl=1 300w, https:\/\/i0.wp.com\/eltrabajo.cl\/portal\/wp-content\/uploads\/2014\/12\/Camion1.jpg?resize=150%2C81&amp;ssl=1 150w, https:\/\/i0.wp.com\/eltrabajo.cl\/portal\/wp-content\/uploads\/2014\/12\/Camion1.jpg?resize=400%2C218&amp;ssl=1 400w\" sizes=\"auto, (max-width: 529px) 100vw, 529px\" \/><\/a><figcaption id=\"caption-attachment-54127\" class=\"wp-caption-text\">El empresario Luis Arancibia asegur\u00f3 que pasado el mediod\u00eda de este jueves reci\u00e9n se enter\u00f3 que el cami\u00f3n hab\u00eda sido robado y por sus propios medios, ante la nula informaci\u00f3n de la empresa Decre.<\/figcaption><\/figure>\n<p><strong>PUTAENDO.<\/strong>&#8211; Un cami\u00f3n cargado con 15.000 kilos de nueces y 11.000 kilos de pasas, habr\u00eda sido asaltado por tres sujetos fuertemente armados luego de retirar la carga en la comuna de Putaendo.<br \/>\nLos antecedentes recopilados indican que el cami\u00f3n, perteneciente a la Empresa de Transportes Decre, lleg\u00f3 a la comuna de Putaendo a eso de las 18:00 horas de este mi\u00e9rcoles y carg\u00f3 la cantidad de nueces y pasas ya descritas en la empresa Dos Lunas, propiedad del putaendino Luis Arancibia.<br \/>\nEl veh\u00edculo de carga sali\u00f3 de la comuna de Putaendo poco antes de las 23:00 horas con la correspondiente gu\u00eda de despacho para ser guardado en el aparcadero de la empresa Decre y este jueves realizar los tr\u00e1mites aduaneros y emprender rumbo a Uruguay.<br \/>\nEl empresario Luis Arancibia asegur\u00f3 que pasado el mediod\u00eda de este jueves reci\u00e9n se enter\u00f3 que el cami\u00f3n hab\u00eda sido robado y por sus propios medios, ante la nula informaci\u00f3n de la empresa Decre, pudo confirmar que eventualmente el cami\u00f3n fue asaltado en San Felipe y trasladado hasta la ciudad de Los Andes, donde el carro del cami\u00f3n fue sustra\u00eddo junto con la carga.<\/p>\n<p><strong>ESTABAN ARMADOS<\/strong><br \/>\nDiario El Trabajo logr\u00f3 conocer antecedentes policiales en base a la denuncia del conductor del cami\u00f3n, identificado como Marcelo Varela, de nacionalidad uruguaya, quien estamp\u00f3 la denuncia ante Carabineros de Los Andes, en donde indic\u00f3 que a una hora que no recuerda en Puente El Rey de San Felipe, fue enca\u00f1onado por tres sujetos que fuertemente armados lo redujeron y le quitaron el cami\u00f3n para trasladarlo hasta un lugar desconocido, en el cual los individuos sacaron el carro del veh\u00edculo y colocaron otro cami\u00f3n que se llev\u00f3 la carga en direcci\u00f3n desconocida.<br \/>\nEl camionero uruguayo y v\u00edctima de este asalto, fue abandonado en Avenida San Rafael de Los Andes y se desconoce c\u00f3mo dio aviso a Carabineros de la situaci\u00f3n vivida.<\/p>\n<p><strong>FISCAL DESINFORMADO<\/strong><br \/>\nCon la seriedad que amerita este tipo de investigaciones, Diario El Trabajo est\u00e1 en condiciones de confirmar que el Fiscal de Turno en la ciudad de Los Andes, Jorge Alfaro, no fue informado por Carabineros de esa ciudad sobre este grave hecho, y s\u00f3lo tom\u00f3 conocimiento cuando en horas de la tarde de este jueves comenz\u00f3 a ser contactado por la prensa, a quienes les reconoci\u00f3 que no fue avisado en forma inmediata por Carabineros de Los Andes cuando recibieron la denuncia.<br \/>\nA pesar de los intentos de nuestro medio por tener la versi\u00f3n de la empresa Decre, esto no fue posible, ya que los representantes de la empresa en Los Andes se negaron a entregar todo tipo de informaci\u00f3n. En tanto el empresario Luis Arancibia, sostuvo que el aval\u00fao de la mercader\u00eda robada superar\u00eda los $127.000.000 y adem\u00e1s confirm\u00f3 que el cami\u00f3n contratado para trasladar la carga hasta Uruguay fue contactado directamente por una empresa uruguaya, a la cual le vendi\u00f3 las nueces y pasas.<br \/>\nPatricio Gallardo M.<\/p>\n","protected":false},"excerpt":{"rendered":"<p>PUTAENDO.&#8211; Un cami\u00f3n cargado con 15.000 kilos de nueces y 11.000 kilos de pasas, habr\u00eda sido asaltado por tres sujetos fuertemente armados luego de retirar la carga en la comuna de Putaendo&#8230;.<\/p>\n","protected":false},"author":482,"featured_media":54127,"comment_status":"open","ping_status":"closed","sticky":false,"template":"","format":"standard","meta":{"advanced_seo_description":"","jetpack_seo_html_title":"","jetpack_seo_noindex":false,"_jetpack_memberships_contains_paid_content":false,"footnotes":""},"categories":[21],"tags":[],"class_list":["post-54126","post","type-post","status-publish","format-standard","has-post-thumbnail","hentry","category-policial"],"jetpack_featured_media_url":"https:\/\/i0.wp.com\/eltrabajo.cl\/portal\/wp-content\/uploads\/2014\/12\/Camion1.jpg?fit=529%2C289&ssl=1","jetpack_sharing_enabled":true,"jetpack_likes_enabled":true,"jetpack-related-posts":[],"_links":{"self":[{"href":"https:\/\/eltrabajo.cl\/portal\/wp-json\/wp\/v2\/posts\/54126","targetHints":{"allow":["GET"]}}],"collection":[{"href":"https:\/\/eltrabajo.cl\/portal\/wp-json\/wp\/v2\/posts"}],"about":[{"href":"https:\/\/eltrabajo.cl\/portal\/wp-json\/wp\/v2\/types\/post"}],"author":[{"embeddable":true,"href":"https:\/\/eltrabajo.cl\/portal\/wp-json\/wp\/v2\/users\/482"}],"replies":[{"embeddable":true,"href":"https:\/\/eltrabajo.cl\/portal\/wp-json\/wp\/v2\/comments?post=54126"}],"version-history":[{"count":0,"href":"https:\/\/eltrabajo.cl\/portal\/wp-json\/wp\/v2\/posts\/54126\/revisions"}],"wp:featuredmedia":[{"embeddable":true,"href":"https:\/\/eltrabajo.cl\/portal\/wp-json\/wp\/v2\/media\/54127"}],"wp:attachment":[{"href":"https:\/\/eltrabajo.cl\/portal\/wp-json\/wp\/v2\/media?parent=54126"}],"wp:term":[{"taxonomy":"category","embeddable":true,"href":"https:\/\/eltrabajo.cl\/portal\/wp-json\/wp\/v2\/categories?post=54126"},{"taxonomy":"post_tag","embeddable":true,"href":"https:\/\/eltrabajo.cl\/portal\/wp-json\/wp\/v2\/tags?post=54126"}],"curies":[{"name":"wp","href":"https:\/\/api.w.org\/{rel}","templated":true}]}}