{"id":54140,"date":"2014-12-15T09:38:01","date_gmt":"2014-12-15T12:38:01","guid":{"rendered":"http:\/\/www.eltrabajo.cl\/portal\/?p=54140"},"modified":"2014-12-15T09:38:01","modified_gmt":"2014-12-15T12:38:01","slug":"muestra-fotografica-carnaval-popular-dominicano-para-todos-los-callelarguinos","status":"publish","type":"post","link":"https:\/\/eltrabajo.cl\/portal\/muestra-fotografica-carnaval-popular-dominicano-para-todos-los-callelarguinos\/","title":{"rendered":"Muestra fotogr\u00e1fica Carnaval popular dominicano para todos los callelarguinos"},"content":{"rendered":"<figure id=\"attachment_54141\" aria-describedby=\"caption-attachment-54141\" style=\"width: 350px\" class=\"wp-caption alignleft\"><a href=\"https:\/\/i0.wp.com\/www.eltrabajo.cl\/portal\/wp-content\/uploads\/2014\/12\/Ella1.jpg\"><img data-recalc-dims=\"1\" loading=\"lazy\" decoding=\"async\" class=\"wp-image-54141\" src=\"https:\/\/i0.wp.com\/www.eltrabajo.cl\/portal\/wp-content\/uploads\/2014\/12\/Ella1.jpg?resize=350%2C518\" alt=\"La inauguraci\u00f3n de esta muestra se realizar\u00e1 el martes 16 de diciembre a las19:00 horas.\" width=\"350\" height=\"518\" srcset=\"https:\/\/i0.wp.com\/eltrabajo.cl\/portal\/wp-content\/uploads\/2014\/12\/Ella1.jpg?w=529&amp;ssl=1 529w, https:\/\/i0.wp.com\/eltrabajo.cl\/portal\/wp-content\/uploads\/2014\/12\/Ella1.jpg?resize=101%2C150&amp;ssl=1 101w, https:\/\/i0.wp.com\/eltrabajo.cl\/portal\/wp-content\/uploads\/2014\/12\/Ella1.jpg?resize=202%2C300&amp;ssl=1 202w, https:\/\/i0.wp.com\/eltrabajo.cl\/portal\/wp-content\/uploads\/2014\/12\/Ella1.jpg?resize=400%2C592&amp;ssl=1 400w\" sizes=\"auto, (max-width: 350px) 100vw, 350px\" \/><\/a><figcaption id=\"caption-attachment-54141\" class=\"wp-caption-text\">La inauguraci\u00f3n de esta muestra se realizar\u00e1 el martes 16 de diciembre a las19:00 horas.<\/figcaption><\/figure>\n<p><strong>CALLE LARGA.<\/strong>&#8211; Continuando con las actividades de extensi\u00f3n, el Centro Cultural Presidente Pedro Aguirre Cerda CCPAC, invita a la comunidad del Valle de Aconcagua a participar de la exposici\u00f3n fotogr\u00e1fica Carnaval popular dominicano. La inauguraci\u00f3n de esta muestra se realizar\u00e1 el martes 16 de diciembre a las19:00 horas.<br \/>\nEl Carnaval popular dominicano es una de las fiestas m\u00e1s coloridas y alegres que celebra Rep\u00fablica Dominicana, en donde su gente sale a las calles a celebrar y compartir. Esta gran fiesta representa la expresi\u00f3n popular de identidades de esta cultura caribe\u00f1a. Los diablos cojuelos, califas y los africanos, son figuras carnavalescas que encierran una historia particular que el lente del fot\u00f3grafo Mariano Hern\u00e1ndez plasma en esta serie. El artista naci\u00f3 en Jiman\u00ed, el 30 de abril de 1954, es miembro fundador de Fotogrupo y miembro del Colegio dominicano de artistas pl\u00e1sticos. Ganador de varios premios de fotograf\u00eda, ha participado en numerosas muestras audiovisuales, exposiciones colectivas y sus fotograf\u00edas han sido publicadas en diferentes revistas y medios especializados. Ha publicados los libros de fotograf\u00edas: \u00abCarnaval en Santo Domingo\u00bb y \u00abEl Carnaval dominicano\u00bb.<br \/>\nEsta muestra se enmarca en la relaci\u00f3n de colaboraci\u00f3n cultural que la Municipalidad de Calle Larga ha establecido con la embajada de Rep\u00fablica Dominicana en Chile, a trav\u00e9s del cual se realiz\u00f3 recientemente un ciclo de cine dominicano y hoy es el turno de la fotograf\u00eda. En la oportunidad el p\u00fablico asistente conocer\u00e1 y disfrutara el despliegue de color y alegr\u00eda que proyectan estas im\u00e1genes.<\/p>\n","protected":false},"excerpt":{"rendered":"<p>CALLE LARGA.&#8211; Continuando con las actividades de extensi\u00f3n, el Centro Cultural Presidente Pedro Aguirre Cerda CCPAC, invita a la comunidad del Valle de Aconcagua a participar de la exposici\u00f3n fotogr\u00e1fica Carnaval popular&#8230;<\/p>\n","protected":false},"author":482,"featured_media":54141,"comment_status":"open","ping_status":"closed","sticky":false,"template":"","format":"standard","meta":{"advanced_seo_description":"","jetpack_seo_html_title":"","jetpack_seo_noindex":false,"_jetpack_memberships_contains_paid_content":false,"footnotes":""},"categories":[15],"tags":[],"class_list":["post-54140","post","type-post","status-publish","format-standard","has-post-thumbnail","hentry","category-comunidad"],"jetpack_featured_media_url":"https:\/\/i0.wp.com\/eltrabajo.cl\/portal\/wp-content\/uploads\/2014\/12\/Ella1.jpg?fit=529%2C783&ssl=1","jetpack_sharing_enabled":true,"jetpack_likes_enabled":true,"jetpack-related-posts":[],"_links":{"self":[{"href":"https:\/\/eltrabajo.cl\/portal\/wp-json\/wp\/v2\/posts\/54140","targetHints":{"allow":["GET"]}}],"collection":[{"href":"https:\/\/eltrabajo.cl\/portal\/wp-json\/wp\/v2\/posts"}],"about":[{"href":"https:\/\/eltrabajo.cl\/portal\/wp-json\/wp\/v2\/types\/post"}],"author":[{"embeddable":true,"href":"https:\/\/eltrabajo.cl\/portal\/wp-json\/wp\/v2\/users\/482"}],"replies":[{"embeddable":true,"href":"https:\/\/eltrabajo.cl\/portal\/wp-json\/wp\/v2\/comments?post=54140"}],"version-history":[{"count":0,"href":"https:\/\/eltrabajo.cl\/portal\/wp-json\/wp\/v2\/posts\/54140\/revisions"}],"wp:featuredmedia":[{"embeddable":true,"href":"https:\/\/eltrabajo.cl\/portal\/wp-json\/wp\/v2\/media\/54141"}],"wp:attachment":[{"href":"https:\/\/eltrabajo.cl\/portal\/wp-json\/wp\/v2\/media?parent=54140"}],"wp:term":[{"taxonomy":"category","embeddable":true,"href":"https:\/\/eltrabajo.cl\/portal\/wp-json\/wp\/v2\/categories?post=54140"},{"taxonomy":"post_tag","embeddable":true,"href":"https:\/\/eltrabajo.cl\/portal\/wp-json\/wp\/v2\/tags?post=54140"}],"curies":[{"name":"wp","href":"https:\/\/api.w.org\/{rel}","templated":true}]}}