{"id":54145,"date":"2014-12-15T09:39:13","date_gmt":"2014-12-15T12:39:13","guid":{"rendered":"http:\/\/www.eltrabajo.cl\/portal\/?p=54145"},"modified":"2014-12-15T09:39:13","modified_gmt":"2014-12-15T12:39:13","slug":"entregan-ayuda-social-orasmi-a-familias-sanfelipenas","status":"publish","type":"post","link":"https:\/\/eltrabajo.cl\/portal\/entregan-ayuda-social-orasmi-a-familias-sanfelipenas\/","title":{"rendered":"Entregan ayuda social Orasmi a familias sanfelipe\u00f1as"},"content":{"rendered":"<figure id=\"attachment_54146\" aria-describedby=\"caption-attachment-54146\" style=\"width: 529px\" class=\"wp-caption alignnone\"><a href=\"https:\/\/i0.wp.com\/www.eltrabajo.cl\/portal\/wp-content\/uploads\/2014\/12\/Orasmi1.jpg\"><img data-recalc-dims=\"1\" loading=\"lazy\" decoding=\"async\" class=\"size-full wp-image-54146\" src=\"https:\/\/i0.wp.com\/www.eltrabajo.cl\/portal\/wp-content\/uploads\/2014\/12\/Orasmi1.jpg?resize=529%2C358\" alt=\"Ocho mujeres fueron las beneficiadas en la provincia con un monto de $547.500.000 a repartir.\" width=\"529\" height=\"358\" srcset=\"https:\/\/i0.wp.com\/eltrabajo.cl\/portal\/wp-content\/uploads\/2014\/12\/Orasmi1.jpg?w=529&amp;ssl=1 529w, https:\/\/i0.wp.com\/eltrabajo.cl\/portal\/wp-content\/uploads\/2014\/12\/Orasmi1.jpg?resize=200%2C135&amp;ssl=1 200w, https:\/\/i0.wp.com\/eltrabajo.cl\/portal\/wp-content\/uploads\/2014\/12\/Orasmi1.jpg?resize=300%2C203&amp;ssl=1 300w, https:\/\/i0.wp.com\/eltrabajo.cl\/portal\/wp-content\/uploads\/2014\/12\/Orasmi1.jpg?resize=150%2C101&amp;ssl=1 150w, https:\/\/i0.wp.com\/eltrabajo.cl\/portal\/wp-content\/uploads\/2014\/12\/Orasmi1.jpg?resize=400%2C270&amp;ssl=1 400w\" sizes=\"auto, (max-width: 529px) 100vw, 529px\" \/><\/a><figcaption id=\"caption-attachment-54146\" class=\"wp-caption-text\">Ocho mujeres fueron las beneficiadas en la provincia con un monto de $547.500.000 a repartir.<\/figcaption><\/figure>\n<p>Ocho mujeres fueron las beneficiadas en la provincia con un monto de $547.500.000 a repartir. Las beneficiarias fueron recibidas en el gabinete del Gobernador Eduardo Le\u00f3n, quien junto a la Jefa del Departamento Social, Olga C\u00e1ceres, hicieron entrega de la ayuda social del Programa Orasmi.<br \/>\nLe\u00f3n por su parte y junto con entregar respuestas puntuales a las consultas, expreso que \u00abel esfuerzo del gobierno se est\u00e1 realizando a trav\u00e9s de sus reformas para convertir a Chile en un pa\u00eds m\u00e1s justo y equitativo. Las reformas son para las personas, para beneficiar a familias como ustedes, queremos una educaci\u00f3n de calidad y que entregue las mismas oportunidades a todos los ni\u00f1os, sin distinci\u00f3n, ese es nuestro desaf\u00edo y por eso estamos trabajando\u00bb.<br \/>\nPor su parte, las beneficiarias se mostraron agradecidas por la gesti\u00f3n realizada por la gobernaci\u00f3n, se\u00f1alando que esta ayuda contribuir\u00e1 a mejorar su calidad de vida. As\u00ed Mar\u00eda Rojas de la comuna de San Felipe, expres\u00f3 estar \u00abmuy feliz, me ayuda bastante ya que soy sola, tengo un problema de c\u00e1ncer y necesito costearme algunos ex\u00e1menes que no est\u00e1n en el sistema p\u00fablico y tengo que hacer en forma particular\u00bb. Del mismo modo Sandra Vega, manifest\u00f3 que esta ayuda llega en un momento dif\u00edcil pero oportuno, \u00abme va a servir mucho, mi hijo se va a la universidad as\u00ed que se viene una gran tormenta y esta ayuda es ca\u00edda del cielo, esta ayuda servir\u00e1 para ampliar el rubro el cual hoy me desempe\u00f1o, ampliare mi rubro y me dedicare a los tejidos que es una alternativa al negocio que tengo que es de frutas y verduras\u00bb.<br \/>\nEl Fondo Organizaci\u00f3n Regional de Acci\u00f3n Social del Ministerio del Interior (Orasmi) est\u00e1 destinado al desarrollo de programas de acci\u00f3n social, que reflejen las pol\u00edticas sociales de gobierno en lo que respecta a la atenci\u00f3n transitoria de personas que se encuentran en situaci\u00f3n o condici\u00f3n de vulnerabilidad social.<\/p>\n","protected":false},"excerpt":{"rendered":"<p>Ocho mujeres fueron las beneficiadas en la provincia con un monto de $547.500.000 a repartir. Las beneficiarias fueron recibidas en el gabinete del Gobernador Eduardo Le\u00f3n, quien junto a la Jefa del&#8230;<\/p>\n","protected":false},"author":482,"featured_media":54146,"comment_status":"open","ping_status":"closed","sticky":false,"template":"","format":"standard","meta":{"advanced_seo_description":"","jetpack_seo_html_title":"","jetpack_seo_noindex":false,"_jetpack_memberships_contains_paid_content":false,"footnotes":""},"categories":[15],"tags":[],"class_list":["post-54145","post","type-post","status-publish","format-standard","has-post-thumbnail","hentry","category-comunidad"],"jetpack_featured_media_url":"https:\/\/i0.wp.com\/eltrabajo.cl\/portal\/wp-content\/uploads\/2014\/12\/Orasmi1.jpg?fit=529%2C358&ssl=1","jetpack_sharing_enabled":true,"jetpack_likes_enabled":true,"jetpack-related-posts":[],"_links":{"self":[{"href":"https:\/\/eltrabajo.cl\/portal\/wp-json\/wp\/v2\/posts\/54145","targetHints":{"allow":["GET"]}}],"collection":[{"href":"https:\/\/eltrabajo.cl\/portal\/wp-json\/wp\/v2\/posts"}],"about":[{"href":"https:\/\/eltrabajo.cl\/portal\/wp-json\/wp\/v2\/types\/post"}],"author":[{"embeddable":true,"href":"https:\/\/eltrabajo.cl\/portal\/wp-json\/wp\/v2\/users\/482"}],"replies":[{"embeddable":true,"href":"https:\/\/eltrabajo.cl\/portal\/wp-json\/wp\/v2\/comments?post=54145"}],"version-history":[{"count":0,"href":"https:\/\/eltrabajo.cl\/portal\/wp-json\/wp\/v2\/posts\/54145\/revisions"}],"wp:featuredmedia":[{"embeddable":true,"href":"https:\/\/eltrabajo.cl\/portal\/wp-json\/wp\/v2\/media\/54146"}],"wp:attachment":[{"href":"https:\/\/eltrabajo.cl\/portal\/wp-json\/wp\/v2\/media?parent=54145"}],"wp:term":[{"taxonomy":"category","embeddable":true,"href":"https:\/\/eltrabajo.cl\/portal\/wp-json\/wp\/v2\/categories?post=54145"},{"taxonomy":"post_tag","embeddable":true,"href":"https:\/\/eltrabajo.cl\/portal\/wp-json\/wp\/v2\/tags?post=54145"}],"curies":[{"name":"wp","href":"https:\/\/api.w.org\/{rel}","templated":true}]}}