{"id":54154,"date":"2014-12-15T09:42:04","date_gmt":"2014-12-15T12:42:04","guid":{"rendered":"http:\/\/www.eltrabajo.cl\/portal\/?p=54154"},"modified":"2014-12-15T09:42:04","modified_gmt":"2014-12-15T12:42:04","slug":"denuncian-supuesta-mala-atencion-y-poca-delicadeza-de-medico-de-hospital-san-antonio","status":"publish","type":"post","link":"https:\/\/eltrabajo.cl\/portal\/denuncian-supuesta-mala-atencion-y-poca-delicadeza-de-medico-de-hospital-san-antonio\/","title":{"rendered":"Denuncian supuesta mala atenci\u00f3n y poca delicadeza de m\u00e9dico de Hospital San Antonio"},"content":{"rendered":"<figure id=\"attachment_54155\" aria-describedby=\"caption-attachment-54155\" style=\"width: 300px\" class=\"wp-caption alignleft\"><a href=\"https:\/\/i0.wp.com\/www.eltrabajo.cl\/portal\/wp-content\/uploads\/2014\/12\/Alejandra-Arancibia.jpg\"><img data-recalc-dims=\"1\" loading=\"lazy\" decoding=\"async\" class=\"wp-image-54155 size-medium\" src=\"https:\/\/i0.wp.com\/www.eltrabajo.cl\/portal\/wp-content\/uploads\/2014\/12\/Alejandra-Arancibia-300x203.jpg?resize=300%2C203\" alt=\"Usuaria del hospital putaendino, Alejandra Arancibia Araya, denunci\u00f3 la supuesta mala atenci\u00f3n de un galeno para con su anciana madre.\" width=\"300\" height=\"203\" srcset=\"https:\/\/i0.wp.com\/eltrabajo.cl\/portal\/wp-content\/uploads\/2014\/12\/Alejandra-Arancibia.jpg?resize=300%2C203&amp;ssl=1 300w, https:\/\/i0.wp.com\/eltrabajo.cl\/portal\/wp-content\/uploads\/2014\/12\/Alejandra-Arancibia.jpg?resize=200%2C135&amp;ssl=1 200w, https:\/\/i0.wp.com\/eltrabajo.cl\/portal\/wp-content\/uploads\/2014\/12\/Alejandra-Arancibia.jpg?resize=150%2C101&amp;ssl=1 150w, https:\/\/i0.wp.com\/eltrabajo.cl\/portal\/wp-content\/uploads\/2014\/12\/Alejandra-Arancibia.jpg?resize=400%2C270&amp;ssl=1 400w, https:\/\/i0.wp.com\/eltrabajo.cl\/portal\/wp-content\/uploads\/2014\/12\/Alejandra-Arancibia.jpg?w=529&amp;ssl=1 529w\" sizes=\"auto, (max-width: 300px) 100vw, 300px\" \/><\/a><figcaption id=\"caption-attachment-54155\" class=\"wp-caption-text\">Usuaria del hospital putaendino, Alejandra Arancibia Araya, denunci\u00f3 la supuesta mala atenci\u00f3n de un galeno para con su anciana madre.<\/figcaption><\/figure>\n<p><strong>PUTAENDO<\/strong>.- La usuaria del hospital putaendino, Alejandra Arancibia Araya, denunci\u00f3 p\u00fablicamente como usuaria del Hospital San Antonio de Putaendo, una supuesta mala atenci\u00f3n y poca delicadeza de uno de los m\u00e9dicos del recinto cuando llev\u00f3 a su madre hasta el Servicio de Urgencias.<br \/>\nLa denunciante asegur\u00f3 que su madre, la Sra. Mar\u00eda In\u00e9s Araya, quien en la actualidad tiene 76 a\u00f1os de edad, en el mes de enero de este a\u00f1o se le confirm\u00f3 que padece Celiaqu\u00eda, por lo que comenz\u00f3 a ser tratada en el Hospital San Camilo de San Felipe y tambi\u00e9n en el Cesfam de Putaendo.<br \/>\nEn parte de su relato, Alejandra Arancibia sostuvo que su madre lleg\u00f3 a perder m\u00e1s de 30 kilos y comenzaron a ser habituales los cuadros diarreicos, por lo que en el \u00faltimo tiempo su estado de salud ha deca\u00eddo, a lo que se ha sumado una fuerte depresi\u00f3n producto de esta enfermedad, que incluso la llev\u00f3 a estar hospitalizada en el San Antonio de Putaendo.<br \/>\nVisiblemente molesta, Alejandra Arancibia declar\u00f3 que hace un par de d\u00edas y producto que su madre presentaba un cuadro diarreico agudo que se prolong\u00f3 por varios d\u00edas, la llev\u00f3 hasta el Cesfam de Putaendo, en donde fue muy bien atendida, pero al llegar a su casa su madre se desmay\u00f3, ante lo cual y como pudo la llev\u00f3 hasta el Servicio de Urgencias del Hospital San Antonio, en donde asegura que un m\u00e9dico muy joven, aparentemente en pr\u00e1ctica, atendi\u00f3 muy bien a su madre y le indic\u00f3 que \u00e9l era partidario de hospitalizar a la Sra. Mar\u00eda, pero deb\u00eda consultarlo al Dr. Jos\u00e9 Escalona.<br \/>\nAlejandra Arancibia expres\u00f3 que ah\u00ed comenz\u00f3 el inconveniente, mismo que finalmente la llev\u00f3 a hacer p\u00fablica esta situaci\u00f3n, pues indic\u00f3 que el Dr. Escalona atendi\u00f3 de muy mala manera a su madre, incluso en un tono de molestia y que sin tener ni la m\u00e1s m\u00ednima delicadeza, delante de su madre le se\u00f1al\u00f3: \u00abEsta se\u00f1ora siempre va a tener diarrea, porque es celiaca y no es mucho lo que aqu\u00ed podemos hacer\u00bb, lo que Alejandra Arancibia calific\u00f3 como un desprop\u00f3sito y una falta de respeto, pues hubiese sido mejor que el Dr. Jos\u00e9 Escalona la hubiese llevado al pasillo y ah\u00ed le manifestara su apreciaci\u00f3n y no delante de su madre, que al escuchar el lapidario diagn\u00f3stico del m\u00e9dico, por supuesto se vio afectada emocionalmente.<br \/>\nLa denunciante se\u00f1al\u00f3 que el Dr. Escalona se negaba a hospitalizar a su madre y en un tono que tild\u00f3 como prepotente, le indic\u00f3 que s\u00f3lo se la hospitalizar\u00eda durante 24 horas, porque aparte del Viadil no era mucho el medicamento que le pod\u00eda suministrar.<br \/>\nAnte esta situaci\u00f3n, Alejandra Arancibia declar\u00f3 que incluso le rog\u00f3 al m\u00e9dico que hospitalizara a su madre, lo que finalmente se concret\u00f3, y asegur\u00f3 que el trato recibido por el Dr. Jos\u00e9 Escalona fue denigrante e indic\u00f3 que si el Hospital San Antonio se destac\u00f3 por ser el mejor en atenci\u00f3n y trato al usuario a nivel nacional, lo que ella vivi\u00f3 demuestra todo lo contrario, pues siempre ha destacado la buena atenci\u00f3n del personal administrativo, de los param\u00e9dicos y de todos quienes trabajan en el Hospital San Antonio, pero fue enf\u00e1tica en asegurar que no es primera vez que el Dr. Escalona tiene ese trato con los usuarios.<\/p>\n<p><strong>HAY REPRESALIAS<\/strong><br \/>\nAlejandra Arancibia adem\u00e1s, puntualiz\u00f3 que a eso del mediod\u00eda de este viernes acudi\u00f3 al Hospital San Antonio para interiorizarse del estado de salud de su madre, y en ese momento, seg\u00fan su relato, el Dr. Escalona le pidi\u00f3 ingresar a una peque\u00f1a sala para tener una conversaci\u00f3n privada y el profesional le indic\u00f3 que su madre estaba un poco mejor, le entreg\u00f3 un detallado informe cl\u00ednico y luego le manifest\u00f3 que por haber realizado esta denuncia, la que el Dr. Escalona calific\u00f3 como un desprestigio a su carrera, desde ese momento \u00e9l no atender\u00eda m\u00e1s a su madre y se retir\u00f3 de la peque\u00f1a sala sin entregar mayores detalles.<br \/>\nDiario El Trabajo contact\u00f3 telef\u00f3nicamente a la Directora del Hospital San Antonio, Massiel Bruna, a quien le informamos de esta situaci\u00f3n e incluso v\u00eda correo electr\u00f3nico le enviamos el audio de la denunciante, pero finalmente la profesional sostuvo que no se referir\u00eda a este tema, pues consider\u00f3 que es un tema privado y que no deb\u00eda ser publicado en la prensa.<br \/>\nPatricio Gallardo M.<\/p>\n","protected":false},"excerpt":{"rendered":"<p>PUTAENDO.- La usuaria del hospital putaendino, Alejandra Arancibia Araya, denunci\u00f3 p\u00fablicamente como usuaria del Hospital San Antonio de Putaendo, una supuesta mala atenci\u00f3n y poca delicadeza de uno de los m\u00e9dicos del&#8230;<\/p>\n","protected":false},"author":482,"featured_media":54155,"comment_status":"open","ping_status":"closed","sticky":false,"template":"","format":"standard","meta":{"advanced_seo_description":"","jetpack_seo_html_title":"","jetpack_seo_noindex":false,"_jetpack_memberships_contains_paid_content":false,"footnotes":""},"categories":[15],"tags":[],"class_list":["post-54154","post","type-post","status-publish","format-standard","has-post-thumbnail","hentry","category-comunidad"],"jetpack_featured_media_url":"https:\/\/i0.wp.com\/eltrabajo.cl\/portal\/wp-content\/uploads\/2014\/12\/Alejandra-Arancibia.jpg?fit=529%2C358&ssl=1","jetpack_sharing_enabled":true,"jetpack_likes_enabled":true,"jetpack-related-posts":[],"_links":{"self":[{"href":"https:\/\/eltrabajo.cl\/portal\/wp-json\/wp\/v2\/posts\/54154","targetHints":{"allow":["GET"]}}],"collection":[{"href":"https:\/\/eltrabajo.cl\/portal\/wp-json\/wp\/v2\/posts"}],"about":[{"href":"https:\/\/eltrabajo.cl\/portal\/wp-json\/wp\/v2\/types\/post"}],"author":[{"embeddable":true,"href":"https:\/\/eltrabajo.cl\/portal\/wp-json\/wp\/v2\/users\/482"}],"replies":[{"embeddable":true,"href":"https:\/\/eltrabajo.cl\/portal\/wp-json\/wp\/v2\/comments?post=54154"}],"version-history":[{"count":0,"href":"https:\/\/eltrabajo.cl\/portal\/wp-json\/wp\/v2\/posts\/54154\/revisions"}],"wp:featuredmedia":[{"embeddable":true,"href":"https:\/\/eltrabajo.cl\/portal\/wp-json\/wp\/v2\/media\/54155"}],"wp:attachment":[{"href":"https:\/\/eltrabajo.cl\/portal\/wp-json\/wp\/v2\/media?parent=54154"}],"wp:term":[{"taxonomy":"category","embeddable":true,"href":"https:\/\/eltrabajo.cl\/portal\/wp-json\/wp\/v2\/categories?post=54154"},{"taxonomy":"post_tag","embeddable":true,"href":"https:\/\/eltrabajo.cl\/portal\/wp-json\/wp\/v2\/tags?post=54154"}],"curies":[{"name":"wp","href":"https:\/\/api.w.org\/{rel}","templated":true}]}}