{"id":54164,"date":"2014-12-15T10:01:45","date_gmt":"2014-12-15T13:01:45","guid":{"rendered":"http:\/\/www.eltrabajo.cl\/portal\/?p=54164"},"modified":"2014-12-15T10:01:45","modified_gmt":"2014-12-15T13:01:45","slug":"miles-de-vecinos-disfrutaron-iluminacion-navidena-en-la-plaza-de-armas","status":"publish","type":"post","link":"https:\/\/eltrabajo.cl\/portal\/miles-de-vecinos-disfrutaron-iluminacion-navidena-en-la-plaza-de-armas\/","title":{"rendered":"Miles de vecinos disfrutaron iluminaci\u00f3n navide\u00f1a en la Plaza de Armas"},"content":{"rendered":"<figure id=\"attachment_54165\" aria-describedby=\"caption-attachment-54165\" style=\"width: 529px\" class=\"wp-caption alignnone\"><a href=\"https:\/\/i0.wp.com\/www.eltrabajo.cl\/portal\/wp-content\/uploads\/2014\/12\/Navidad3.jpg\"><img data-recalc-dims=\"1\" loading=\"lazy\" decoding=\"async\" class=\"size-full wp-image-54165\" src=\"https:\/\/i0.wp.com\/www.eltrabajo.cl\/portal\/wp-content\/uploads\/2014\/12\/Navidad3.jpg?resize=529%2C360\" alt=\"En el escenario central adem\u00e1s se presentaron varios grupos de bailes a la espera de la inauguraci\u00f3n, momento que lleg\u00f3 cuando la oscuridad cubr\u00eda la comuna.\" width=\"529\" height=\"360\" srcset=\"https:\/\/i0.wp.com\/eltrabajo.cl\/portal\/wp-content\/uploads\/2014\/12\/Navidad3.jpg?w=529&amp;ssl=1 529w, https:\/\/i0.wp.com\/eltrabajo.cl\/portal\/wp-content\/uploads\/2014\/12\/Navidad3.jpg?resize=200%2C136&amp;ssl=1 200w, https:\/\/i0.wp.com\/eltrabajo.cl\/portal\/wp-content\/uploads\/2014\/12\/Navidad3.jpg?resize=300%2C204&amp;ssl=1 300w, https:\/\/i0.wp.com\/eltrabajo.cl\/portal\/wp-content\/uploads\/2014\/12\/Navidad3.jpg?resize=150%2C102&amp;ssl=1 150w, https:\/\/i0.wp.com\/eltrabajo.cl\/portal\/wp-content\/uploads\/2014\/12\/Navidad3.jpg?resize=400%2C272&amp;ssl=1 400w\" sizes=\"auto, (max-width: 529px) 100vw, 529px\" \/><\/a><figcaption id=\"caption-attachment-54165\" class=\"wp-caption-text\">En el escenario central adem\u00e1s se presentaron varios grupos de bailes a la espera de la inauguraci\u00f3n, momento que lleg\u00f3 cuando la oscuridad cubr\u00eda la comuna.<\/figcaption><\/figure>\n<p>Una fiesta familiar fue la que se vivi\u00f3 el viernes reci\u00e9n pasado, donde los protagonistas fueron los ni\u00f1os de la comuna, cuando la municipalidad inaugur\u00f3 la iluminaci\u00f3n navide\u00f1a en la Plaza de Armas de San Felipe.<br \/>\nAlrededor de 10.000 vecinos, seg\u00fan fuentes municipales, llegaron ese d\u00eda a disfrutar de las distintas actividades que el municipio, a trav\u00e9s del Departamento de Cultura, ten\u00eda preparadas para los m\u00e1s peque\u00f1os de la casa, programa que se comenz\u00f3 a desarrollar desde las 18:00 horas con la intervenci\u00f3n de payasos en distintos sectores de la plaza, juegos inflables, cuenta cuentos y t\u00edteres en la tradicional terraza y la presentaci\u00f3n del grupo musical del Ballet folkl\u00f3rico municipal, que encant\u00f3 a los asistentes con villancicos y las m\u00e1s tradicionales canciones de navidad.<br \/>\nEn el escenario central adem\u00e1s se presentaron varios grupos de bailes a la espera de la inauguraci\u00f3n, momento que lleg\u00f3 cuando la oscuridad cubr\u00eda la comuna. Alrededor de las 21:00 horas las autoridades, encabezadas por el Alcalde Patricio Freire, subieron al escenario y poco a poco se fue iluminando la Plaza de Armas, adem\u00e1s de las calles Prat y Salinas, una sorpresa que ten\u00eda preparada el municipio para los vecinos, la que cont\u00f3 con tecnolog\u00eda led y que gener\u00f3 los aplausos espont\u00e1neos de los vecinos que llegaron de todo el Valle de Aconcagua.<br \/>\nEl \u00e1rbol de navidad, de 12 metros de altura adornado con cintas led de \u00faltima generaci\u00f3n, fue el \u00faltimo en encenderse, encantando a los asistentes y dando inicio de esta forma a las celebraciones de Navidad en la comuna de San Felipe.<br \/>\nEl Alcalde Patricio Freire destac\u00f3 la actividad, se\u00f1alando que el objetivo del municipio era entregar esta fiesta a la comunidad y este a\u00f1o pensando especialmente en los m\u00e1s peque\u00f1os de la casa y dar as\u00ed inicio a las celebraciones de navidad.<br \/>\n\u00abEstamos muy contentos todos los sanfelipe\u00f1os, todos los vecinos de esta hermosa tierra de Aconcagua. Estamos empezando a celebrar nuestra Navidad a\u00f1o 2014 y creo que este a\u00f1o fue muy especial para San Felipe, nos ganamos grandes proyectos, estamos construyendo una ciudad distinta y queremos que San Felipe sea una comuna de vecinos y vecinas felices. San Felipe est\u00e1 creciendo y estamos llegando a todos los sectores de la comuna con distintas iniciativas para darle prosperidad a todos los habitantes de nuestra querida ciudad de San Felipe\u00bb, se\u00f1al\u00f3 la autoridad comunal.<\/p>\n<div class=\"tiled-gallery type-rectangular tiled-gallery-unresized\" data-original-width=\"640\" data-carousel-extra='null' itemscope itemtype=\"http:\/\/schema.org\/ImageGallery\" > <div class=\"gallery-row\" style=\"width: 640px; height: 314px;\" data-original-width=\"640\" data-original-height=\"314\" > <div class=\"gallery-group images-1\" style=\"width: 412px; height: 314px;\" data-original-width=\"412\" data-original-height=\"314\" > <div class=\"tiled-gallery-item tiled-gallery-item-large\" itemprop=\"associatedMedia\" itemscope itemtype=\"http:\/\/schema.org\/ImageObject\"> <a href=\"https:\/\/eltrabajo.cl\/portal\/miles-de-vecinos-disfrutaron-iluminacion-navidena-en-la-plaza-de-armas\/navidad4\/\" border=\"0\" itemprop=\"url\"> <meta itemprop=\"width\" content=\"408\"> <meta itemprop=\"height\" content=\"310\"> <img decoding=\"async\" class=\"\" data-attachment-id=\"54168\" data-orig-file=\"https:\/\/eltrabajo.cl\/portal\/wp-content\/uploads\/2014\/12\/Navidad4.jpg\" data-orig-size=\"528,401\" data-comments-opened=\"1\" data-image-meta=\"{&quot;aperture&quot;:&quot;0&quot;,&quot;credit&quot;:&quot;&quot;,&quot;camera&quot;:&quot;&quot;,&quot;caption&quot;:&quot;&quot;,&quot;created_timestamp&quot;:&quot;0&quot;,&quot;copyright&quot;:&quot;&quot;,&quot;focal_length&quot;:&quot;0&quot;,&quot;iso&quot;:&quot;0&quot;,&quot;shutter_speed&quot;:&quot;0&quot;,&quot;title&quot;:&quot;&quot;,&quot;orientation&quot;:&quot;0&quot;}\" data-image-title=\"Navidad4\" data-image-description=\"&lt;p&gt;Alrededor de 10.000 vecinos llegaron ese d\u00eda a disfrutar de las distintas actividades que el municipio, a trav\u00e9s del Departamento de Cultura ten\u00eda preparadas para los m\u00e1s peque\u00f1os de la casa.&lt;\/p&gt; \" data-medium-file=\"https:\/\/i0.wp.com\/eltrabajo.cl\/portal\/wp-content\/uploads\/2014\/12\/Navidad4.jpg?fit=300%2C227&#038;ssl=1\" data-large-file=\"https:\/\/i0.wp.com\/eltrabajo.cl\/portal\/wp-content\/uploads\/2014\/12\/Navidad4.jpg?fit=528%2C401&#038;ssl=1\" src=\"https:\/\/i0.wp.com\/eltrabajo.cl\/portal\/wp-content\/uploads\/2014\/12\/Navidad4.jpg?w=408&#038;h=310&#038;ssl=1\" srcset=\"https:\/\/i0.wp.com\/eltrabajo.cl\/portal\/wp-content\/uploads\/2014\/12\/Navidad4.jpg?w=528&amp;ssl=1 528w, https:\/\/i0.wp.com\/eltrabajo.cl\/portal\/wp-content\/uploads\/2014\/12\/Navidad4.jpg?resize=197%2C150&amp;ssl=1 197w, https:\/\/i0.wp.com\/eltrabajo.cl\/portal\/wp-content\/uploads\/2014\/12\/Navidad4.jpg?resize=300%2C227&amp;ssl=1 300w, https:\/\/i0.wp.com\/eltrabajo.cl\/portal\/wp-content\/uploads\/2014\/12\/Navidad4.jpg?resize=150%2C113&amp;ssl=1 150w, https:\/\/i0.wp.com\/eltrabajo.cl\/portal\/wp-content\/uploads\/2014\/12\/Navidad4.jpg?resize=400%2C303&amp;ssl=1 400w\" width=\"408\" height=\"310\" loading=\"lazy\" data-original-width=\"408\" data-original-height=\"310\" itemprop=\"http:\/\/schema.org\/image\" title=\"Navidad4\" alt=\"Alrededor de 10.000 vecinos llegaron ese d\u00eda a disfrutar de las distintas actividades que el municipio, a trav\u00e9s del Departamento de Cultura ten\u00eda preparadas para los m\u00e1s peque\u00f1os de la casa.\" style=\"width: 408px; height: 310px;\" \/> <\/a> <div class=\"tiled-gallery-caption\" itemprop=\"caption description\"> Alrededor de 10.000 vecinos llegaron ese d\u00eda a disfrutar de las distintas actividades que el municipio, a trav\u00e9s del Departamento de Cultura ten\u00eda preparadas para los m\u00e1s peque\u00f1os de la casa. <\/div> <\/div> <\/div> <!-- close group --> <div class=\"gallery-group images-2\" style=\"width: 228px; height: 314px;\" data-original-width=\"228\" data-original-height=\"314\" > <div class=\"tiled-gallery-item tiled-gallery-item-small\" itemprop=\"associatedMedia\" itemscope itemtype=\"http:\/\/schema.org\/ImageObject\"> <a href=\"https:\/\/eltrabajo.cl\/portal\/miles-de-vecinos-disfrutaron-iluminacion-navidena-en-la-plaza-de-armas\/navidad1-5\/\" border=\"0\" itemprop=\"url\"> <meta itemprop=\"width\" content=\"224\"> <meta itemprop=\"height\" content=\"153\"> <img decoding=\"async\" class=\"\" data-attachment-id=\"54166\" data-orig-file=\"https:\/\/eltrabajo.cl\/portal\/wp-content\/uploads\/2014\/12\/Navidad11.jpg\" data-orig-size=\"528,360\" data-comments-opened=\"1\" data-image-meta=\"{&quot;aperture&quot;:&quot;0&quot;,&quot;credit&quot;:&quot;&quot;,&quot;camera&quot;:&quot;&quot;,&quot;caption&quot;:&quot;&quot;,&quot;created_timestamp&quot;:&quot;0&quot;,&quot;copyright&quot;:&quot;&quot;,&quot;focal_length&quot;:&quot;0&quot;,&quot;iso&quot;:&quot;0&quot;,&quot;shutter_speed&quot;:&quot;0&quot;,&quot;title&quot;:&quot;&quot;,&quot;orientation&quot;:&quot;0&quot;}\" data-image-title=\"Navidad1\" data-image-description=\"&lt;p&gt;Una fiesta familiar fue la que se vivi\u00f3 el viernes reci\u00e9n pasado, donde los protagonistas fueron los ni\u00f1os de la comuna, cuando la municipalidad inaugur\u00f3 la iluminaci\u00f3n navide\u00f1a en la Plaza de Armas de San Felipe.&lt;\/p&gt; \" data-medium-file=\"https:\/\/i0.wp.com\/eltrabajo.cl\/portal\/wp-content\/uploads\/2014\/12\/Navidad11.jpg?fit=300%2C204&#038;ssl=1\" data-large-file=\"https:\/\/i0.wp.com\/eltrabajo.cl\/portal\/wp-content\/uploads\/2014\/12\/Navidad11.jpg?fit=528%2C360&#038;ssl=1\" src=\"https:\/\/i0.wp.com\/eltrabajo.cl\/portal\/wp-content\/uploads\/2014\/12\/Navidad11.jpg?w=224&#038;h=153&#038;ssl=1\" srcset=\"https:\/\/i0.wp.com\/eltrabajo.cl\/portal\/wp-content\/uploads\/2014\/12\/Navidad11.jpg?w=528&amp;ssl=1 528w, https:\/\/i0.wp.com\/eltrabajo.cl\/portal\/wp-content\/uploads\/2014\/12\/Navidad11.jpg?resize=200%2C136&amp;ssl=1 200w, https:\/\/i0.wp.com\/eltrabajo.cl\/portal\/wp-content\/uploads\/2014\/12\/Navidad11.jpg?resize=300%2C204&amp;ssl=1 300w, https:\/\/i0.wp.com\/eltrabajo.cl\/portal\/wp-content\/uploads\/2014\/12\/Navidad11.jpg?resize=150%2C102&amp;ssl=1 150w, https:\/\/i0.wp.com\/eltrabajo.cl\/portal\/wp-content\/uploads\/2014\/12\/Navidad11.jpg?resize=400%2C272&amp;ssl=1 400w\" width=\"224\" height=\"153\" loading=\"lazy\" data-original-width=\"224\" data-original-height=\"153\" itemprop=\"http:\/\/schema.org\/image\" title=\"Navidad1\" alt=\"Una fiesta familiar fue la que se vivi\u00f3 el viernes reci\u00e9n pasado, donde los protagonistas fueron los ni\u00f1os de la comuna, cuando la municipalidad inaugur\u00f3 la iluminaci\u00f3n navide\u00f1a en la Plaza de Armas de San Felipe.\" style=\"width: 224px; height: 153px;\" \/> <\/a> <div class=\"tiled-gallery-caption\" itemprop=\"caption description\"> Una fiesta familiar fue la que se vivi\u00f3 el viernes reci\u00e9n pasado, donde los protagonistas fueron los ni\u00f1os de la comuna, cuando la municipalidad inaugur\u00f3 la iluminaci\u00f3n navide\u00f1a en la Plaza de Armas de San Felipe. <\/div> <\/div> <div class=\"tiled-gallery-item tiled-gallery-item-small\" itemprop=\"associatedMedia\" itemscope itemtype=\"http:\/\/schema.org\/ImageObject\"> <a href=\"https:\/\/eltrabajo.cl\/portal\/miles-de-vecinos-disfrutaron-iluminacion-navidena-en-la-plaza-de-armas\/navidad2\/\" border=\"0\" itemprop=\"url\"> <meta itemprop=\"width\" content=\"224\"> <meta itemprop=\"height\" content=\"153\"> <img decoding=\"async\" class=\"\" data-attachment-id=\"54167\" data-orig-file=\"https:\/\/eltrabajo.cl\/portal\/wp-content\/uploads\/2014\/12\/Navidad2.jpg\" data-orig-size=\"528,360\" data-comments-opened=\"1\" data-image-meta=\"{&quot;aperture&quot;:&quot;0&quot;,&quot;credit&quot;:&quot;&quot;,&quot;camera&quot;:&quot;&quot;,&quot;caption&quot;:&quot;&quot;,&quot;created_timestamp&quot;:&quot;0&quot;,&quot;copyright&quot;:&quot;&quot;,&quot;focal_length&quot;:&quot;0&quot;,&quot;iso&quot;:&quot;0&quot;,&quot;shutter_speed&quot;:&quot;0&quot;,&quot;title&quot;:&quot;&quot;,&quot;orientation&quot;:&quot;0&quot;}\" data-image-title=\"Navidad2\" data-image-description=\"&lt;p&gt;Alrededor de las 21:00 horas poco a poco se fue iluminando la Plaza de Armas, adem\u00e1s de las calles Prat y Salinas.&lt;\/p&gt; \" data-medium-file=\"https:\/\/i0.wp.com\/eltrabajo.cl\/portal\/wp-content\/uploads\/2014\/12\/Navidad2.jpg?fit=300%2C204&#038;ssl=1\" data-large-file=\"https:\/\/i0.wp.com\/eltrabajo.cl\/portal\/wp-content\/uploads\/2014\/12\/Navidad2.jpg?fit=528%2C360&#038;ssl=1\" src=\"https:\/\/i0.wp.com\/eltrabajo.cl\/portal\/wp-content\/uploads\/2014\/12\/Navidad2.jpg?w=224&#038;h=153&#038;ssl=1\" srcset=\"https:\/\/i0.wp.com\/eltrabajo.cl\/portal\/wp-content\/uploads\/2014\/12\/Navidad2.jpg?w=528&amp;ssl=1 528w, https:\/\/i0.wp.com\/eltrabajo.cl\/portal\/wp-content\/uploads\/2014\/12\/Navidad2.jpg?resize=200%2C136&amp;ssl=1 200w, https:\/\/i0.wp.com\/eltrabajo.cl\/portal\/wp-content\/uploads\/2014\/12\/Navidad2.jpg?resize=300%2C204&amp;ssl=1 300w, https:\/\/i0.wp.com\/eltrabajo.cl\/portal\/wp-content\/uploads\/2014\/12\/Navidad2.jpg?resize=150%2C102&amp;ssl=1 150w, https:\/\/i0.wp.com\/eltrabajo.cl\/portal\/wp-content\/uploads\/2014\/12\/Navidad2.jpg?resize=400%2C272&amp;ssl=1 400w\" width=\"224\" height=\"153\" loading=\"lazy\" data-original-width=\"224\" data-original-height=\"153\" itemprop=\"http:\/\/schema.org\/image\" title=\"Navidad2\" alt=\"Alrededor de las 21:00 horas poco a poco se fue iluminando la Plaza de Armas, adem\u00e1s de las calles Prat y Salinas.\" style=\"width: 224px; height: 153px;\" \/> <\/a> <div class=\"tiled-gallery-caption\" itemprop=\"caption description\"> Alrededor de las 21:00 horas poco a poco se fue iluminando la Plaza de Armas, adem\u00e1s de las calles Prat y Salinas. <\/div> <\/div> <\/div> <!-- close group --> <\/div> <!-- close row --> <\/div>\n","protected":false},"excerpt":{"rendered":"<p>Una fiesta familiar fue la que se vivi\u00f3 el viernes reci\u00e9n pasado, donde los protagonistas fueron los ni\u00f1os de la comuna, cuando la municipalidad inaugur\u00f3 la iluminaci\u00f3n navide\u00f1a en la Plaza de&#8230;<\/p>\n","protected":false},"author":482,"featured_media":54165,"comment_status":"open","ping_status":"closed","sticky":false,"template":"","format":"standard","meta":{"advanced_seo_description":"","jetpack_seo_html_title":"","jetpack_seo_noindex":false,"_jetpack_memberships_contains_paid_content":false,"footnotes":""},"categories":[15],"tags":[],"class_list":["post-54164","post","type-post","status-publish","format-standard","has-post-thumbnail","hentry","category-comunidad"],"jetpack_featured_media_url":"https:\/\/i0.wp.com\/eltrabajo.cl\/portal\/wp-content\/uploads\/2014\/12\/Navidad3.jpg?fit=529%2C360&ssl=1","jetpack_sharing_enabled":true,"jetpack_likes_enabled":true,"jetpack-related-posts":[],"_links":{"self":[{"href":"https:\/\/eltrabajo.cl\/portal\/wp-json\/wp\/v2\/posts\/54164","targetHints":{"allow":["GET"]}}],"collection":[{"href":"https:\/\/eltrabajo.cl\/portal\/wp-json\/wp\/v2\/posts"}],"about":[{"href":"https:\/\/eltrabajo.cl\/portal\/wp-json\/wp\/v2\/types\/post"}],"author":[{"embeddable":true,"href":"https:\/\/eltrabajo.cl\/portal\/wp-json\/wp\/v2\/users\/482"}],"replies":[{"embeddable":true,"href":"https:\/\/eltrabajo.cl\/portal\/wp-json\/wp\/v2\/comments?post=54164"}],"version-history":[{"count":0,"href":"https:\/\/eltrabajo.cl\/portal\/wp-json\/wp\/v2\/posts\/54164\/revisions"}],"wp:featuredmedia":[{"embeddable":true,"href":"https:\/\/eltrabajo.cl\/portal\/wp-json\/wp\/v2\/media\/54165"}],"wp:attachment":[{"href":"https:\/\/eltrabajo.cl\/portal\/wp-json\/wp\/v2\/media?parent=54164"}],"wp:term":[{"taxonomy":"category","embeddable":true,"href":"https:\/\/eltrabajo.cl\/portal\/wp-json\/wp\/v2\/categories?post=54164"},{"taxonomy":"post_tag","embeddable":true,"href":"https:\/\/eltrabajo.cl\/portal\/wp-json\/wp\/v2\/tags?post=54164"}],"curies":[{"name":"wp","href":"https:\/\/api.w.org\/{rel}","templated":true}]}}