{"id":54186,"date":"2014-12-16T09:27:42","date_gmt":"2014-12-16T12:27:42","guid":{"rendered":"http:\/\/www.eltrabajo.cl\/portal\/?p=54186"},"modified":"2014-12-16T09:27:42","modified_gmt":"2014-12-16T12:27:42","slug":"hoy-realizan-dialogo-regional-por-la-infancia-y-adolescencia-en-san-felipe","status":"publish","type":"post","link":"https:\/\/eltrabajo.cl\/portal\/hoy-realizan-dialogo-regional-por-la-infancia-y-adolescencia-en-san-felipe\/","title":{"rendered":"Hoy realizan Di\u00e1logo Regional por la Infancia y Adolescencia en San Felipe"},"content":{"rendered":"<figure id=\"attachment_54187\" aria-describedby=\"caption-attachment-54187\" style=\"width: 400px\" class=\"wp-caption alignleft\"><a href=\"https:\/\/i0.wp.com\/www.eltrabajo.cl\/portal\/wp-content\/uploads\/2014\/12\/Jovenes1.jpg\"><img data-recalc-dims=\"1\" loading=\"lazy\" decoding=\"async\" class=\"wp-image-54187\" src=\"https:\/\/i0.wp.com\/www.eltrabajo.cl\/portal\/wp-content\/uploads\/2014\/12\/Jovenes1.jpg?resize=400%2C271\" alt=\"Hoy martes 16 de diciembre se desarrolla el segundo Di\u00e1logo Regional por la Infancia y Adolescencia. (Referencial)\" width=\"400\" height=\"271\" srcset=\"https:\/\/i0.wp.com\/eltrabajo.cl\/portal\/wp-content\/uploads\/2014\/12\/Jovenes1.jpg?w=529&amp;ssl=1 529w, https:\/\/i0.wp.com\/eltrabajo.cl\/portal\/wp-content\/uploads\/2014\/12\/Jovenes1.jpg?resize=200%2C135&amp;ssl=1 200w, https:\/\/i0.wp.com\/eltrabajo.cl\/portal\/wp-content\/uploads\/2014\/12\/Jovenes1.jpg?resize=300%2C203&amp;ssl=1 300w, https:\/\/i0.wp.com\/eltrabajo.cl\/portal\/wp-content\/uploads\/2014\/12\/Jovenes1.jpg?resize=150%2C101&amp;ssl=1 150w, https:\/\/i0.wp.com\/eltrabajo.cl\/portal\/wp-content\/uploads\/2014\/12\/Jovenes1.jpg?resize=400%2C270&amp;ssl=1 400w\" sizes=\"auto, (max-width: 400px) 100vw, 400px\" \/><\/a><figcaption id=\"caption-attachment-54187\" class=\"wp-caption-text\">Hoy martes 16 de diciembre se desarrolla el segundo Di\u00e1logo Regional por la Infancia y Adolescencia. (Referencial)<\/figcaption><\/figure>\n<p>Hoy martes 16 de diciembre se desarrolla el segundo Di\u00e1logo Regional por la Infancia y Adolescencia, que el Consejo Nacional de la Infancia est\u00e1 realizando a lo largo de todo el pa\u00eds en alianza con PNUD, con el objetivo de recoger diversas opiniones desde la ciudadan\u00eda que ser\u00e1n consideradas en la construcci\u00f3n de la nueva Ley y Pol\u00edtica de Garant\u00edas Universales de Derechos de la Ni\u00f1ez y Adolescencia.<br \/>\nEn total ser\u00e1n 18 di\u00e1logos, y San Felipe se suma a los que ya se han realizado en Arica, Copiap\u00f3, Iquique, Valpara\u00edso, Antofagasta y Punta Arenas. El encuentro se realizar\u00e1 en el Liceo Corino Urbina Villanueva, en Bernardo Cruz 1213, San Felipe, desde las 10:00 a las 17:30 horas. La invitaci\u00f3n es para que todos aquellos que quieran participar en la construcci\u00f3n de la nueva ley y pol\u00edtica, se inscriban para el encuentro en San Felipe, a trav\u00e9s del sitio dialogos.consejoinfancia.gob.cl o v\u00eda mail al correo participa@consejoinfancia.gob.cl.<br \/>\nLos di\u00e1logos regionales no son la \u00fanica alternativa que el Consejo Nacional de la Infancia ha dispuesto para la participaci\u00f3n ciudadana, ya que tambi\u00e9n pueden participar contestando una encuesta online, actualmente disponible en el sitio Web del Consejo, diferenciada para ni\u00f1os, adolescentes y adultos. Adem\u00e1s, se realizar\u00e1n encuentros con Redes de Infancia Regionales, organizados por la sociedad civil; talleres con acad\u00e9micos, alcaldes y equipos municipales; y en marzo de 2015, se realizar\u00e1 una consulta nacional a ni\u00f1os, ni\u00f1as y adolescentes en establecimientos educacionales.<\/p>\n","protected":false},"excerpt":{"rendered":"<p>Hoy martes 16 de diciembre se desarrolla el segundo Di\u00e1logo Regional por la Infancia y Adolescencia, que el Consejo Nacional de la Infancia est\u00e1 realizando a lo largo de todo el pa\u00eds&#8230;<\/p>\n","protected":false},"author":482,"featured_media":54187,"comment_status":"open","ping_status":"closed","sticky":false,"template":"","format":"standard","meta":{"advanced_seo_description":"","jetpack_seo_html_title":"","jetpack_seo_noindex":false,"_jetpack_memberships_contains_paid_content":false,"footnotes":""},"categories":[15],"tags":[],"class_list":["post-54186","post","type-post","status-publish","format-standard","has-post-thumbnail","hentry","category-comunidad"],"jetpack_featured_media_url":"https:\/\/i0.wp.com\/eltrabajo.cl\/portal\/wp-content\/uploads\/2014\/12\/Jovenes1.jpg?fit=529%2C358&ssl=1","jetpack_sharing_enabled":true,"jetpack_likes_enabled":true,"jetpack-related-posts":[],"_links":{"self":[{"href":"https:\/\/eltrabajo.cl\/portal\/wp-json\/wp\/v2\/posts\/54186","targetHints":{"allow":["GET"]}}],"collection":[{"href":"https:\/\/eltrabajo.cl\/portal\/wp-json\/wp\/v2\/posts"}],"about":[{"href":"https:\/\/eltrabajo.cl\/portal\/wp-json\/wp\/v2\/types\/post"}],"author":[{"embeddable":true,"href":"https:\/\/eltrabajo.cl\/portal\/wp-json\/wp\/v2\/users\/482"}],"replies":[{"embeddable":true,"href":"https:\/\/eltrabajo.cl\/portal\/wp-json\/wp\/v2\/comments?post=54186"}],"version-history":[{"count":0,"href":"https:\/\/eltrabajo.cl\/portal\/wp-json\/wp\/v2\/posts\/54186\/revisions"}],"wp:featuredmedia":[{"embeddable":true,"href":"https:\/\/eltrabajo.cl\/portal\/wp-json\/wp\/v2\/media\/54187"}],"wp:attachment":[{"href":"https:\/\/eltrabajo.cl\/portal\/wp-json\/wp\/v2\/media?parent=54186"}],"wp:term":[{"taxonomy":"category","embeddable":true,"href":"https:\/\/eltrabajo.cl\/portal\/wp-json\/wp\/v2\/categories?post=54186"},{"taxonomy":"post_tag","embeddable":true,"href":"https:\/\/eltrabajo.cl\/portal\/wp-json\/wp\/v2\/tags?post=54186"}],"curies":[{"name":"wp","href":"https:\/\/api.w.org\/{rel}","templated":true}]}}