{"id":54189,"date":"2014-12-16T09:29:50","date_gmt":"2014-12-16T12:29:50","guid":{"rendered":"http:\/\/www.eltrabajo.cl\/portal\/?p=54189"},"modified":"2014-12-16T09:29:50","modified_gmt":"2014-12-16T12:29:50","slug":"canto-del-carrizo-cuenta-con-moderna-planta-procesadora-de-frutos-secos","status":"publish","type":"post","link":"https:\/\/eltrabajo.cl\/portal\/canto-del-carrizo-cuenta-con-moderna-planta-procesadora-de-frutos-secos\/","title":{"rendered":"Canto del Carrizo cuenta con moderna planta procesadora de frutos secos"},"content":{"rendered":"<figure id=\"attachment_54190\" aria-describedby=\"caption-attachment-54190\" style=\"width: 528px\" class=\"wp-caption alignnone\"><a href=\"https:\/\/i0.wp.com\/www.eltrabajo.cl\/portal\/wp-content\/uploads\/2014\/12\/Cinta1.jpg\"><img data-recalc-dims=\"1\" loading=\"lazy\" decoding=\"async\" class=\"size-full wp-image-54190\" src=\"https:\/\/i0.wp.com\/www.eltrabajo.cl\/portal\/wp-content\/uploads\/2014\/12\/Cinta1.jpg?resize=528%2C284\" alt=\"El proyecto Canto del Carrizo corresponde a una sala multifuncional que cumple con todas las normas que exige el Servicio de Salud.\" width=\"528\" height=\"284\" srcset=\"https:\/\/i0.wp.com\/eltrabajo.cl\/portal\/wp-content\/uploads\/2014\/12\/Cinta1.jpg?w=528&amp;ssl=1 528w, https:\/\/i0.wp.com\/eltrabajo.cl\/portal\/wp-content\/uploads\/2014\/12\/Cinta1.jpg?resize=200%2C107&amp;ssl=1 200w, https:\/\/i0.wp.com\/eltrabajo.cl\/portal\/wp-content\/uploads\/2014\/12\/Cinta1.jpg?resize=300%2C161&amp;ssl=1 300w, https:\/\/i0.wp.com\/eltrabajo.cl\/portal\/wp-content\/uploads\/2014\/12\/Cinta1.jpg?resize=150%2C80&amp;ssl=1 150w, https:\/\/i0.wp.com\/eltrabajo.cl\/portal\/wp-content\/uploads\/2014\/12\/Cinta1.jpg?resize=400%2C215&amp;ssl=1 400w\" sizes=\"auto, (max-width: 528px) 100vw, 528px\" \/><\/a><figcaption id=\"caption-attachment-54190\" class=\"wp-caption-text\">El proyecto Canto del Carrizo corresponde a una sala multifuncional que cumple con todas las normas que exige el Servicio de Salud.<\/figcaption><\/figure>\n<p><strong>SAN ESTEBAN<\/strong>.- El trabajo, la perseverancia y el esfuerzo, han sido las claves para el \u00e9xito del emprendimiento familiar Canto del carrizo, que se dedica a la producci\u00f3n de frutos secos en la comuna de San Esteban y que ahora les permite contar con la m\u00e1s grande y moderna sala de alimentos procesados del pa\u00eds, entre los peque\u00f1os productores Indap.<br \/>\nSe trata de Mar\u00eda Teresa Pineda y su esposo Daniel Canto, quienes hace cinco a\u00f1os ingresaron al Programa de Desarrollo Local, Prodesal de Indap y comenzaron t\u00edmidamente con la producci\u00f3n de gran parte de su materia prima, nueces y almendras que envasaban artesanalmente. Actualmente tambi\u00e9n tienen otros productos gourmet, entre los que destacan las nueces confitadas; almendras con merk\u00e9n; man\u00ed acaramelado; man\u00ed con ciboulette; pistachos y charqui entre otros.<br \/>\nA la ceremonia de inauguraci\u00f3n de este proyecto asisti\u00f3 el Director Nacional de Indap, Octavio Sotomayor, quien sostuvo que \u201cpara m\u00ed, ellos son un ejemplo de emprendimiento que demuestra que los sue\u00f1os se pueden cumplir cuando la gente le pone fuerza a lo que est\u00e1 haciendo. Esto tambi\u00e9n es una satisfacci\u00f3n para Indap, porque se involucr\u00f3 en este proyecto que es un ejemplo y referencia para los otros agricultores de la regi\u00f3n y del pa\u00eds\u201d.<br \/>\nEl proyecto corresponde a una sala multifuncional que cumple con todas las normas que exige el Servicio de Salud: cuenta con bodega de materias primas; sala sucia donde se seleccionan los productos; cocina donde se procesa el alimento; sala de envasado y una bodega de producto terminado, adem\u00e1s de ba\u00f1os, oficina y comedores para el personal. Tiene aproximadamente 150 metros cuadrados de construcci\u00f3n y cerca de $20 millones de inversi\u00f3n, con un aporte de Indap superior al 30% de los recursos.<\/p>\n","protected":false},"excerpt":{"rendered":"<p>SAN ESTEBAN.- El trabajo, la perseverancia y el esfuerzo, han sido las claves para el \u00e9xito del emprendimiento familiar Canto del carrizo, que se dedica a la producci\u00f3n de frutos secos en&#8230;<\/p>\n","protected":false},"author":482,"featured_media":54190,"comment_status":"open","ping_status":"closed","sticky":false,"template":"","format":"standard","meta":{"advanced_seo_description":"","jetpack_seo_html_title":"","jetpack_seo_noindex":false,"_jetpack_memberships_contains_paid_content":false,"footnotes":""},"categories":[15],"tags":[],"class_list":["post-54189","post","type-post","status-publish","format-standard","has-post-thumbnail","hentry","category-comunidad"],"jetpack_featured_media_url":"https:\/\/i0.wp.com\/eltrabajo.cl\/portal\/wp-content\/uploads\/2014\/12\/Cinta1.jpg?fit=528%2C284&ssl=1","jetpack_sharing_enabled":true,"jetpack_likes_enabled":true,"jetpack-related-posts":[],"_links":{"self":[{"href":"https:\/\/eltrabajo.cl\/portal\/wp-json\/wp\/v2\/posts\/54189","targetHints":{"allow":["GET"]}}],"collection":[{"href":"https:\/\/eltrabajo.cl\/portal\/wp-json\/wp\/v2\/posts"}],"about":[{"href":"https:\/\/eltrabajo.cl\/portal\/wp-json\/wp\/v2\/types\/post"}],"author":[{"embeddable":true,"href":"https:\/\/eltrabajo.cl\/portal\/wp-json\/wp\/v2\/users\/482"}],"replies":[{"embeddable":true,"href":"https:\/\/eltrabajo.cl\/portal\/wp-json\/wp\/v2\/comments?post=54189"}],"version-history":[{"count":0,"href":"https:\/\/eltrabajo.cl\/portal\/wp-json\/wp\/v2\/posts\/54189\/revisions"}],"wp:featuredmedia":[{"embeddable":true,"href":"https:\/\/eltrabajo.cl\/portal\/wp-json\/wp\/v2\/media\/54190"}],"wp:attachment":[{"href":"https:\/\/eltrabajo.cl\/portal\/wp-json\/wp\/v2\/media?parent=54189"}],"wp:term":[{"taxonomy":"category","embeddable":true,"href":"https:\/\/eltrabajo.cl\/portal\/wp-json\/wp\/v2\/categories?post=54189"},{"taxonomy":"post_tag","embeddable":true,"href":"https:\/\/eltrabajo.cl\/portal\/wp-json\/wp\/v2\/tags?post=54189"}],"curies":[{"name":"wp","href":"https:\/\/api.w.org\/{rel}","templated":true}]}}